{"id":23014,"date":"2026-03-13T10:11:08","date_gmt":"2026-03-13T10:11:08","guid":{"rendered":"https:\/\/www.europesays.com\/cz\/23014\/"},"modified":"2026-03-13T10:11:08","modified_gmt":"2026-03-13T10:11:08","slug":"alice-bendova-a-reklamace-nemovitosti-po-15-letech","status":"publish","type":"post","link":"https:\/\/www.europesays.com\/cz\/23014\/","title":{"rendered":"Alice Bendov\u00e1 a reklamace nemovitosti po 15 letech"},"content":{"rendered":"<p class=\"b_br\">M\u00edsto klidn\u00e9ho domova no\u010dn\u00ed m\u016fra. D\u016fm, kter\u00fd si <a data-dot=\"atm-link\" target=\"_blank\" href=\"https:\/\/www.prozeny.cz\/clanek\/zdravi-a-zivotni-styl-zaujalo-nas-alice-bendova-zhubla-20-kilo-a-vypada-uzasne-fotky-pred-a-po-mluvi-za-vse-102347\" class=\"b_g\" rel=\"nofollow noopener\">Alice Bendov\u00e1<\/a> s\u00a0partnerem p\u0159ed patn\u00e1cti lety po\u0159\u00eddili za necel\u00fdch sedm milion\u016f, se rozpad\u00e1. \u201eZa\u010dalo to mal\u00fdmi prasklinkami, ale postupem \u010dasu byly tak velk\u00e9, \u017ee u\u017e to ne\u0161lo p\u0159ehl\u00ed\u017eet,\u201c popsala. Dosp\u011blo to do bodu, kdy statik doporu\u010dil vyst\u011bhov\u00e1n\u00ed. V\u00a0lo\u017enici jsou praskliny tak velk\u00e9, \u017ee je jimi vid\u011bt do sousedn\u00ed m\u00edstnosti. P\u0159\u00ed\u010dina nen\u00ed podle odborn\u00e9ho posouzen\u00ed jasn\u00e1, ale podle Alice Bendov\u00e9 se ukazuje, \u017ee d\u016fm m\u011bl \u201ezakamuflovan\u00e9 probl\u00e9my\u201c\u00a0\u2013 chyb\u00ed mu izolace a\u00a0\u0161et\u0159ilo se i\u00a0na z\u00e1kladech.<\/p>\n<p>Krom\u011b st\u011bhov\u00e1n\u00ed i\u00a0podvodn\u00edci<\/p>\n<p class=\"b_br\">U\u017e samotn\u00e9 rychl\u00e9 st\u011bhov\u00e1n\u00ed je n\u00e1ro\u010dn\u00e9, te\u010f do n\u011bj vpadli je\u0161t\u011b podvodn\u00edci, kte\u0159\u00ed cht\u011bj\u00ed zneu\u017e\u00edt toho, \u017ee je here\u010dka nucen\u00e1 rozprod\u00e1vat i\u00a0vybaven\u00ed domu. Jej\u00edm jm\u00e9nem ho nab\u00edzej\u00ed lidem za v\u00fdhodn\u00e9 ceny\u00a0\u2013 oklaman\u00ed lid\u00e9 samoz\u0159ejm\u011b nedostanou nic a\u00a0oni si nechaj\u00ed pen\u00edze. Alice Bendov\u00e1 d\u016frazn\u011b varuje p\u0159ed fale\u0161n\u00fdmi profily a\u00a0nab\u00eddkami. Tak\u00e9 uvedla, \u017ee v\u00fdt\u011b\u017eek rozd\u011bl\u00ed mezi dva \u00fatulky pro ko\u010dky. <\/p>\n<p>M\u00e1 here\u010dka \u0161anci na od\u0161kodn\u011bn\u00ed?<\/p>\n<p class=\"b_br\">Jestli sledujete celou kauzu na soci\u00e1ln\u00edch s\u00edt\u00edch, kde je here\u010dka velmi aktivn\u00ed, asi v\u00e1s napadlo, jestli lze i\u00a0po 15\u00a0letech z\u00edskat od\u0161kodn\u011bn\u00ed za \u0161patn\u011b provedenou stavbu. Zeptali jsme se proto pr\u00e1vn\u00edka a\u00a0jeho odpov\u011b\u010f jistou nad\u011bji d\u00e1v\u00e1. Co k\u00a0p\u0159\u00edpadu \u0159\u00edk\u00e1 Jakub Svoboda z\u00a0advok\u00e1tn\u00ed kancel\u00e1\u0159e Arzinger &amp; Partne\u0159i?<\/p>\n<p class=\"b_br\">\u201ePokud se u\u00a0rodinn\u00e9ho domu po letech objev\u00ed v\u00fdrazn\u00e9 praskliny nebo jin\u00e9 statick\u00e9 poruchy, m\u016f\u017ee j\u00edt pr\u00e1vn\u011b o\u00a0n\u011bkolik r\u016fzn\u00fdch situac\u00ed. Z\u00e1sadn\u00ed je zjistit, zda \u0161lo o\u00a0skrytou vadu, o\u00a0probl\u00e9m zjistiteln\u00fd u\u017e p\u0159i koupi, nebo o\u00a0vadu, kter\u00e1 vznikla a\u017e pozd\u011bji,\u201c vysv\u011btluje zku\u0161en\u00fd advok\u00e1t.<\/p>\n<p>1.\u00a0Skryt\u00e9 vady: do p\u011bti let po koupi<\/p>\n<p class=\"b_br\">Skryt\u00e1 vada je takov\u00e1, kter\u00e1 existovala u\u017e p\u0159i koupi, ale nebyla p\u0159i b\u011b\u017en\u00e9 prohl\u00eddce poznat\u00a0\u2013 typicky chyba v\u00a0z\u00e1kladech nebo konstruk\u010dn\u00ed nedostatek. Kdyby se prok\u00e1zalo, \u017ee p\u0159\u00ed\u010dina prasklin byla v\u00a0dom\u011b u\u017e p\u0159i p\u0159evzet\u00ed, mohla by here\u010dka uplatnit pr\u00e1va z\u00a0vadn\u00e9ho pln\u011bn\u00ed. To v\u0161ak z\u00e1kon umo\u017e\u0148uje nejpozd\u011bji do p\u011bti let od koup\u011b.<\/p>\n<p class=\"b_br\">Po t\u00e9to lh\u016ft\u011b je situace slo\u017eit\u011bj\u0161\u00ed. \u201eKupuj\u00edc\u00ed m\u016f\u017ee po\u017eadovat odstran\u011bn\u00ed vady nebo slevu z\u00a0kupn\u00ed ceny. U\u00a0z\u00e1va\u017en\u00fdch vad m\u016f\u017ee p\u0159ich\u00e1zet v\u00a0\u00favahu i\u00a0odstoupen\u00ed od smlouvy. Pokud by se nav\u00edc prok\u00e1zalo, \u017ee prod\u00e1vaj\u00edc\u00ed o\u00a0vad\u011b v\u011bd\u011bl a\u00a0zatajil ji, m\u016f\u017ee b\u00fdt postaven\u00ed kupuj\u00edc\u00edho siln\u011bj\u0161\u00ed, ale prok\u00e1zat to b\u00fdv\u00e1 v\u00a0praxi obt\u00ed\u017en\u00e9,\u201c dod\u00e1v\u00e1 advok\u00e1t.<\/p>\n<p>2.\u00a0Vady viditeln\u00e9 u\u017e p\u0159i koupi<\/p>\n<p class=\"b_br\">Pokud byly p\u0159i koupi viditeln\u00e9 praskliny nebo jin\u00e9 zn\u00e1mky probl\u00e9m\u016f, pak je to ov\u0161em sm\u016fla. Pr\u00e1vo chr\u00e1n\u00ed kupuj\u00edc\u00edho jen u\u00a0vad, kter\u00e9 nemohl p\u0159i obvykl\u00e9 opatrnosti odhalit. V\u00fdjimkou je situace, kdy prod\u00e1vaj\u00edc\u00ed vadu zakryl nebo v\u00fdslovn\u011b tvrdil, \u017ee je v\u0161e v\u00a0po\u0159\u00e1dku.<\/p>\n<p><a data-dot=\"atm-link\" aria-hidden=\"true\" tabindex=\"-1\" href=\"https:\/\/www.novinky.cz\/clanek\/bydleni-technicky-audit-novostavby-pred-koncem-zaruky-se-vyplati-pomuze-odhalit-vady-i-nedodelky-40548636\" class=\"b_g i_ib\" rel=\"nofollow noopener\" target=\"_blank\"><img fetchpriority=\"high\" height=\"2000\" width=\"2666\" src=\"https:\/\/www.europesays.com\/cz\/wp-content\/uploads\/2026\/03\/panelak-panelaky.jpeg\" loading=\"eager\" decoding=\"sync\" class=\"b_u b_s\"\/><\/a>3.\u00a0Vada vznikl\u00e1 a\u017e po koupi<\/p>\n<p class=\"b_br\">M\u016f\u017ee se ale st\u00e1t, \u017ee probl\u00e9m vznikl a\u017e po koupi\u00a0\u2013\u00a0nap\u0159\u00edklad kv\u016fli zm\u011bn\u011b vlhkosti p\u016fdy, sesed\u00e1n\u00ed ter\u00e9nu nebo stavebn\u00edm prac\u00edm v\u00a0okol\u00ed. To mus\u00ed posoudit odborn\u00edci. Pr\u00e1v\u011b posudek statika nebo znalce p\u0159edstavuje kl\u00ed\u010dov\u00fd d\u016fkaz, jestli\u017ee by se v\u011bc \u0159e\u0161ila pr\u00e1vn\u00ed cestou.<\/p>\n<p>Co d\u011blat v\u00a0praxi?<\/p>\n<p class=\"b_br\">Jednat rychle. Vady dokumentovat, fotit, zapisovat jejich v\u00fdvoj, u\u00a0v\u011bt\u0161\u00edch trhlin sledovat, zda se zv\u011bt\u0161uj\u00ed. Shrom\u00e1\u017edit kupn\u00ed smlouvu, projektovou dokumentaci a\u00a0dal\u0161\u00ed podklady. A\u00a0co nejd\u0159\u00edve situaci konzultovat s\u00a0advok\u00e1tem\u00a0\u2013 u\u00a0podobn\u00fdch p\u0159\u00edpad\u016f hraje roli \u010das i\u00a0spr\u00e1vn\u00e9 pr\u00e1vn\u00ed posouzen\u00ed.<\/p>\n","protected":false},"excerpt":{"rendered":"M\u00edsto klidn\u00e9ho domova no\u010dn\u00ed m\u016fra. D\u016fm, kter\u00fd si Alice Bendov\u00e1 s\u00a0partnerem p\u0159ed patn\u00e1cti lety po\u0159\u00eddili za necel\u00fdch sedm&hellip;\n","protected":false},"author":2,"featured_media":23015,"comment_status":"","ping_status":"","sticky":false,"template":"","format":"standard","meta":{"footnotes":"","_share_on_mastodon":"0"},"categories":[14],"tags":[3994,79,11111,565,260,10315,80],"class_list":["post-23014","post","type-post","status-publish","format-standard","has-post-thumbnail","category-zabava","tag-alice-bendova","tag-entertainment","tag-koupe-nemovitosti","tag-nemovitosti","tag-podvodnici","tag-reklamace","tag-zabava"],"share_on_mastodon":{"url":"https:\/\/pubeurope.com\/@cz\/116221331624287443","error":""},"_links":{"self":[{"href":"https:\/\/www.europesays.com\/cz\/wp-json\/wp\/v2\/posts\/23014","targetHints":{"allow":["GET"]}}],"collection":[{"href":"https:\/\/www.europesays.com\/cz\/wp-json\/wp\/v2\/posts"}],"about":[{"href":"https:\/\/www.europesays.com\/cz\/wp-json\/wp\/v2\/types\/post"}],"author":[{"embeddable":true,"href":"https:\/\/www.europesays.com\/cz\/wp-json\/wp\/v2\/users\/2"}],"replies":[{"embeddable":true,"href":"https:\/\/www.europesays.com\/cz\/wp-json\/wp\/v2\/comments?post=23014"}],"version-history":[{"count":0,"href":"https:\/\/www.europesays.com\/cz\/wp-json\/wp\/v2\/posts\/23014\/revisions"}],"wp:featuredmedia":[{"embeddable":true,"href":"https:\/\/www.europesays.com\/cz\/wp-json\/wp\/v2\/media\/23015"}],"wp:attachment":[{"href":"https:\/\/www.europesays.com\/cz\/wp-json\/wp\/v2\/media?parent=23014"}],"wp:term":[{"taxonomy":"category","embeddable":true,"href":"https:\/\/www.europesays.com\/cz\/wp-json\/wp\/v2\/categories?post=23014"},{"taxonomy":"post_tag","embeddable":true,"href":"https:\/\/www.europesays.com\/cz\/wp-json\/wp\/v2\/tags?post=23014"}],"curies":[{"name":"wp","href":"https:\/\/api.w.org\/{rel}","templated":true}]}}