{"id":25845,"date":"2026-03-16T09:56:16","date_gmt":"2026-03-16T09:56:16","guid":{"rendered":"https:\/\/www.europesays.com\/cz\/25845\/"},"modified":"2026-03-16T09:56:16","modified_gmt":"2026-03-16T09:56:16","slug":"rajchl-pro-petikoalicni-zlociny-nezustanou-nevysetreny","status":"publish","type":"post","link":"https:\/\/www.europesays.com\/cz\/25845\/","title":{"rendered":"Rajchl (PRO): P\u011btikoali\u010dn\u00ed zlo\u010diny nez\u016fstanou nevy\u0161et\u0159eny"},"content":{"rendered":"<p>&#13;<br \/>\n\tZ\u0159\u00edzen\u00ed parlamentn\u00ed vy\u0161et\u0159ovac\u00ed komise v kauze Dozimetr bude za\u0159azeno ji\u017e na p\u0159\u00ed\u0161t\u00ed sch\u016fzi Poslaneck\u00e9 sn\u011bmovny! V p\u00e1tek to schv\u00e1lil Organiza\u010dn\u00ed v\u00fdbor. Cel\u00e1 opozice byla samoz\u0159ejm\u011b proti. Boj\u00ed se toho jak \u010dert k\u0159\u00ed\u017ee.<\/p>\n<p>&#13;<br \/>\n\tCht\u011bl bych t\u00edmto pod\u011bkovat za podporu Tomio Okamurovi, Radimu Fialovi, cel\u00e9mu klubu SPD, jako\u017e i ANO a Motorist\u016f. Nejen za nezbytn\u00e9 podpisy pod n\u00e1vrh usnesen\u00ed, kter\u00e9 jsem p\u0159ipravil, n\u00fdbr\u017e i za to, \u017ee na jedn\u00e1n\u00ed Organiza\u010dn\u00edho v\u00fdboru neuhnuli hysterick\u00e9mu tlaku opozice ani o p\u00ed\u010f.<\/p>\n<p>&#13;<br \/>\n\tPln\u00edme dal\u0161\u00ed slib, kter\u00fd jsme v\u00e1m dali. P\u011btikoali\u010dn\u00ed zlo\u010diny nez\u016fstanou nevy\u0161et\u0159eny.<\/p>\n<p>&#13;<br \/>\n\tA propos &#8211; u\u017e te\u010f v\u00e1m mohu prozradit, \u017ee tato vy\u0161et\u0159ovac\u00ed komise nebude tou posledn\u00ed.<\/p>\n<p>&#13;<\/p>\n<p>\t\t\t\t<a href=\"https:\/\/www.parlamentnilisty.cz\/profily\/profil.aspx?id=132491\" rel=\"nofollow noopener\" target=\"_blank\"><br \/>\n\t\t\t\t\t<img decoding=\"async\" src=\"https:\/\/www.europesays.com\/cz\/wp-content\/uploads\/2026\/02\/152752-rajchl_profil_top.jpg\" alt=\"\" style=\"width: 100%\"\/><\/a><\/p>\n<p>\t\t\t\t\tPRO<br \/>\n\t\t\t\t\tP\u0159edseda strany Pr\u00e1vo Respekt Odbornost<br \/>\n\t\t\t\t\tposlanec<\/p>\n<p>&#13;<\/p>\n<p>    Psali jsme:<\/p>\n<p>        L\u00edbil se V\u00e1m tento \u010dl\u00e1nek?<\/p>\n<p>Nez\u00e1vislost na\u0161\u00ed redakce m\u016f\u017eete podpo\u0159it pen\u011b\u017eit\u00fdm darem v jak\u00e9koliv v\u00fd\u0161i bankovn\u00edm p\u0159evodem na \u00fa\u010det:<\/p>\n<p class=\"fs-3 fw-bolder mb-2 \">131-981500247\/0100<\/p>\n<p class=\"mb-0 small\">QR k\u00f3d obsahuje \u00fadaje k platb\u011b, v\u00fd\u0161i \u010d\u00e1stky si ur\u010dete sami.<\/p>\n<p>        <img loading=\"lazy\" decoding=\"async\" class=\"img-fluid\" src=\"https:\/\/www.europesays.com\/cz\/wp-content\/uploads\/2026\/03\/qr-platba.jpg\" alt=\"QR k\u00f3d pro platbu\" width=\"250\" height=\"250\"\/><\/p>\n<p>    &#13;<br \/>\n        &#13;<\/p>\n<p>        \u00a0Jste politik? Zve\u0159ejn\u011bte bez redak\u010dn\u00edch \u00faprav v\u0161e, co chcete. Zaregistrujte se <a class=\"alert-link\" href=\"http:\/\/www.parlamentnilisty.cz\/profily-sprava\/ProfileRegistration.aspx\" rel=\"nofollow noopener\" target=\"_blank\">ZDE<\/a>.<\/p>\n<p>    &#13;<br \/>\n        &#13;<\/p>\n<p>        \u00a0Jste \u010dten\u00e1\u0159 a chcete komunikovat se sv\u00fdmi zastupiteli? Zaregistrujte se <a class=\"alert-link\" href=\"http:\/\/www.parlamentnilisty.cz\/profily-sprava\/ProfileRegistration.aspx\" rel=\"nofollow noopener\" target=\"_blank\">ZDE<\/a>.<\/p>\n","protected":false},"excerpt":{"rendered":"&#13; Z\u0159\u00edzen\u00ed parlamentn\u00ed vy\u0161et\u0159ovac\u00ed komise v kauze Dozimetr bude za\u0159azeno ji\u017e na p\u0159\u00ed\u0161t\u00ed sch\u016fzi Poslaneck\u00e9 sn\u011bmovny! V p\u00e1tek&hellip;\n","protected":false},"author":2,"featured_media":3098,"comment_status":"","ping_status":"","sticky":false,"template":"","format":"standard","meta":{"footnotes":"","_share_on_mastodon":"0"},"categories":[12],"tags":[67,68,11995,986,985],"class_list":["post-25845","post","type-post","status-publish","format-standard","has-post-thumbnail","category-byznys","tag-business","tag-byznys","tag-dozimetr","tag-pro","tag-rajchl"],"share_on_mastodon":{"url":"https:\/\/pubeurope.com\/@cz\/116238259662223094","error":""},"_links":{"self":[{"href":"https:\/\/www.europesays.com\/cz\/wp-json\/wp\/v2\/posts\/25845","targetHints":{"allow":["GET"]}}],"collection":[{"href":"https:\/\/www.europesays.com\/cz\/wp-json\/wp\/v2\/posts"}],"about":[{"href":"https:\/\/www.europesays.com\/cz\/wp-json\/wp\/v2\/types\/post"}],"author":[{"embeddable":true,"href":"https:\/\/www.europesays.com\/cz\/wp-json\/wp\/v2\/users\/2"}],"replies":[{"embeddable":true,"href":"https:\/\/www.europesays.com\/cz\/wp-json\/wp\/v2\/comments?post=25845"}],"version-history":[{"count":0,"href":"https:\/\/www.europesays.com\/cz\/wp-json\/wp\/v2\/posts\/25845\/revisions"}],"wp:featuredmedia":[{"embeddable":true,"href":"https:\/\/www.europesays.com\/cz\/wp-json\/wp\/v2\/media\/3098"}],"wp:attachment":[{"href":"https:\/\/www.europesays.com\/cz\/wp-json\/wp\/v2\/media?parent=25845"}],"wp:term":[{"taxonomy":"category","embeddable":true,"href":"https:\/\/www.europesays.com\/cz\/wp-json\/wp\/v2\/categories?post=25845"},{"taxonomy":"post_tag","embeddable":true,"href":"https:\/\/www.europesays.com\/cz\/wp-json\/wp\/v2\/tags?post=25845"}],"curies":[{"name":"wp","href":"https:\/\/api.w.org\/{rel}","templated":true}]}}