{"id":25852,"date":"2026-03-16T10:08:09","date_gmt":"2026-03-16T10:08:09","guid":{"rendered":"https:\/\/www.europesays.com\/cz\/25852\/"},"modified":"2026-03-16T10:08:09","modified_gmt":"2026-03-16T10:08:09","slug":"americke-letouny-zasahly-vojenske-cile-na-jihovychode-iranu","status":"publish","type":"post","link":"https:\/\/www.europesays.com\/cz\/25852\/","title":{"rendered":"Americk\u00e9 letouny zas\u00e1hly vojensk\u00e9 c\u00edle na jihov\u00fdchod\u011b \u00cdr\u00e1nu"},"content":{"rendered":"<p class=\"e_bK\">Americk\u00e9 bojov\u00e9 letouny \u00fadajn\u011b zas\u00e1hly vojensk\u00e9 objekty na ho\u0159e nedaleko z\u00f3ny voln\u00e9ho obchodu v\u00a0\u010c\u00e1hbah\u00e1ru na jihov\u00fdchod\u011b \u00cdr\u00e1nu, uv\u00e1d\u00ed televize Al-D\u017eaz\u00edra s\u00a0odvol\u00e1n\u00edm na persk\u00fd servis stanice Voice of America. V\u00a0\u010c\u00e1hbah\u00e1ru je d\u016fle\u017eit\u00fd n\u00e1mo\u0159n\u00ed p\u0159\u00edstav.<\/p>\n<p class=\"e_bK\">V oblasti za z\u00f3nou voln\u00e9ho obchodu se oz\u00fdvaly siln\u00e9 v\u00fdbuchy, informoval Voice of America. Dal\u0161\u00ed podrobnosti o\u00a0\u00fatoku nejsou zn\u00e1my. \u010c\u00e1hbah\u00e1r je kl\u00ed\u010dov\u00fdm p\u0159\u00edstupov\u00fdm bodem \u00cdr\u00e1nu do Indick\u00e9ho oce\u00e1nu.<\/p>\n<p class=\"e_bK\">\u00cdr\u00e1nsk\u00e1 agentura Fars podle Al-D\u017eaz\u00edry informovala, \u017ee americko-izraelsk\u00fd \u00fader zas\u00e1hl chlapeckou \u0161kolu ve m\u011bst\u011b Chomejn v\u00a0provincii Markaz\u00ed le\u017e\u00edc\u00ed v\u00a0z\u00e1padn\u00ed \u010d\u00e1sti zem\u011b. Fars zve\u0159ejnila fotografie siln\u011b po\u0161kozen\u00e9 budovy. Pozd\u011bji agentura Mehr s\u00a0odvol\u00e1n\u00edm na \u00fa\u0159ady v\u00a0regionu uvedla, \u017ee se nikomu nic nestalo, ale \u017ee poni\u010den byl v\u011bt\u0161\u00ed po\u010det dom\u016f v\u00a0okol\u00ed \u0161koly.<\/p>\n<p class=\"e_bK\">P\u0159i \u00fatoc\u00edch jinde v\u00a0regionu p\u0159i\u0161lo o\u00a0\u017eivot p\u011bt lid\u00ed, uvedly \u00fa\u0159ady podle agentury DPA. U\u017e v\u00a0ned\u011bli se na soci\u00e1ln\u00edch s\u00edt\u00edch objevily informace o\u00a0\u00faderech na Chomejn, jejich c\u00edlem se stala raketov\u00e1 z\u00e1kladna revolu\u010dn\u00edch gard.<\/p>\n<p><a data-dot=\"mol-article-card-media\" aria-hidden=\"true\" tabindex=\"-1\" href=\"https:\/\/www.seznamzpravy.cz\/clanek\/ekonomika-ocima-byznysu-komentar-bojime-se-o-ropu-ale-v-ohrozeni-je-i-trh-s-potravinami-301422\" class=\"e_m h_mi\" rel=\"nofollow noopener\" target=\"_blank\"><img fetchpriority=\"high\" height=\"3074\"   width=\"5464\" src=\"https:\/\/www.europesays.com\/cz\/wp-content\/uploads\/2026\/03\/1773655688_42_shutterstock-2028256427.jpeg\" loading=\"eager\" decoding=\"sync\" class=\"e_U e_S\"\/><\/a><\/p>\n<p class=\"e_bK\">Spojen\u00e9 st\u00e1ty spole\u010dn\u011b s\u00a0Izraelem \u00fatoky na \u00cdr\u00e1n zah\u00e1jily 28.\u00a0\u00fanora. \u00cdr\u00e1n v\u00a0odvet\u011b podnik\u00e1 \u00fatoky proti Izraeli a\u00a0zem\u00edm v\u00a0regionu, kter\u00e9 jsou spojenci Washingtonu.<\/p>\n<p class=\"e_bK\">Hned na za\u010d\u00e1tku nyn\u011bj\u0161\u00ed v\u00e1lky \u00fader zas\u00e1hl d\u00edv\u010d\u00ed \u0161kolu u\u00a0z\u00e1kladny \u00edr\u00e1nsk\u00fdch revolu\u010dn\u00edch gard ve m\u011bst\u011b M\u00edn\u00e1b na jihu \u00cdr\u00e1nu. Zem\u0159elo 175\u00a0lid\u00ed. Podle americk\u00e9ho prezidenta Donalda Trumpa m\u00e1 tento \u00fatok na sv\u011bdom\u00ed Teher\u00e1n, nicm\u00e9n\u011b p\u0159ib\u00fdv\u00e1 d\u016fkaz\u016f, \u017ee \u0161kolu zas\u00e1hly Spojen\u00e9 st\u00e1ty.<\/p>\n<p class=\"e_bK\">Lid\u00e9 v\u00a0\u00cdr\u00e1nu podle persk\u00e9 slu\u017eby BBC vypov\u011bd\u011bli, \u017ee maj\u00ed strach z\u00a0prohl\u00eddek na kontroln\u00edch stanovi\u0161t\u00edch. Mlad\u00fd mu\u017e, kter\u00fd v\u00a0dob\u011b zablokov\u00e1n\u00ed internetu poskytuje lidem p\u0159\u00edstup k\u00a0s\u00edti, \u0159ekl, \u017ee to, co d\u011bl\u00e1, pova\u017euj\u00ed \u00fa\u0159ady za trestn\u00fd \u010din. \u201eZastavovali auta, ale na\u0161t\u011bst\u00ed ne to, ve kter\u00e9m jsem zrovna byl,\u201c \u0159ekl o\u00a0cest\u011b, kdy m\u011bl s\u00a0sebou telefon a\u00a0laptop. <\/p>\n<p class=\"e_bK\">V\u00a0Teher\u00e1nu n\u011bkter\u00e1 tato kontroln\u00ed stanovi\u0161t\u011b vznikla nov\u011b a\u00a0b\u00fdvaj\u00ed pod l\u00e1vkami pro p\u011b\u0161\u00ed nebo uvnit\u0159 silni\u010dn\u00edch tunel\u016f. V\u00a0minul\u00fdch dnech se stalo, \u017ee se tyto body um\u00edst\u011bn\u00e9 na dob\u0159e viditeln\u00fdch m\u00edstech st\u00e1valy c\u00edlem \u00fatoku dron\u016f.<\/p>\n<p><a data-dot=\"mol-article-card-media\" aria-hidden=\"true\" tabindex=\"-1\" href=\"https:\/\/www.seznamzpravy.cz\/clanek\/zahranicni-utok-na-zakazany-ostrov-trump-zasahl-misto-bez-ktereho-iran-nemuze-prezit-301568\" class=\"e_m h_mi\" rel=\"nofollow noopener\" target=\"_blank\"><img height=\"2304\"   width=\"4096\" src=\"https:\/\/www.europesays.com\/cz\/wp-content\/uploads\/2026\/03\/1773655689_529_donald-trump.jpeg\" loading=\"eager\" decoding=\"sync\" class=\"e_U e_S\"\/><\/a><\/p>\n<p class=\"e_bK\">V r\u00e1mci zost\u0159en\u00fdch opat\u0159en\u00ed ve snaze zabr\u00e1nit protire\u017eimn\u00edm protest\u016fm \u00fa\u0159ady rozes\u00edlaj\u00ed lidem varovn\u00e9 zpr\u00e1vy. \u201eZlovoln\u00fd nep\u0159\u00edtel se op\u011bt pokou\u0161\u00ed v\u00a0ulic\u00edch zas\u00edt strach a\u00a0chaos,\u201c varuje zpravodajsk\u00e1 jednotka \u00edr\u00e1nsk\u00fdch revolu\u010dn\u00edch gard.<\/p>\n<p class=\"e_bK\">Nejrozs\u00e1hlej\u0161\u00ed protesty za cel\u00e1 desetilet\u00ed za\u017eil \u00cdr\u00e1n letos v\u00a0lednu. P\u0159i z\u00e1saz\u00edch represivn\u00edch slo\u017eek podle ochr\u00e1nc\u016f lidsk\u00fdch pr\u00e1v zem\u0159ely tis\u00edce lid\u00ed.<\/p>\n","protected":false},"excerpt":{"rendered":"Americk\u00e9 bojov\u00e9 letouny \u00fadajn\u011b zas\u00e1hly vojensk\u00e9 objekty na ho\u0159e nedaleko z\u00f3ny voln\u00e9ho obchodu v\u00a0\u010c\u00e1hbah\u00e1ru na jihov\u00fdchod\u011b \u00cdr\u00e1nu, uv\u00e1d\u00ed&hellip;\n","protected":false},"author":2,"featured_media":17748,"comment_status":"","ping_status":"","sticky":false,"template":"","format":"standard","meta":{"footnotes":"","_share_on_mastodon":"0"},"categories":[10],"tags":[17,21,7825,2102,3209,16,1887,18,19,22,20],"class_list":["post-25852","post","type-post","status-publish","format-standard","has-post-thumbnail","category-zpravy","tag-headlines","tag-hlavni-udalosti","tag-konflikt-usa-izrael-iran","tag-kontroly","tag-letouny","tag-news","tag-teheran","tag-top-news","tag-top-stories","tag-udalosti-dne","tag-zpravy"],"share_on_mastodon":{"url":"https:\/\/pubeurope.com\/@cz\/116238307281049365","error":""},"_links":{"self":[{"href":"https:\/\/www.europesays.com\/cz\/wp-json\/wp\/v2\/posts\/25852","targetHints":{"allow":["GET"]}}],"collection":[{"href":"https:\/\/www.europesays.com\/cz\/wp-json\/wp\/v2\/posts"}],"about":[{"href":"https:\/\/www.europesays.com\/cz\/wp-json\/wp\/v2\/types\/post"}],"author":[{"embeddable":true,"href":"https:\/\/www.europesays.com\/cz\/wp-json\/wp\/v2\/users\/2"}],"replies":[{"embeddable":true,"href":"https:\/\/www.europesays.com\/cz\/wp-json\/wp\/v2\/comments?post=25852"}],"version-history":[{"count":0,"href":"https:\/\/www.europesays.com\/cz\/wp-json\/wp\/v2\/posts\/25852\/revisions"}],"wp:featuredmedia":[{"embeddable":true,"href":"https:\/\/www.europesays.com\/cz\/wp-json\/wp\/v2\/media\/17748"}],"wp:attachment":[{"href":"https:\/\/www.europesays.com\/cz\/wp-json\/wp\/v2\/media?parent=25852"}],"wp:term":[{"taxonomy":"category","embeddable":true,"href":"https:\/\/www.europesays.com\/cz\/wp-json\/wp\/v2\/categories?post=25852"},{"taxonomy":"post_tag","embeddable":true,"href":"https:\/\/www.europesays.com\/cz\/wp-json\/wp\/v2\/tags?post=25852"}],"curies":[{"name":"wp","href":"https:\/\/api.w.org\/{rel}","templated":true}]}}