{"id":26030,"date":"2026-03-16T12:32:14","date_gmt":"2026-03-16T12:32:14","guid":{"rendered":"https:\/\/www.europesays.com\/cz\/26030\/"},"modified":"2026-03-16T12:32:14","modified_gmt":"2026-03-16T12:32:14","slug":"action-prodava-chytrou-vahu-ktera-ukaze-tuk-svaly-i-bmi-vyjde-mnohem-levneji-nez-u-konkurence","status":"publish","type":"post","link":"https:\/\/www.europesays.com\/cz\/26030\/","title":{"rendered":"Action prod\u00e1v\u00e1 chytrou v\u00e1hu, kter\u00e1 uk\u00e1\u017ee tuk, svaly i BMI. Vyjde mnohem levn\u011bji ne\u017e u konkurence"},"content":{"rendered":"<p>Tento rozs\u00e1hl\u00fd obchodn\u00ed \u0159et\u011bzec, jeho\u017e ko\u0159eny sahaj\u00ed do Nizozemska,<br \/>\ntoti\u017e nab\u00edz\u00ed sofistikovanou v\u00e1hu, kter\u00e1 umo\u017e\u0148uje m\u011b\u0159en\u00ed t\u011blesn\u00e9ho<br \/>\nslo\u017een\u00ed. Jej\u00ed cena dosahuje pouh\u00fd zlomek toho, za kolik se podobn\u00e1<br \/>\nza\u0159\u00edzen\u00ed b\u011b\u017en\u011b prod\u00e1vaj\u00ed, co\u017e z\u00a0n\u00ed \u010din\u00ed velmi l\u00e1kavou koupi. Na<br \/>\ndruhou stranu je vhodn\u00e9 se zam\u011b\u0159it i\u00a0na omezen\u00ed, kter\u00e1 se s\u00a0produktem<br \/>\npoj\u00ed.\u00a0<\/p>\n<p>V\u00e1ha za p\u00e1r stovek, kter\u00e1 zvl\u00e1dne zastoupit i\u00a0mnoh\u00e9 dra\u017e\u0161\u00ed<br \/>\nmodely\u00a0<\/p>\n<p>\u0158e\u010d je konkr\u00e9tn\u011b o\u00a0inteligentn\u00ed v\u00e1ze s\u00a0aplikac\u00ed od zna\u010dky<br \/>\nSILVERGEAR, kterou si nyn\u00ed m\u016f\u017eete v\u00a0kamenn\u00fdch prodejn\u00e1ch Action zakoupit<br \/>\nza pouh\u00fdch 319\u00a0korun.\u00a0<\/p>\n<p><a data-fancybox=\"gallery\" href=\"https:\/\/energozrouti.cz\/storage-webp\/0\/0gnJsTKZteyPGU1yabHqrl5ycwLRsmSM86jCvY6oAinffxyCiQwB0WSIcNyznmwciNJ6Uaon8Q6U0g6lMb2EAtieZDVdhxda5fCZ_big.webp\" rel=\"nofollow noopener\" target=\"_blank\"><br \/>\n            <img decoding=\"async\" loading=\"lazy\" class=\"img-responsive\" src=\"https:\/\/www.europesays.com\/cz\/wp-content\/uploads\/2026\/03\/0gnJsTKZteyPGU1yabHqrl5ycwLRsmSM86jCvY6oAinffxyCiQwB0WSIcNyznmwciNJ6Uaon8Q6U0g6lMb2EAtieZDVdhxda5fCZ.webp\" title=\"Tuto v\u00e1hu si m\u016f\u017eete odn\u00e9st dom\u016f jen za 319,00 korun.\"\/><br \/>\n            <\/a>Tuto v\u00e1hu si m\u016f\u017eete odn\u00e9st dom\u016f jen za 319,00 korun.<br \/>\n            , &#8230;<\/p>\n<p>Jak\u00fdmi vlastnostmi a funkcemi se tato v\u00e1ha m\u016f\u017ee pochlubit?<\/p>\n<p>I\u00a0p\u0159es n\u00edzkou cenu nab\u00edz\u00ed tento produkt pom\u011brn\u011b solidn\u00ed parametry a<br \/>\nn\u011bkolik u\u017eite\u010dn\u00fdch funkc\u00ed.\u00a0<\/p>\n<p>Co se z\u00e1kladn\u00ed specifikace t\u00fd\u010de, v\u00e1\u017e\u00edc\u00ed jednotku p\u0159edstavuj\u00ed<br \/>\nkilogramy, p\u0159i\u010dem\u017e v\u00e1ha m\u011b\u0159\u00ed s\u00a0p\u0159esnost\u00ed na 0,1\u00a0kg (to v\u00a0praxi<br \/>\nznamen\u00e1, \u017ee digit\u00e1ln\u00ed displej ukazuje nap\u0159\u00edklad 62,3\u00a0kg nebo 92,4\u00a0kg<br \/>\napod.).\u00a0<\/p>\n<p>V\u00e1ha je nap\u00e1jena prost\u0159ednictv\u00edm dvou bateri\u00ed s\u00a0ozna\u010den\u00edm<br \/>\nAAA.\u00a0<\/p>\n<p>Protiskluzov\u00e1 vrstva zaji\u0161\u0165uje stabilitu, co\u017e se<br \/>\npozitivn\u011b projevuje na zv\u00fd\u0161en\u00ed bezpe\u010dnosti.\u00a0<\/p>\n<p>Hlavn\u00ed \u201el\u00e1kadlo\u201c ka\u017edop\u00e1dn\u011b p\u0159edstavuje funkce t\u011blesn\u00e9<br \/>\nanal\u00fdzy: Tato chytr\u00e1 v\u00e1ha dok\u00e1\u017ee m\u011b\u0159it BMI, procento<br \/>\ntukov\u00e9 tk\u00e1n\u011b, kostn\u00ed hmotu, svalovou hmotu, viscer\u00e1ln\u00ed tuk \u010di dokonce<br \/>\nobsah vlhkosti.\u00a0<\/p>\n<p>Skv\u011bl\u00e1 je rovn\u011b\u017e mo\u017enost propojen\u00ed s\u00a0mobiln\u00edm<br \/>\ntelefonem. Prost\u0159ednictv\u00edm aplikace si pak m\u016f\u017eete sledovat<br \/>\nnam\u011b\u0159en\u00e9 \u00fadaje, zaznamen\u00e1vat zm\u011bny a stanovovat c\u00edle.\u00a0<\/p>\n<p>Na jak\u00e9m principu m\u011b\u0159en\u00ed funguje a jak moc je p\u0159esn\u00e9?<\/p>\n<p>V\u00e1hy, jako je i\u00a0tato, dok\u00e1\u017eou m\u011b\u0159it t\u011blesnou kompozici pomoc\u00ed<br \/>\ntechnologie, o\u00a0kter\u00e9 se hovo\u0159\u00ed jako o\u00a0bioelektrick\u00e9 impedan\u010dn\u00ed<br \/>\nanal\u00fdze (velmi \u010dasto se setk\u00e1te se zkratkou BIA).\u00a0<\/p>\n<p>Tato technologie funguje na principu \u0161\u00ed\u0159en\u00ed m\u00edrn\u00e9ho<br \/>\nst\u0159\u00eddav\u00e9ho elektrick\u00e9ho proudu skrze lidsk\u00e9 t\u011blo.<\/p>\n<p>Tukov\u00e1 tk\u00e1\u0148 klade proudu odpor. To je d\u00e1no mimo jin\u00e9<br \/>\nt\u00edm, \u017ee se v\u00a0n\u00ed nach\u00e1z\u00ed pouze minim\u00e1ln\u00ed mno\u017estv\u00ed vody. Oproti tomu<br \/>\ntk\u00e1n\u011b s\u00a0vysok\u00fdm obsahem vody a elektrolyt\u016f, mezi kter\u00e9 se \u0159ad\u00ed<br \/>\nnap\u0159\u00edklad svaly, vedou elektrick\u00fd proud l\u00e9pe ne\u017e tukov\u00e1 tk\u00e1\u0148, a proto<br \/>\njimi elektrick\u00fd proud proch\u00e1z\u00ed sn\u00e1ze ne\u017e tukovou tk\u00e1n\u00ed. D\u00edky tomu pak<br \/>\ndok\u00e1\u017ee v\u00e1ha analyzovat t\u011blesnou strukturu.\u00a0<\/p>\n<p>Na tomto principu mimochodem funguj\u00ed i\u00a0velmi popul\u00e1rn\u00ed InBody<br \/>\np\u0159\u00edstroje, i\u00a0kdy\u017e ty jsou ve srovn\u00e1n\u00ed s\u00a0levn\u00fdmi v\u00e1hami<br \/>\ncelkov\u011b mnohem propracovan\u011bj\u0161\u00ed a nab\u00edz\u00ed profesion\u00e1ln\u011bj\u0161\u00ed a<br \/>\np\u0159esn\u011bj\u0161\u00ed m\u011b\u0159en\u00ed.\u00a0<\/p>\n<p><a data-fancybox=\"gallery\" href=\"https:\/\/energozrouti.cz\/storage-webp\/9\/ykvmD2ZKBL3uVQv8ReCn8lStip4CtK4Sd8Z2VAIiPFsxCPxLjg1zBn1waveZhhJkpfmHn898iGIpgBq2mXR1e38uYH3xW7O32OWj_big.webp\" rel=\"nofollow noopener\" target=\"_blank\"><br \/>\n            <img decoding=\"async\" loading=\"lazy\" class=\"img-responsive\" src=\"https:\/\/www.europesays.com\/cz\/wp-content\/uploads\/2026\/03\/ykvmD2ZKBL3uVQv8ReCn8lStip4CtK4Sd8Z2VAIiPFsxCPxLjg1zBn1waveZhhJkpfmHn898iGIpgBq2mXR1e38uYH3xW7O32OWj.webp\" title=\"Podobn\u011b funguje i InBody. \"\/><br \/>\n            <\/a>Podobn\u011b funguje i InBody.<br \/>\n            , &#8230;<br \/>\n            \u00a0\u00a0<\/p>\n<p>M\u00e1 bioelektrick\u00e1 impedan\u010dn\u00ed anal\u00fdza vliv na zdrav\u00ed?<\/p>\n<p>Pokud byste se ob\u00e1vali vlivu na zdrav\u00ed nebo bolestiv\u00e9ho \u0161oku, dobrou<br \/>\nzpr\u00e1vou je, \u017ee intenzita elektrick\u00e9ho proudu je mimo\u0159\u00e1dn\u011b n\u00edzk\u00e1\u00a0\u2013<br \/>\nnatolik, \u017ee byste nem\u011bli nic c\u00edtit. Pro drtivou v\u011bt\u0161inu je tedy<br \/>\npou\u017e\u00edv\u00e1n\u00ed v\u00e1hy bezpe\u010dn\u00e9.<\/p>\n<p>Existuj\u00ed v\u0161ak minim\u00e1ln\u011b dv\u011b velmi<br \/>\nd\u016fle\u017eit\u00e9\u00a0v\u00fdjimky. Ta prvn\u00ed se vztahuje na lidi, kte\u0159\u00ed<br \/>\npou\u017e\u00edvaj\u00ed kardiostimul\u00e1tor nebo jin\u00e9 implantovan\u00e9 zdravotnick\u00e9<br \/>\nza\u0159\u00edzen\u00ed vyu\u017e\u00edvaj\u00edc\u00ed elekt\u0159inu. A\u010dkoliv m\u00e1 proud skute\u010dn\u011b<br \/>\nvelmi n\u00edzkou intenzitu a riziko nen\u00ed extr\u00e9mn\u011b vysok\u00e9, bohu\u017eel u\u00a0t\u011bchto<br \/>\nosob nen\u00ed zanedbateln\u00e9\u00a0\u2013 mohlo by doj\u00edt k\u00a0naru\u0161en\u00ed citliv\u00e9 elektroniky<br \/>\na tedy i\u00a0fungov\u00e1n\u00ed dan\u00fdch elektronick\u00fdch za\u0159\u00edzen\u00ed. D\u00e1le by pak v\u00e1hy<br \/>\nrad\u011bji nem\u011bly vyu\u017e\u00edvat ani t\u011bhotn\u00e9 \u017eeny. To je krom\u011b zdrav\u00ed d\u00e1no<br \/>\ni\u00a0t\u00edm, \u017ee je v\u00a0jejich p\u0159\u00edpad\u011b m\u011b\u0159en\u00ed ve v\u011bt\u0161in\u011b p\u0159\u00edpad\u016f<br \/>\nnep\u0159esn\u00e9.\u00a0<\/p>\n<p>Jakou p\u0159esnost dom\u00e1c\u00ed v\u00e1hy vykazuj\u00ed?<\/p>\n<p>V\u00a0ka\u017ed\u00e9m p\u0159\u00edpad\u011b by se slu\u0161elo zm\u00ednit, \u017ee m\u011b\u0159en\u00ed pomoc\u00ed<br \/>\nlevn\u011bj\u0161\u00edch vah zpravidla nedosahuje stoprocentn\u00ed<br \/>\np\u0159esnosti.<\/p>\n<p>M\u00edra chybovosti\u00a0se ve v\u011bt\u0161in\u011b p\u0159\u00edpad\u016f pohybuje okolo<br \/>\n3,7\u00a0a\u017e 5\u00a0% (jde o\u00a0v\u00fdchylku od re\u00e1ln\u00e9ho procenta t\u011blesn\u00e9ho<br \/>\ntuku). To rozhodn\u011b nen\u00ed zanedbateln\u00e1 hodnota, pokud chcete m\u00edt<br \/>\ndetailn\u00ed p\u0159ehled. Pro profesion\u00e1ln\u00ed sportovce nebo v\u00e1\u0161niv\u00e9 fitness<br \/>\nnad\u0161ence jsou tedy vhodn\u00e9 sp\u00ed\u0161e jin\u00e9 (dra\u017e\u0161\u00ed) p\u0159\u00edstroje.\u00a0<\/p>\n<p>Na druhou stranu pro b\u011b\u017en\u00e9 lidi \u010di rekrea\u010dn\u00ed sportovce, kte\u0159\u00ed se<br \/>\nspokoj\u00ed pouze s\u00a0orienta\u010dn\u00edmi v\u00fdsledky, m\u016f\u017ee j\u00edt o\u00a0skv\u011bl\u00fd dopln\u011bk do<br \/>\ndom\u00e1cnosti.<\/p>\n","protected":false},"excerpt":{"rendered":"Tento rozs\u00e1hl\u00fd obchodn\u00ed \u0159et\u011bzec, jeho\u017e ko\u0159eny sahaj\u00ed do Nizozemska, toti\u017e nab\u00edz\u00ed sofistikovanou v\u00e1hu, kter\u00e1 umo\u017e\u0148uje m\u011b\u0159en\u00ed t\u011blesn\u00e9ho slo\u017een\u00ed.&hellip;\n","protected":false},"author":2,"featured_media":26031,"comment_status":"","ping_status":"","sticky":false,"template":"","format":"standard","meta":{"footnotes":"","_share_on_mastodon":"0"},"categories":[12],"tags":[9384,67,68,12059,8926],"class_list":["post-26030","post","type-post","status-publish","format-standard","has-post-thumbnail","category-byznys","tag-action","tag-business","tag-byznys","tag-chytra-vaha","tag-fitness"],"share_on_mastodon":{"url":"https:\/\/pubeurope.com\/@cz\/116238873211665931","error":""},"_links":{"self":[{"href":"https:\/\/www.europesays.com\/cz\/wp-json\/wp\/v2\/posts\/26030","targetHints":{"allow":["GET"]}}],"collection":[{"href":"https:\/\/www.europesays.com\/cz\/wp-json\/wp\/v2\/posts"}],"about":[{"href":"https:\/\/www.europesays.com\/cz\/wp-json\/wp\/v2\/types\/post"}],"author":[{"embeddable":true,"href":"https:\/\/www.europesays.com\/cz\/wp-json\/wp\/v2\/users\/2"}],"replies":[{"embeddable":true,"href":"https:\/\/www.europesays.com\/cz\/wp-json\/wp\/v2\/comments?post=26030"}],"version-history":[{"count":0,"href":"https:\/\/www.europesays.com\/cz\/wp-json\/wp\/v2\/posts\/26030\/revisions"}],"wp:featuredmedia":[{"embeddable":true,"href":"https:\/\/www.europesays.com\/cz\/wp-json\/wp\/v2\/media\/26031"}],"wp:attachment":[{"href":"https:\/\/www.europesays.com\/cz\/wp-json\/wp\/v2\/media?parent=26030"}],"wp:term":[{"taxonomy":"category","embeddable":true,"href":"https:\/\/www.europesays.com\/cz\/wp-json\/wp\/v2\/categories?post=26030"},{"taxonomy":"post_tag","embeddable":true,"href":"https:\/\/www.europesays.com\/cz\/wp-json\/wp\/v2\/tags?post=26030"}],"curies":[{"name":"wp","href":"https:\/\/api.w.org\/{rel}","templated":true}]}}