{"id":27526,"date":"2026-03-17T20:36:08","date_gmt":"2026-03-17T20:36:08","guid":{"rendered":"https:\/\/www.europesays.com\/cz\/27526\/"},"modified":"2026-03-17T20:36:08","modified_gmt":"2026-03-17T20:36:08","slug":"glosa-potiziste-z-kola-ven-to-vzkazal-koubek-nominaci-pro-baraz","status":"publish","type":"post","link":"https:\/\/www.europesays.com\/cz\/27526\/","title":{"rendered":"GLOSA: Pot\u00ed\u017eist\u00e9 z\u00a0kola ven. To vzk\u00e1zal Koubek nominac\u00ed pro bar\u00e1\u017e"},"content":{"rendered":"<p class=\"b_by\">Co se t\u00fdk\u00e1 brank\u00e1\u0159\u016f a\u00a0defenzivn\u00ed \u0159ady, nen\u00ed tam co zpochyb\u0148ovat. G\u00f3lmani a\u00a0obr\u00e1nci s\u00a0moment\u00e1ln\u011b lep\u0161\u00ed formou se nenab\u00edzej\u00ed. <\/p>\n<p class=\"b_by\">Jin\u00e9 u\u017e je to ale v\u00a0z\u00e1loze a\u00a0v \u00fatoku. Koubek neza\u0159adil ani mezi n\u00e1hradn\u00edky kreativn\u00edho V\u00e1clava \u010cern\u00e9ho ani \u00fato\u010dn\u00edky Tom\u00e1\u0161e \u010cvan\u010daru a\u00a0Jana Kuchtu. Kuchta sice v\u00a0posledn\u00ed dob\u011b ve Spart\u011b p\u0159\u00edli\u0161 nehraje, ale jeho absence v\u00a0\u0161ir\u0161\u00edm v\u00fdb\u011bru je pom\u011brn\u011b p\u0159ekvapiv\u00e1. P\u0159ece jen jde o\u00a0borce, kter\u00fd pro\u0161el spoustou t\u011b\u017ek\u00fdch, d\u016fle\u017eit\u00fdch bitev.<\/p>\n<p class=\"b_by\">Bude pro reprezentaci k\u00a0dispozici Pavel \u0160ulc? Kdyby te\u010f v\u00a0ned\u011bli dostal v\u00a0Lyonu minut\u00e1\u017e, bylo by to pozitivn\u00ed, zn\u00ed z\u00a0n\u00e1rodn\u00edho t\u00fdmu Video: <a data-dot=\"atm-link\" target=\"_blank\" rel=\"noopener nofollow\" href=\"http:\/\/www.sport.cz\" class=\"b_U\">Sport.cz<\/a><\/p>\n<p class=\"b_by\">Spole\u010dn\u00fd jmenovatel Koubkova tahu je jasn\u00fd. Vynech\u00e1n\u00edm uveden\u00e9ho tria kou\u010d vzk\u00e1zal &#8211; \u201epot\u00ed\u017eist\u00e9\u201c v\u00a0m\u00e9m t\u00fdmu nemaj\u00ed prostor. V\u0161ichni t\u0159i maj\u00ed kvalitu, aby p\u0159i reprezenta\u010dn\u00edch srazech nechyb\u011bli. Nicm\u00e9n\u011b nelze p\u0159ehl\u00e9dnout jejich pon\u011bkud slo\u017eit\u011bj\u0161\u00ed povahu.<\/p>\n<p class=\"b_by\">Jasn\u011b, \u017e\u00e1dn\u00fd hr\u00e1\u010d nenese dob\u0159e, kdy\u017e nen\u00ed v\u00a0z\u00e1kladn\u00ed sestav\u011b nebo pokud ho tren\u00e9r vyst\u0159\u00edd\u00e1 b\u011bhem z\u00e1pasu. V\u00fdroky, \u017ee kdy\u017e nehraju, m\u011bl bych v\u00a0r\u00e1mci t\u00fdmovosti p\u0159\u00e1t sv\u00e9mu konkurentovi na h\u0159i\u0161ti, jsou nesmysln\u00e9. Takhle to rozhodn\u011b nefunguje. Kdo tvrd\u00ed opak, l\u017ee si do kapsy.<\/p>\n<p class=\"b_by\">Jen\u017ee p\u0159i neza\u0159azen\u00ed do z\u00e1kladn\u00ed sestavy nebo kv\u016fli st\u0159\u00edd\u00e1n\u00ed nelze d\u011blat p\u0159ehnan\u00e9 brikule, stav\u011bt se divoce na zadn\u00ed. Co\u017e tito t\u0159i hr\u00e1\u010di dok\u00e1\u017e\u00ed. Existuje hranice, kter\u00e1 by se p\u0159ekra\u010dovat nem\u011bla. A\u00a0kdy\u017e, tak jen v\u00fdjime\u010dn\u011b, bez recidivy. A\u00a0pokud s\u00a0recidivou, tak u\u017e mus\u00ed j\u00edt o\u00a0hv\u011bzdy, bez kter\u00fdch se mu\u017estvo neobejde. Co\u017e \u010cvan\u010dara, \u010cern\u00fd ani Kuchta, p\u0159i v\u0161\u00ed \u00fact\u011b k\u00a0nim, nejsou.<\/p>\n<p class=\"b_by\">Nav\u00edc \u010cvan\u010dara ned\u00e1vno vyslal ne\u0161\u0165astn\u00fd sign\u00e1l, kdy\u017e v\u00a0rozhovoru pro Celtic TV uvedl, \u017ee v\u00a0sou\u010dasn\u00e9 dob\u011b pro n\u011bj nen\u00ed prioritou reprezentace, ale klub. Co\u017e v\u00a0jeho situaci, kdy se v\u00a0Glasgow\u011b pokou\u0161\u00ed nahodit uvadaj\u00edc\u00ed kari\u00e9ru (zat\u00edm \u00fasp\u011b\u0161n\u011b), je pochopiteln\u00e9. Nicm\u00e9n\u011b si t\u00edm zav\u0159el dve\u0159e i\u00a0mezi n\u00e1hradn\u00edky.<\/p>\n<p class=\"b_by\">Miroslav Koubek se ost\u0159e obul do Tom\u00e1\u0161e \u010cvan\u010dary. Do nominace na bar\u00e1\u0159 se neve\u0161el ani V\u00e1clav \u010cern\u00fdVideo: <a data-dot=\"atm-link\" target=\"_blank\" rel=\"noopener nofollow\" href=\"http:\/\/www.sport.cz\" class=\"b_U\">Sport.cz<\/a><\/p>\n<p class=\"b_by\">Nen\u00ed pochyb, \u017ee \u010cvan\u010dara, \u010cern\u00fd nebo Kuchta by bar\u00e1\u017eov\u00e9 z\u00e1pasy mohli rozhodnout. Koubek si v\u0161ak asi vyhodnotil, \u017ee by sp\u00ed\u0161 hrozil jejich negativn\u00ed vliv na t\u00fdm, ne\u017e \u017ee by pro n\u011bj byli p\u0159\u00ednosem. Zkr\u00e1tka ne\u0161el do risku, \u017ee mu n\u011bkter\u00fd z\u00a0nich hod\u00ed vidle do stoprocentn\u00ed koncentrace, maxim\u00e1ln\u00ed zodpov\u011bdnosti (nejen v\u00a0defenziv\u011b), soudr\u017enosti a\u00a0taktick\u00e9 preciznosti, na kter\u00fdch to bude m\u00edt Koubek v\u00a0bar\u00e1\u017ei postaven\u00e9.<\/p>\n<p class=\"b_by\">Tak\u00e9 proto nominoval velk\u00fd po\u010det hr\u00e1\u010d\u016f (8), se kter\u00fdmi ud\u011blal v\u00fdbornou zku\u0161enost p\u0159i \u00fasp\u011b\u0161n\u00e9 \u0161taci v\u00a0Plzni. V\u010detn\u011b z\u00e1lo\u017en\u00edk\u016f Pavla Buchy, kter\u00fd t\u0159et\u00ed sezonu v\u00e1l\u00ed v\u00a0americk\u00e9 MLS za Cincinnati, nebo reprezenta\u010dn\u00edho nov\u00e1\u010dka Denise Vi\u0161insk\u00e9ho. <\/p>\n<p class=\"b_by\">Nicm\u00e9n\u011b, jestli 74let\u00fd strat\u00e9g zvolil spr\u00e1vnou cestu, uk\u00e1\u017ee pochopiteln\u011b a\u017e samotn\u00e1 bar\u00e1\u017e. Pokud skon\u010d\u00ed postupov\u00fdmi fanf\u00e1rami, bude Koubek kr\u00e1l. V\u00a0opa\u010dn\u00e9m p\u0159\u00edpad\u011b ho za nominaci \u010desk\u00fd fotbalov\u00fd n\u00e1rod sejme.<\/p>\n<p><a data-dot=\"atm-link\" target=\"_self\" href=\"https:\/\/www.sport.cz\/clanek\/fotbal-reprezentace-koubek-uz-vybral-kapitana-na-delsi-dobu-nebudeme-je-stridat-jak-fusekle-rikal-kouc-5422854\" class=\"b_U g_iD\" rel=\"nofollow noopener\"><img fetchpriority=\"high\" height=\"2730\" width=\"3641\" src=\"https:\/\/www.europesays.com\/cz\/wp-content\/uploads\/2026\/03\/5f11.jpeg\" loading=\"eager\" decoding=\"sync\" class=\"b_B b_z\"\/><\/a><\/p>\n","protected":false},"excerpt":{"rendered":"Co se t\u00fdk\u00e1 brank\u00e1\u0159\u016f a\u00a0defenzivn\u00ed \u0159ady, nen\u00ed tam co zpochyb\u0148ovat. G\u00f3lmani a\u00a0obr\u00e1nci s\u00a0moment\u00e1ln\u011b lep\u0161\u00ed formou se nenab\u00edzej\u00ed. Jin\u00e9&hellip;\n","protected":false},"author":2,"featured_media":27527,"comment_status":"","ping_status":"","sticky":false,"template":"","format":"standard","meta":{"footnotes":"","_share_on_mastodon":"0"},"categories":[15],"tags":[3758,172,94,93],"class_list":["post-27526","post","type-post","status-publish","format-standard","has-post-thumbnail","category-sport","tag-ceska-fotbalova-reprezentace","tag-glosa","tag-sport","tag-sports"],"share_on_mastodon":{"url":"https:\/\/pubeurope.com\/@cz\/116246438402583293","error":""},"_links":{"self":[{"href":"https:\/\/www.europesays.com\/cz\/wp-json\/wp\/v2\/posts\/27526","targetHints":{"allow":["GET"]}}],"collection":[{"href":"https:\/\/www.europesays.com\/cz\/wp-json\/wp\/v2\/posts"}],"about":[{"href":"https:\/\/www.europesays.com\/cz\/wp-json\/wp\/v2\/types\/post"}],"author":[{"embeddable":true,"href":"https:\/\/www.europesays.com\/cz\/wp-json\/wp\/v2\/users\/2"}],"replies":[{"embeddable":true,"href":"https:\/\/www.europesays.com\/cz\/wp-json\/wp\/v2\/comments?post=27526"}],"version-history":[{"count":0,"href":"https:\/\/www.europesays.com\/cz\/wp-json\/wp\/v2\/posts\/27526\/revisions"}],"wp:featuredmedia":[{"embeddable":true,"href":"https:\/\/www.europesays.com\/cz\/wp-json\/wp\/v2\/media\/27527"}],"wp:attachment":[{"href":"https:\/\/www.europesays.com\/cz\/wp-json\/wp\/v2\/media?parent=27526"}],"wp:term":[{"taxonomy":"category","embeddable":true,"href":"https:\/\/www.europesays.com\/cz\/wp-json\/wp\/v2\/categories?post=27526"},{"taxonomy":"post_tag","embeddable":true,"href":"https:\/\/www.europesays.com\/cz\/wp-json\/wp\/v2\/tags?post=27526"}],"curies":[{"name":"wp","href":"https:\/\/api.w.org\/{rel}","templated":true}]}}