{"id":28004,"date":"2026-03-18T09:06:14","date_gmt":"2026-03-18T09:06:14","guid":{"rendered":"https:\/\/www.europesays.com\/cz\/28004\/"},"modified":"2026-03-18T09:06:14","modified_gmt":"2026-03-18T09:06:14","slug":"semifinale-zlinsti-berani-vstupuji-do-semifinalove-serie-s-kolinskymi-kozly","status":"publish","type":"post","link":"https:\/\/www.europesays.com\/cz\/28004\/","title":{"rendered":"SEMIFIN\u00c1LE: Zl\u00edn\u0161t\u00ed Berani vstupuj\u00ed do semifin\u00e1lov\u00e9 s\u00e9rie s kol\u00ednsk\u00fdmi Kozly!"},"content":{"rendered":"<p>\n\t\t\t\t\t\tV\u010dera | Michal Kobyl\u00edk\n\t\t\t\t\t<\/p>\n<p>\n\t\t\t\t\t\tPo \u00fasp\u011b\u0161n\u00e9m p\u0159edkole s rezervou Pardubic \u010dekalo Berany \u010dtvrtfin\u00e1le proti v\u00edt\u011bzi z\u00e1kladn\u00ed \u010d\u00e1sti, pra\u017esk\u00e9 Slavii. V t\u00e9m\u017ee \u010dase kol\u00edn\u0161t\u00ed Kozli bojovali s T\u0159eb\u00ed\u010d\u00ed, kterou nenechali ani jednou v s\u00e9rii bodovat. V semifin\u00e1le se potk\u00e1vaj\u00ed dva t\u00fdmy, kter\u00e9 letos p\u0159ekvapily \u2013 Berani v play-off od\u010di\u0148uj\u00ed ne\u00fasp\u011bchy z\u00e1kladn\u00ed \u010d\u00e1sti a Kozli p\u0159episuj\u00ed klubovou historii postupem do vy\u0159azovac\u00ed \u010d\u00e1sti MAXA ligy! Semifin\u00e1lov\u00e1 s\u00e9rie za\u010d\u00edn\u00e1 z\u00edtra v 18 hodin v Kol\u00edn\u011b!\n\t\t\t\t\t<\/p>\n<p style=\"text-align: center;\" rel=\"text-align: center;\"><a href=\"https:\/\/vstupenky.beranizlin.cz\/event\/RI-OKNA-Berani-Zlin-SC-Marimex-Kolin?imedium=timeline\" rel=\"nofollow noopener\" target=\"_blank\"><img decoding=\"async\" src=\"https:\/\/www.europesays.com\/cz\/wp-content\/uploads\/2026\/03\/Vstupenky-Clanek-2026.jpg\" alt=\"\"\/><\/a>&#13;\n<\/p>\n<p>Berani p\u0159ed semifin\u00e1le<\/p>\n<p>Siln\u00e9 str\u00e1nky Beran\u016f, se kter\u00fdmi vstupuj\u00ed do semifin\u00e1le? Nejaktivn\u011bj\u0161\u00ed st\u0159elba se 4. nejvy\u0161\u0161\u00ed p\u0159esnost\u00ed, kvalitn\u00ed blokov\u00e1n\u00ed st\u0159el a samoz\u0159ejm\u011b \u0161pi\u010dkov\u00e9 individu\u00e1ln\u00ed v\u00fdkony v \u00fatoku, obran\u011b i brankovi\u0161ti.&#13;\n<\/p>\n<p>V TOP des\u00edtce hr\u00e1\u010d\u016f play-off jsou hned t\u0159i zl\u00edn\u0161t\u00ed \u00fato\u010dn\u00edci &#8211; Richard Jar\u016f\u0161ek je v\u016fbec nejproduktivn\u011bj\u0161\u00edm hr\u00e1\u010dem vy\u0159azovac\u00ed \u010d\u00e1sti, v z\u00e1v\u011bsu za n\u00edm jsou kapit\u00e1n Petr Hol\u00edk a mlad\u00edk Luk\u00e1\u0161 He\u0161, kter\u00fd zaz\u00e1\u0159il v rozhoduj\u00edc\u00edm utk\u00e1n\u00ed \u010dtvrtfin\u00e1le proti pra\u017esk\u00e9 Slavie. Tom\u00e1\u0161 Rach\u016fnek se pak py\u0161n\u00ed nejvy\u0161\u0161\u00edm po\u010dtem asistenc\u00ed! Zl\u00ednsk\u00e9 duely v play-off dosud odchytala v\u00fdhradn\u011b g\u00f3lmansk\u00e1 jedni\u010dka Beran\u016f Daniel Huf. V defenzivn\u00ed \u010dinnosti jsou mu n\u00e1pomocn\u00ed nejv\u00edce Mat\u011bj Zav\u0159el, Vojt\u011bch Riedl a V\u00e1clav Veber pat\u0159\u00edc\u00ed k deseti nejob\u011btav\u011bj\u0161\u00edm bloka\u0159\u016fm play-off.&#13;\n<\/p>\n<p>Co predikuje bilance z\u00e1pas\u016f Zl\u00edna a&#13;<br \/>\nKol\u00edna ze z\u00e1kladn\u00ed \u010d\u00e1sti? Bohu\u017eel pro Berany, p\u0159\u00edzniv\u011bj\u0161\u00ed je situace pro&#13;<br \/>\nkol\u00ednsk\u00e9 Kozly &#8211; prvn\u00ed duel prob\u011bhl na zl\u00ednsk\u00e9m led\u011b a dom\u00e1c\u00ed zv\u00edt\u011bzili 3:2, to&#13;<br \/>\nbylo v\u0161ak ze strany Beran\u016f v\u0161echno. Podruh\u00e9 slavili Kozli drtiv\u00e9 v\u00edt\u011bzstv\u00ed 6:0,&#13;<br \/>\nv prosinci pak vyhr\u00e1li fotbalov\u011b 1:0 a solidn\u00ed formu proti Zl\u00ednsk\u00fdm potvrdili v&#13;<br \/>\nlednu kone\u010dn\u00fdm sk\u00f3re 4:3.&#13;\n<\/p>\n<p>Kol\u00edn historicky poprv\u00e9 v semifin\u00e1le prvn\u00ed ligy<\/p>\n<p>Loni hrozba sestupu a nakonec 12. m\u00edsto, letos po z\u00e1kladn\u00ed \u010d\u00e1sti Kol\u00edn slavil klubov\u00fd rekord &#8211; 2. m\u00edsto a 99 bod\u016f! Kozli nav\u00edc do vy\u0159azovac\u00ed \u010d\u00e1sti sout\u011b\u017ee vstoupili v solidn\u00ed form\u011b. By\u0165 byly jeden ze st\u0159elecky nejm\u00e9n\u011b aktivn\u00edch celk\u016f, m\u011bli 4. nejp\u0159esn\u011bj\u0161\u00ed st\u0159elbu. Kol\u00edn byl sice v \u00fanoru nejtrestan\u011bj\u0161\u00ed t\u00fdm, z\u00e1rove\u0148 v\u0161ak ovl\u00e1dal jednu z nejkvalitn\u011bj\u0161\u00edch obran oslaben\u00ed. A minimum blokovan\u00fdch st\u0159el kompenzoval jednat\u0159icetilet\u00fd Jakub Soukup p\u016fvodem z Mostu coby 2. nejlep\u0161\u00ed g\u00f3lman z\u00e1kladn\u00ed \u010d\u00e1sti.&#13;\n<\/p>\n<p>&#13;<\/p>\n<p>A forma v play-off? Kozli pos\u00edlili v ofenziv\u011b a jsou 2. st\u0159elecky nejaktivn\u011bj\u0161\u00ed celek, ov\u0161em za cenu ni\u017e\u0161\u00ed \u00fasp\u011b\u0161nosti. V \u00fatoku maj\u00ed oporu tak\u00e9 v kvalitn\u00ed rozehr\u00e1vce, slabinou jsou p\u0159esilovky i oslaben\u00ed. P\u0159i pln\u00e9m po\u010dtu je ov\u0161em kol\u00ednsk\u00e1 defenziva nejpevn\u011bj\u0161\u00ed, by\u0165 st\u00e1le nejm\u00e9n\u011b blokuj\u00edc\u00ed. A brank\u00e1\u0159 Soukup si dr\u017e\u00ed svou neofici\u00e1ln\u00ed \u201est\u0159\u00edbrnou\u201c pozici v \u00fasp\u011b\u0161nosti z\u00e1sah\u016f. Vedlej\u0161\u00edm pozitivem leto\u0161n\u00ed \u00fasp\u011b\u0161n\u00e9 sez\u00f3ny Kol\u00edna je tak\u00e9 nadpr\u016fm\u011brn\u00e1 n\u00e1v\u0161t\u011bvnost dom\u00e1c\u00edch utk\u00e1n\u00ed \u2013 Berani tedy nebudou v semifin\u00e1le ochuzeni o kvalitn\u00ed atmosf\u00e9ru ani mimo zl\u00ednsk\u00fd led.&#13;\n<\/p>\n<p>\t\u201eRealiza\u010dn\u00ed t\u00fdm je fantastick\u00fd, potkala se tu velmi dobr\u00e1 parta lid\u00ed, i co se t\u00fd\u010de hr\u00e1\u010d\u016f, na stadion chod\u00edm velmi r\u00e1d&#8230;v\u0161echny se to odrazilo ve v\u00fdsledc\u00edch. Kluci d\u011blaj\u00ed n\u011bjak\u00fdm zp\u016fsobem to, co po nich chceme, zjistili, \u017ee to m\u00e1 smysl a ten postup do semifin\u00e1le je zaslou\u017een\u00fd.\u201c<\/p>\n<p>Peter Oremus, tren\u00e9r RI OKNA Berani Zl\u00edn&#13;\n\t<\/p>\n<p>Tabulkov\u00ed l\u00edd\u0159i Kozl\u016f? Se \u0161esti body je nejproduktivn\u011bj\u0161\u00edm hr\u00e1\u010dem pardubick\u00fd odchovanec Jan Vesel\u00fd, kter\u00fd v \u010dase 59:59 posunul posledn\u00ed z\u00e1pas \u010dtvrtfin\u00e1le s T\u0159eb\u00ed\u010d\u00ed do prodlou\u017een\u00ed, v n\u00e1jezdech pak Kol\u00ednu vyst\u0159elil postup kapit\u00e1n Petr Kolmann, kter\u00fd nastupuje coby p\u0159edn\u00ed bek Kozl\u016f. V ofenziv\u011b St\u0159edo\u010dech\u016f vynikne t\u00e9\u017e mlad\u00fd Petr Moravec orientuj\u00edc\u00ed se na g\u00f3lov\u00e9 asistence. Jako nejlep\u0161\u00ed bloka\u0159 se moment\u00e1ln\u011b profiluje David S\u00fdkora, kter\u00fd letos hr\u00e1l i za extraligov\u00fd Hradec Kr\u00e1lov\u00e9. Dvojkou k Soukupovi v br\u00e1n\u011b byl v z\u00e1kladn\u00ed \u010d\u00e1sti Jan Kasal, mladi\u010dk\u00fd g\u00f3lman odchytal 17 utk\u00e1n\u00ed.<\/p>\n<p>1. utk\u00e1n\u00ed semifin\u00e1le MAXA ligy&#13;<br \/>\nmezi RI OKNA Berani Zl\u00edn a SC Marimex Kol\u00edn se odehraje z\u00edtra od 18:00 na kol\u00ednsk\u00e9m&#13;<br \/>\nZimn\u00edm stadionu. Utk\u00e1n\u00ed bude mo\u017en\u00e9 sledovat \u017eiv\u011b na platform\u00e1ch Hokejka.tv a&#13;<br \/>\nOnlajny.com!&#13;<br \/>\n\t&#13;\n<\/p>\n<p>Statistiky t\u00fdm\u016f v play-off<\/p>\n","protected":false},"excerpt":{"rendered":"V\u010dera | Michal Kobyl\u00edk Po \u00fasp\u011b\u0161n\u00e9m p\u0159edkole s rezervou Pardubic \u010dekalo Berany \u010dtvrtfin\u00e1le proti v\u00edt\u011bzi z\u00e1kladn\u00ed \u010d\u00e1sti, pra\u017esk\u00e9&hellip;\n","protected":false},"author":2,"featured_media":28005,"comment_status":"","ping_status":"","sticky":false,"template":"","format":"standard","meta":{"footnotes":"","_share_on_mastodon":"0"},"categories":[15],"tags":[2659,3529,2657,29,3530,94,93,2564],"class_list":["post-28004","post","type-post","status-publish","format-standard","has-post-thumbnail","category-sport","tag-extraliga-cr","tag-hc-psg-zlin","tag-hockey","tag-hokej","tag-hokej-ve-zline","tag-sport","tag-sports","tag-zlin"],"share_on_mastodon":{"url":"https:\/\/pubeurope.com\/@cz\/116249387861109388","error":""},"_links":{"self":[{"href":"https:\/\/www.europesays.com\/cz\/wp-json\/wp\/v2\/posts\/28004","targetHints":{"allow":["GET"]}}],"collection":[{"href":"https:\/\/www.europesays.com\/cz\/wp-json\/wp\/v2\/posts"}],"about":[{"href":"https:\/\/www.europesays.com\/cz\/wp-json\/wp\/v2\/types\/post"}],"author":[{"embeddable":true,"href":"https:\/\/www.europesays.com\/cz\/wp-json\/wp\/v2\/users\/2"}],"replies":[{"embeddable":true,"href":"https:\/\/www.europesays.com\/cz\/wp-json\/wp\/v2\/comments?post=28004"}],"version-history":[{"count":0,"href":"https:\/\/www.europesays.com\/cz\/wp-json\/wp\/v2\/posts\/28004\/revisions"}],"wp:featuredmedia":[{"embeddable":true,"href":"https:\/\/www.europesays.com\/cz\/wp-json\/wp\/v2\/media\/28005"}],"wp:attachment":[{"href":"https:\/\/www.europesays.com\/cz\/wp-json\/wp\/v2\/media?parent=28004"}],"wp:term":[{"taxonomy":"category","embeddable":true,"href":"https:\/\/www.europesays.com\/cz\/wp-json\/wp\/v2\/categories?post=28004"},{"taxonomy":"post_tag","embeddable":true,"href":"https:\/\/www.europesays.com\/cz\/wp-json\/wp\/v2\/tags?post=28004"}],"curies":[{"name":"wp","href":"https:\/\/api.w.org\/{rel}","templated":true}]}}