{"id":28203,"date":"2026-03-18T12:17:07","date_gmt":"2026-03-18T12:17:07","guid":{"rendered":"https:\/\/www.europesays.com\/cz\/28203\/"},"modified":"2026-03-18T12:17:07","modified_gmt":"2026-03-18T12:17:07","slug":"v-lyzarskem-stredisku-ve-svycarsku-se-utrhla-gondola-z-lanovky","status":"publish","type":"post","link":"https:\/\/www.europesays.com\/cz\/28203\/","title":{"rendered":"V ly\u017ea\u0159sk\u00e9m st\u0159edisku ve \u0160v\u00fdcarsku se utrhla gondola z\u00a0lanovky"},"content":{"rendered":"<p class=\"c_bz\">Video ukazuje, jak se gondola utrhla, spadla na zasn\u011b\u017een\u00fd svah a\u00a0n\u011bkolikr\u00e1t se p\u0159evr\u00e1tila. Nehoda se stala kr\u00e1tce po 11.\u00a0hodin\u011b, \u0159ekl sv\u011bdek \u0161v\u00fdcarsk\u00e9mu port\u00e1lu 20\u00a0minut. <\/p>\n<p class=\"c_bz\">Za ne\u0161t\u011bst\u00edm je z\u0159ejm\u011b siln\u00fd v\u00edtr. Navzdory tomu, \u017ee na vrcholech dosahoval v\u00edtr rychlosti a\u017e 80\u00a0km\/h byly n\u011bkter\u00e9 vleky v\u00a0are\u00e1lu Titlis (82\u00a0kilometr\u016f sjezdovek) v\u00a0Engelbergu otev\u0159eny.<\/p>\n<p class=\"c_bz\">\u201eByl to \u0161okuj\u00edc\u00ed pohled. Stra\u0161n\u011b foukalo a\u00a0najednou to trhlo, lano se prohnulo a\u00a0gondola padala. Po dopadu se n\u011bkolikr\u00e1t oto\u010dila,\u201c uvedl o\u010dit\u00fd sv\u011bdek. Zran\u011bn\u00e9ho z\u00e1chran\u00e1\u0159i o\u017eivovali podle jeho slov 30\u00a0minut.<\/p>\n<p class=\"c_bz\">Do z\u00e1chrann\u00e9 operace byl nasazen vrtuln\u00edk.<\/p>\n<p class=\"c_bz\">Ve \u0161v\u00fdcarsk\u00fdch m\u00e9di\u00edch se objevilo <a data-dot=\"atm-link\" target=\"_blank\" rel=\"noopener nofollow\" href=\"https:\/\/www.blick.ch\/schweiz\/zentralschweiz\/obwalden\/rettung-im-gange-video-zeigt-gondelabsturz-in-engelberg-id21792586.html\" class=\"c_N\">video<\/a>, kter\u00e9 ukazuje hav\u00e1rii lanovky. Sj\u00ed\u017ed\u00ed po sn\u011bhem pokryt\u00e9m svahu a\u00a0n\u011bkolikr\u00e1t se p\u0159evrac\u00ed.<\/p>\n<p><a data-dot=\"atm-link\" target=\"_self\" href=\"https:\/\/www.novinky.cz\/clanek\/zahranicni-drama-v-cinskem-ski-arealu-sedacky-lanovky-se-ritily-dolu-lide-v-panice-seskakovali-40564209\" class=\"c_N\" rel=\"nofollow noopener\"><img fetchpriority=\"high\" height=\"1080\" width=\"1920\" src=\"https:\/\/www.europesays.com\/cz\/wp-content\/uploads\/2026\/03\/cina-lanovka-porucha-nehoda-ski-resort.jpeg\" loading=\"eager\" decoding=\"sync\" class=\"c_t c_r\"\/><\/a><\/p>\n","protected":false},"excerpt":{"rendered":"Video ukazuje, jak se gondola utrhla, spadla na zasn\u011b\u017een\u00fd svah a\u00a0n\u011bkolikr\u00e1t se p\u0159evr\u00e1tila. Nehoda se stala kr\u00e1tce po&hellip;\n","protected":false},"author":2,"featured_media":28204,"comment_status":"","ping_status":"","sticky":false,"template":"","format":"standard","meta":{"footnotes":"","_share_on_mastodon":"0"},"categories":[10],"tags":[12677,17,21,7237,3145,16,898,18,19,22,20],"class_list":["post-28203","post","type-post","status-publish","format-standard","has-post-thumbnail","category-zpravy","tag-gondola","tag-headlines","tag-hlavni-udalosti","tag-lanovka","tag-nehody","tag-news","tag-svycarsko","tag-top-news","tag-top-stories","tag-udalosti-dne","tag-zpravy"],"share_on_mastodon":{"url":"https:\/\/pubeurope.com\/@cz\/116250138582914884","error":""},"_links":{"self":[{"href":"https:\/\/www.europesays.com\/cz\/wp-json\/wp\/v2\/posts\/28203","targetHints":{"allow":["GET"]}}],"collection":[{"href":"https:\/\/www.europesays.com\/cz\/wp-json\/wp\/v2\/posts"}],"about":[{"href":"https:\/\/www.europesays.com\/cz\/wp-json\/wp\/v2\/types\/post"}],"author":[{"embeddable":true,"href":"https:\/\/www.europesays.com\/cz\/wp-json\/wp\/v2\/users\/2"}],"replies":[{"embeddable":true,"href":"https:\/\/www.europesays.com\/cz\/wp-json\/wp\/v2\/comments?post=28203"}],"version-history":[{"count":0,"href":"https:\/\/www.europesays.com\/cz\/wp-json\/wp\/v2\/posts\/28203\/revisions"}],"wp:featuredmedia":[{"embeddable":true,"href":"https:\/\/www.europesays.com\/cz\/wp-json\/wp\/v2\/media\/28204"}],"wp:attachment":[{"href":"https:\/\/www.europesays.com\/cz\/wp-json\/wp\/v2\/media?parent=28203"}],"wp:term":[{"taxonomy":"category","embeddable":true,"href":"https:\/\/www.europesays.com\/cz\/wp-json\/wp\/v2\/categories?post=28203"},{"taxonomy":"post_tag","embeddable":true,"href":"https:\/\/www.europesays.com\/cz\/wp-json\/wp\/v2\/tags?post=28203"}],"curies":[{"name":"wp","href":"https:\/\/api.w.org\/{rel}","templated":true}]}}