{"id":29557,"date":"2026-03-19T17:53:10","date_gmt":"2026-03-19T17:53:10","guid":{"rendered":"https:\/\/www.europesays.com\/cz\/29557\/"},"modified":"2026-03-19T17:53:10","modified_gmt":"2026-03-19T17:53:10","slug":"zije-v-ustrani-na-oscary-ale-dorazila-navrat-helen-huntove","status":"publish","type":"post","link":"https:\/\/www.europesays.com\/cz\/29557\/","title":{"rendered":"\u017dije v \u00fastran\u00ed, na Oscary ale dorazila: N\u00e1vrat Helen Huntov\u00e9!"},"content":{"rendered":"<p>\u201eLidi se m\u011b ptaj\u00ed, kam jsem se pod\u011bla. Je ale rozd\u00edl mezi t\u00edm b\u00fdt slavn\u00e1 a pracovn\u00ed vyt\u00ed\u017eenost\u00ed,\u201c uvedla americk\u00e1 um\u011blkyn\u011b, kter\u00e1 dnes up\u0159ednost\u0148uje re\u017eii p\u0159ed herectv\u00edm, kter\u00e9 je j\u00ed bli\u017e\u0161\u00ed. Logick\u00fdm n\u00e1sledkem v\u0161ak je, \u017ee u\u017e nen\u00ed tolik na o\u010d\u00edch, nav\u00edc pracovn\u00edch projekt\u016f si bere jen poskrovnu.<\/p>\n<p style=\"text-align: center;\">Evropa 2 p\u0159ed\u00e1v\u00e1n\u00ed cen &#8211; Leo\u0161 Mare\u0161<\/p>\n<p>\u201eHran\u00ed je skv\u011bl\u00e9 pro mlad\u00e9: Cestujete, m\u00e1te milence a chod\u00edte od role k roli. S v\u011bkem ale chcete m\u00edt sv\u016fj \u017eivot a b\u00fdt sami sebou,\u201c vysv\u011btlila s t\u00edm, \u017ee necht\u011bla b\u00fdt slavn\u00e1 nav\u017edy.<\/p>\n<p style=\"text-align: center;\">Nejlep\u0161\u00ed a nehor\u0161\u00ed modely \u010cesk\u00fdch lv\u016f podle styslisty<\/p>\n<p>    <a href=\"https:\/\/www.ahaonline.cz\/clanek\/zhave-drby\/172584\/herecka-helen-huntova-v-56-letech-surfarka-a-porad-kost.html\" rel=\"nofollow noopener\" target=\"_blank\"><\/p>\n<p>        <img decoding=\"async\" src=\"https:\/\/www.europesays.com\/cz\/wp-content\/uploads\/2026\/03\/18-new_bigtitle-2552235.jpg\" alt=\"Here\u010dka Helen Huntov\u00e1 v 56 letech: Surfa\u0159ka, a po\u0159\u00e1d kost\" title=\"Here\u010dka Helen Huntov\u00e1 v 56 letech: Surfa\u0159ka, a po\u0159\u00e1d kost\" height=\"140\" width=\"220\" class=\"lazyload \" loading=\"lazy\" \/><\/p>\n<p>    <\/a><\/p>\n","protected":false},"excerpt":{"rendered":"\u201eLidi se m\u011b ptaj\u00ed, kam jsem se pod\u011bla. Je ale rozd\u00edl mezi t\u00edm b\u00fdt slavn\u00e1 a pracovn\u00ed vyt\u00ed\u017eenost\u00ed,\u201c&hellip;\n","protected":false},"author":2,"featured_media":29558,"comment_status":"","ping_status":"","sticky":false,"template":"","format":"standard","meta":{"footnotes":"","_share_on_mastodon":"0"},"categories":[14],"tags":[13129,79,13128,1577,11173,80,163],"class_list":["post-29557","post","type-post","status-publish","format-standard","has-post-thumbnail","category-zabava","tag-afterparty","tag-entertainment","tag-helen-hunt","tag-herecka","tag-oscar","tag-zabava","tag-zhave-drby"],"share_on_mastodon":{"url":"https:\/\/pubeurope.com\/@cz\/116257122067960582","error":""},"_links":{"self":[{"href":"https:\/\/www.europesays.com\/cz\/wp-json\/wp\/v2\/posts\/29557","targetHints":{"allow":["GET"]}}],"collection":[{"href":"https:\/\/www.europesays.com\/cz\/wp-json\/wp\/v2\/posts"}],"about":[{"href":"https:\/\/www.europesays.com\/cz\/wp-json\/wp\/v2\/types\/post"}],"author":[{"embeddable":true,"href":"https:\/\/www.europesays.com\/cz\/wp-json\/wp\/v2\/users\/2"}],"replies":[{"embeddable":true,"href":"https:\/\/www.europesays.com\/cz\/wp-json\/wp\/v2\/comments?post=29557"}],"version-history":[{"count":0,"href":"https:\/\/www.europesays.com\/cz\/wp-json\/wp\/v2\/posts\/29557\/revisions"}],"wp:featuredmedia":[{"embeddable":true,"href":"https:\/\/www.europesays.com\/cz\/wp-json\/wp\/v2\/media\/29558"}],"wp:attachment":[{"href":"https:\/\/www.europesays.com\/cz\/wp-json\/wp\/v2\/media?parent=29557"}],"wp:term":[{"taxonomy":"category","embeddable":true,"href":"https:\/\/www.europesays.com\/cz\/wp-json\/wp\/v2\/categories?post=29557"},{"taxonomy":"post_tag","embeddable":true,"href":"https:\/\/www.europesays.com\/cz\/wp-json\/wp\/v2\/tags?post=29557"}],"curies":[{"name":"wp","href":"https:\/\/api.w.org\/{rel}","templated":true}]}}