{"id":30339,"date":"2026-03-20T11:41:48","date_gmt":"2026-03-20T11:41:48","guid":{"rendered":"https:\/\/www.europesays.com\/cz\/30339\/"},"modified":"2026-03-20T11:41:48","modified_gmt":"2026-03-20T11:41:48","slug":"prusa-poprve-propoustel-tym-rostl-rychleji-nez-byznys-vysvetluje","status":"publish","type":"post","link":"https:\/\/www.europesays.com\/cz\/30339\/","title":{"rendered":"Pr\u016f\u0161a poprv\u00e9 propou\u0161t\u011bl. T\u00fdm rostl rychleji ne\u017e byznys, vysv\u011btluje"},"content":{"rendered":"<p>\u010cesk\u00e1 spole\u010dnost Prusa Research, kter\u00e1 se zab\u00fdv\u00e1 v\u00fdrobou 3D tisk\u00e1ren, <a href=\"https:\/\/www.e15.cz\/byznys\/prumysl-a-energetika\/propousti-a-vyplaci-zavratne-odstupne-nemecky-gigant-tusi-dalsi-skrty-ceske-zavody-v-nejistote-1430594\" target=\"_blank\" rel=\"noopener nofollow\">sn\u00ed\u017eila po\u010det pracovn\u00edch pozic<\/a>.\u00a0Zam\u011bstnanc\u016fm to v intern\u00ed komunikaci, kterou m\u00e1 redakce e15 k dispozici, sd\u011blil spolumajitel firmy Ond\u0159ej Pr\u016f\u0161a. \u201eM\u00e1m pro v\u00e1s dnes jednu d\u016fle\u017eitou zpr\u00e1vu, kter\u00e1 se mi nep\u00ed\u0161e v\u016fbec lehce. Ale je nutn\u00e1,\u201c za\u010d\u00edn\u00e1 zpr\u00e1va.\u00a0<\/p>\n<p>Podle Pr\u016f\u0161i se velikost spole\u010dnosti co do po\u010dtu zam\u011bstnanc\u016f v posledn\u00edch letech neust\u00e1le zv\u011bt\u0161ovala a aktu\u00e1ln\u011b \u010d\u00edt\u00e1 1144 lid\u00ed. S p\u0159ib\u00fdvaj\u00edc\u00edmi projekty firmy rostl i jej\u00ed t\u00fdm, a to rychleji ne\u017e jej\u00ed byznys. \u201eDostali jsme se do situace, kdy n\u00e1m n\u00e1klady rostou rychleji ne\u017e p\u0159\u00edjmy. A to p\u0159est\u00e1v\u00e1 d\u00e1vat smysl,\u201c vysv\u011btluje d\u00e1l.\u00a0<\/p>\n<p>Propou\u0161t\u011bn\u00ed se dotklo asi 70 lid\u00ed, jak n\u00e1sledn\u011b redakci e15 po telefonu potvrdil zakladatel a spolumajitel spole\u010dnosti Josef Pr\u016f\u0161a. Mluv\u010d\u00ed firmy Jakub Kmo\u0161ek n\u00e1sledn\u011b v ofici\u00e1ln\u00edm vyj\u00e1d\u0159en\u00ed uvedl, \u017ee se jednalo o nev\u00fdrobn\u00ed m\u00edsta, z nich\u017e \u010d\u00e1st tvo\u0159ili externist\u00e9. Firma podle n\u011bj v uplynul\u00fdch \u010dty\u0159ech letech nabrala p\u0159es 500 lid\u00ed.\u00a0<\/p>\n<p>Naopak v\u00fdrobn\u00ed \u010d\u00e1sti podniku se nyn\u011bj\u0161\u00ed zm\u011bny nijak nedot\u00fdkaj\u00ed, a firma podle Kmo\u0161ka dokonce st\u00e1le nest\u00edh\u00e1 naplnit popt\u00e1vku po n\u011bkter\u00fdch modelech tisk\u00e1ren.\u00a0<\/p>\n<p>Ve spole\u010dnosti se jedn\u00e1 o prvn\u00ed hromadn\u00e9 propou\u0161t\u011bn\u00ed. \u201eNikdy jsme nic podobn\u00e9ho ned\u011blali. Ale je to norm\u00e1ln\u00ed v\u011bc, kterou firmy, co rychle vyrostou, \u010das od \u010dasu prost\u011b ud\u011blat mus\u00ed, aby z\u016fstaly zdrav\u00e9,\u201c doplnil Ond\u0159ej Pr\u016f\u0161a, podle n\u011bho\u017e se nastal\u00e1 situace m\u011bla \u0159e\u0161it ji\u017e loni.\u00a0<\/p>\n<p>Nepln\u011bn\u00ed c\u00edl\u016f<\/p>\n<p>Firma od za\u010d\u00e1tku leto\u0161n\u00edho roku podle Pr\u016f\u0161ova vyj\u00e1d\u0159en\u00ed zam\u011bstnanc\u016fm nepln\u00ed sv\u00e9 prodejn\u00ed c\u00edle ani na 90 procent. \u201eS velk\u00fdmi fixn\u00edmi n\u00e1klady, rostouc\u00ed konkurenc\u00ed, poklesem kurzu dolaru a dal\u0161\u00edmi d\u016fvody, kter\u00e9 ne v\u0161echny m\u016f\u017eeme ovlivnit, je to dost nep\u0159\u00edzniv\u00e1 kombinace,\u201c uv\u00e1d\u00ed d\u00e1le spolumajitel firmy ve sd\u011blen\u00ed, kter\u00e9 sv\u00fdm lidem zaslal prost\u0159ednictv\u00edm s\u00edt\u011b Slack. Podle n\u011bj nav\u00edc podnik pl\u00e1nuje na leto\u0161n\u00ed rok dal\u0161\u00ed produkty, jejich\u017e p\u0159\u00edpadn\u00e9 odlo\u017een\u00ed by znamenalo dal\u0161\u00ed propad v c\u00edlen\u00fdch prodej\u00edch.\u00a0<\/p>\n<p>\u201eV posledn\u00edch letech jsme raketov\u011b rostli. Otev\u0159eli jsme novou tov\u00e1rnu v Hradci Kr\u00e1lov\u00e9 a novou roz\u0161\u00ed\u0159enou v\u00fdrobu filament\u016f v Praze, kde jsme v\u00edce ne\u017e zdvojn\u00e1sobili po\u010det v\u00fdrobn\u00edch linek. Vedle toho jsme investovali do v\u00fdvoje nov\u00e9 produktov\u00e9 \u0159ady Prusa Pro, kter\u00e1 roz\u0161i\u0159uje na\u0161e portfolio sm\u011brem k pr\u016fmyslov\u00e9mu 3D tisku, a do \u0159ady dal\u0161\u00edch inovativn\u00edch projekt\u016f, kter\u00e9 p\u0159ijdou na trh v n\u00e1sleduj\u00edc\u00edch m\u011bs\u00edc\u00edch a letech. N\u011bkter\u00e9 z nich jsme pl\u00e1novali vydat u\u017e loni, ale rozhodli jsme se pro del\u0161\u00ed \u010das na v\u00fdvoj a testov\u00e1n\u00ed, co\u017e ovlivnilo i na\u0161e prodejn\u00ed c\u00edle, kter\u00e9 s t\u011bmito produkty po\u010d\u00edtaly,\u201c vysv\u011btluje Kmo\u0161ek. Podnik m\u00e1 svou v\u00fdrobu tak\u00e9 v USA.\u00a0<\/p>\n<p><a class=\"article-card__image\" data-ac-image=\"\" href=\"https:\/\/www.e15.cz\/byznys\/miliardar-nemec-meni-svuj-sportovni-byznys-chce-ukazat-americanum-kastle-1431448\" title=\"Miliard\u00e1\u0159 N\u011bmec m\u011bn\u00ed sv\u016fj sportovn\u00ed byznys, chce uk\u00e1zat Ameri\u010dan\u016fm K\u00e4stle\" rel=\"nofollow noopener\" target=\"_blank\"><img decoding=\"async\" alt=\"Miliard\u00e1\u0159 N\u011bmec m\u011bn\u00ed sv\u016fj sportovn\u00ed byznys, chce uk\u00e1zat Ameri\u010dan\u016fm K\u00e4stle\" title=\"Miliard\u00e1\u0159 N\u011bmec m\u011bn\u00ed sv\u016fj sportovn\u00ed byznys, chce uk\u00e1zat Ameri\u010dan\u016fm K\u00e4stle\" class=\"\" data-magazine=\"\" src=\"https:\/\/www.europesays.com\/cz\/wp-content\/uploads\/2026\/03\/7987642.jpg\" loading=\"lazy\" style=\"aspect-ratio: 328 \/ 184\"\/><\/a><a class=\"article-card__title-link line-limit-3\" data-ac-title=\"\" href=\"https:\/\/www.e15.cz\/byznys\/miliardar-nemec-meni-svuj-sportovni-byznys-chce-ukazat-americanum-kastle-1431448\" title=\"Miliard\u00e1\u0159 N\u011bmec m\u011bn\u00ed sv\u016fj sportovn\u00ed byznys, chce uk\u00e1zat Ameri\u010dan\u016fm K\u00e4stle\" rel=\"nofollow noopener\" target=\"_blank\">Miliard\u00e1\u0159 N\u011bmec m\u011bn\u00ed sv\u016fj sportovn\u00ed byznys, chce uk\u00e1zat Ameri\u010dan\u016fm K\u00e4stle<\/a><\/p>\n<p>Krom\u011b propou\u0161t\u011bn\u00ed pl\u00e1nuje Prusa Research zav\u00e9st i celkov\u011b v\u011bt\u0161\u00ed kontrolu n\u00e1klad\u016f. C\u00edlem m\u00e1 b\u00fdt dostat mar\u017ee firmy na \u00farove\u0148, na n\u00ed\u017e se nach\u00e1zely v roce 2024.\u00a0<\/p>\n<p>Podle posledn\u00ed zve\u0159ejn\u011bn\u00e9 \u00fa\u010detn\u00ed z\u00e1v\u011brky za p\u0159edlo\u0148sk\u00fd rok vyk\u00e1zala spole\u010dnost Prusa Research\u00a0<a href=\"https:\/\/www.e15.cz\/byznys\/cesky-vyrobce-3d-tiskaren-roste-i-pres-boj-s-cinou-prusa-loni-utrzil-skoro-ctyri-miliardy-1428391\" target=\"_blank\" rel=\"noopener nofollow\">obrat 3,65 miliardy korun<\/a>,\u00a0o zhruba 750 milion\u016f korun v\u00edce ne\u017e v p\u0159ede\u0161l\u00e9m roce. Mezi roky 2023 a 2024 rostl tak\u00e9 \u010dist\u00fd zisk firmy, z 21,6 milionu korun na 47,3 milionu. Ond\u0159ej Pr\u016f\u0161a a Josef Pr\u016f\u0161a, kte\u0159\u00ed i p\u0159es stejn\u00e1 jm\u00e9na nejsou p\u0159\u00edbuzn\u00ed, dr\u017e\u00ed ka\u017ed\u00fd 42,5 procenta spole\u010dnosti, zbyl\u00fdch 15 procent p\u0159ipad\u00e1 Josefovu bratru Michalovi.\u00a0<\/p>\n","protected":false},"excerpt":{"rendered":"\u010cesk\u00e1 spole\u010dnost Prusa Research, kter\u00e1 se zab\u00fdv\u00e1 v\u00fdrobou 3D tisk\u00e1ren, sn\u00ed\u017eila po\u010det pracovn\u00edch pozic.\u00a0Zam\u011bstnanc\u016fm to v intern\u00ed komunikaci,&hellip;\n","protected":false},"author":2,"featured_media":30340,"comment_status":"","ping_status":"","sticky":false,"template":"","format":"standard","meta":{"footnotes":"","_share_on_mastodon":"0"},"categories":[30],"tags":[13110,98,99,13109,13311,113,2132],"class_list":["post-30339","post","type-post","status-publish","format-standard","has-post-thumbnail","category-praha","tag-josef-prusa","tag-prague","tag-praha","tag-prusa-research","tag-slack","tag-usa","tag-vyroba"],"share_on_mastodon":{"url":"https:\/\/pubeurope.com\/@cz\/116261325547285594","error":""},"_links":{"self":[{"href":"https:\/\/www.europesays.com\/cz\/wp-json\/wp\/v2\/posts\/30339","targetHints":{"allow":["GET"]}}],"collection":[{"href":"https:\/\/www.europesays.com\/cz\/wp-json\/wp\/v2\/posts"}],"about":[{"href":"https:\/\/www.europesays.com\/cz\/wp-json\/wp\/v2\/types\/post"}],"author":[{"embeddable":true,"href":"https:\/\/www.europesays.com\/cz\/wp-json\/wp\/v2\/users\/2"}],"replies":[{"embeddable":true,"href":"https:\/\/www.europesays.com\/cz\/wp-json\/wp\/v2\/comments?post=30339"}],"version-history":[{"count":0,"href":"https:\/\/www.europesays.com\/cz\/wp-json\/wp\/v2\/posts\/30339\/revisions"}],"wp:featuredmedia":[{"embeddable":true,"href":"https:\/\/www.europesays.com\/cz\/wp-json\/wp\/v2\/media\/30340"}],"wp:attachment":[{"href":"https:\/\/www.europesays.com\/cz\/wp-json\/wp\/v2\/media?parent=30339"}],"wp:term":[{"taxonomy":"category","embeddable":true,"href":"https:\/\/www.europesays.com\/cz\/wp-json\/wp\/v2\/categories?post=30339"},{"taxonomy":"post_tag","embeddable":true,"href":"https:\/\/www.europesays.com\/cz\/wp-json\/wp\/v2\/tags?post=30339"}],"curies":[{"name":"wp","href":"https:\/\/api.w.org\/{rel}","templated":true}]}}