{"id":30408,"date":"2026-03-20T13:08:13","date_gmt":"2026-03-20T13:08:13","guid":{"rendered":"https:\/\/www.europesays.com\/cz\/30408\/"},"modified":"2026-03-20T13:08:13","modified_gmt":"2026-03-20T13:08:13","slug":"estonsky-vzdusny-prostor-narusil-rusky-vojensky-letoun-uvedl-tallinn","status":"publish","type":"post","link":"https:\/\/www.europesays.com\/cz\/30408\/","title":{"rendered":"Estonsk\u00fd vzdu\u0161n\u00fd prostor naru\u0161il rusk\u00fd vojensk\u00fd letoun, uvedl Tallinn"},"content":{"rendered":"<p class=\"e_bV\">\u010cl\u00e1nek si tak\u00e9 m\u016f\u017eete poslechnout v\u00a0audioverzi.<\/p>\n<p class=\"e_bV\">Estonsk\u00fd vzdu\u0161n\u00fd prostor ve st\u0159edu naru\u0161il rusk\u00fd vojensk\u00fd letoun, ministerstvo zahrani\u010d\u00ed v\u00a0Tallinnu si proto ve \u010dtvrtek p\u0159edvolalo rusk\u00e9ho charg\u00e9 d&#8217;affaires, aby mu p\u0159edalo protestn\u00ed n\u00f3tu. S\u00a0odvol\u00e1n\u00edm na diplomacii a\u00a0resort obrany pobaltsk\u00e9 zem\u011b to uvedla estonsk\u00e1 ve\u0159ejnopr\u00e1vn\u00ed stanice <a data-dot=\"atm-link\" target=\"_blank\" rel=\"noopener nofollow\" href=\"https:\/\/news.err.ee\/1609971959\/russian-fighter-jet-breaches-estonia-s-airspace\" class=\"e_n\">ERR<\/a> na sv\u00e9m webu. Moskva se nevyj\u00e1d\u0159ila.<\/p>\n<p class=\"e_bV\">Rusk\u00fd bojov\u00fd letoun Suchoj Su-30\u00a0pronikl do estonsk\u00e9ho vzdu\u0161n\u00e9ho prostoru pobl\u00ed\u017e ostrova Vaindloo a\u00a0setrval v\u00a0n\u011bm p\u0159ibli\u017en\u011b minutu, uvedla stanice.<\/p>\n<p><a data-dot=\"mol-article-card-media\" aria-hidden=\"true\" tabindex=\"-1\" href=\"https:\/\/www.seznamzpravy.cz\/clanek\/zahranicni-tri-ruske-stihacky-narusily-estonsky-vzdusny-prostor-uvedl-tallinn-286528\" class=\"e_n f_lY\" rel=\"nofollow noopener\" target=\"_blank\"><img fetchpriority=\"high\" height=\"1979\"   width=\"3519\" src=\"https:\/\/www.europesays.com\/cz\/wp-content\/uploads\/2026\/03\/mig-31k-stihacka-mig.jpeg\" loading=\"eager\" decoding=\"sync\" class=\"e_aa e_Z\"\/><\/a><\/p>\n<p class=\"e_bV\">\u201eNa naru\u0161en\u00ed reagovala jednotka italsk\u00e9ho letectva a\u00a0nevzniklo \u017e\u00e1dn\u00e9 ohro\u017een\u00ed pro bezpe\u010dnost Estonska,\u201c uvedl ministr zahrani\u010dn\u00edch v\u011bc\u00ed Margus Tsahkna. Dodal, \u017ee posledn\u00ed incident op\u011bt uk\u00e1zal, \u017ee mise NATO, jej\u00edm\u017e c\u00edlem je st\u0159e\u017eit nebe baltsk\u00fdch st\u00e1t\u016f, funguje dob\u0159e.<\/p>\n<p class=\"e_bV\">Zem\u011b na v\u00fdchodn\u00edm k\u0159\u00eddle Severoatlantick\u00e9 aliance se kv\u016fli podobn\u00fdm incident\u016fm loni na podzim ocitly v\u00a0pohotovosti. V\u00a0z\u00e1\u0159\u00ed dv\u011b des\u00edtky rusk\u00fdch dron\u016f pronikly nad \u00fazem\u00ed Polska, n\u00e1sledn\u011b hl\u00e1silo naru\u0161en\u00ed vzdu\u0161n\u00e9ho prostoru rusk\u00fdmi letouny Estonsko i\u00a0Litva. Krom\u011b toho v\u00edcero zem\u00ed NATO a\u00a0Evropsk\u00e9 unie informovalo o\u00a0naru\u0161en\u00ed sv\u00e9ho vzdu\u0161n\u00e9ho prostoru ciz\u00edmi drony.<\/p>\n","protected":false},"excerpt":{"rendered":"\u010cl\u00e1nek si tak\u00e9 m\u016f\u017eete poslechnout v\u00a0audioverzi. Estonsk\u00fd vzdu\u0161n\u00fd prostor ve st\u0159edu naru\u0161il rusk\u00fd vojensk\u00fd letoun, ministerstvo zahrani\u010d\u00ed v\u00a0Tallinnu&hellip;\n","protected":false},"author":2,"featured_media":30409,"comment_status":"","ping_status":"","sticky":false,"template":"","format":"standard","meta":{"footnotes":"","_share_on_mastodon":"0"},"categories":[11],"tags":[267,3209,61,54,53,52],"class_list":["post-30408","post","type-post","status-publish","format-standard","has-post-thumbnail","category-svet","tag-estonsko","tag-letouny","tag-rusko","tag-svet","tag-world","tag-world-news"],"share_on_mastodon":{"url":"https:\/\/pubeurope.com\/@cz\/116261663908255850","error":""},"_links":{"self":[{"href":"https:\/\/www.europesays.com\/cz\/wp-json\/wp\/v2\/posts\/30408","targetHints":{"allow":["GET"]}}],"collection":[{"href":"https:\/\/www.europesays.com\/cz\/wp-json\/wp\/v2\/posts"}],"about":[{"href":"https:\/\/www.europesays.com\/cz\/wp-json\/wp\/v2\/types\/post"}],"author":[{"embeddable":true,"href":"https:\/\/www.europesays.com\/cz\/wp-json\/wp\/v2\/users\/2"}],"replies":[{"embeddable":true,"href":"https:\/\/www.europesays.com\/cz\/wp-json\/wp\/v2\/comments?post=30408"}],"version-history":[{"count":0,"href":"https:\/\/www.europesays.com\/cz\/wp-json\/wp\/v2\/posts\/30408\/revisions"}],"wp:featuredmedia":[{"embeddable":true,"href":"https:\/\/www.europesays.com\/cz\/wp-json\/wp\/v2\/media\/30409"}],"wp:attachment":[{"href":"https:\/\/www.europesays.com\/cz\/wp-json\/wp\/v2\/media?parent=30408"}],"wp:term":[{"taxonomy":"category","embeddable":true,"href":"https:\/\/www.europesays.com\/cz\/wp-json\/wp\/v2\/categories?post=30408"},{"taxonomy":"post_tag","embeddable":true,"href":"https:\/\/www.europesays.com\/cz\/wp-json\/wp\/v2\/tags?post=30408"}],"curies":[{"name":"wp","href":"https:\/\/api.w.org\/{rel}","templated":true}]}}