{"id":31057,"date":"2026-03-21T08:09:12","date_gmt":"2026-03-21T08:09:12","guid":{"rendered":"https:\/\/www.europesays.com\/cz\/31057\/"},"modified":"2026-03-21T08:09:12","modified_gmt":"2026-03-21T08:09:12","slug":"foto-tisice-lidi-v-ulicich-plzne-ohromil-je-festival-svetla","status":"publish","type":"post","link":"https:\/\/www.europesays.com\/cz\/31057\/","title":{"rendered":"FOTO: Tis\u00edce lid\u00ed v\u00a0ulic\u00edch Plzn\u011b. Ohromil je festival sv\u011btla"},"content":{"rendered":"<p class=\"c_bz\">Kv\u016fli obrovsk\u00e9mu z\u00e1jmu v\u00a0minul\u00fdch letech organiz\u00e1to\u0159i tentokr\u00e1t napl\u00e1novali program na t\u0159i dny. Jenom za \u010dtvrte\u010dn\u00ed ve\u010der p\u0159i\u0161lo zhruba p\u011bt tis\u00edc z\u00e1jemc\u016f. Informaci Novink\u00e1m potvrdila mana\u017eerka marketingu po\u0159\u00e1daj\u00edc\u00edho centra DEPO2015\u00a0Lenka Honzov\u00e1. O\u010dek\u00e1v\u00e1, \u017ee nadch\u00e1zej\u00edc\u00ed dny budou je\u0161t\u011b nav\u0161t\u011bvovan\u011bj\u0161\u00ed. <\/p>\n<p class=\"c_bz\">Blik Blik pokra\u010duje v\u00a0p\u00e1tek ve\u010der a\u00a0tak\u00e9 v\u00a0sobotu, v\u017edy od 19\u00a0hodin do p\u016flnoci. Trasa je dlouh\u00e1 t\u0159i a\u00a0p\u016fl kilometru a\u00a0vede od n\u00e1plavky \u0159eky M\u017ee do are\u00e1lu DEPO2015.  <\/p>\n<p><img fetchpriority=\"high\" height=\"2703\"   width=\"3568\" src=\"https:\/\/www.europesays.com\/cz\/wp-content\/uploads\/2026\/03\/festival-svetlo-plzen-umelci.jpeg\" loading=\"eager\" decoding=\"sync\" class=\"c_t c_r\"\/>Foto: Kl\u00e1ra Mr\u00e1zov\u00e1, Novinky<a data-dot=\"atm-link\" target=\"_self\" href=\"https:\/\/www.novinky.cz\/clanek\/kultura-foto-blik-blik-festival-slavi-10-let-k-vyroci-roztancil-mariansky-sloup-40514171\" class=\"c_N\" rel=\"nofollow noopener\"><img height=\"2304\" width=\"4096\" src=\"https:\/\/www.europesays.com\/cz\/wp-content\/uploads\/2026\/03\/blik-blik-festival-festival-svetla.jpeg\" loading=\"eager\" decoding=\"sync\" class=\"c_t c_r\"\/><\/a><\/p>\n","protected":false},"excerpt":{"rendered":"Kv\u016fli obrovsk\u00e9mu z\u00e1jmu v\u00a0minul\u00fdch letech organiz\u00e1to\u0159i tentokr\u00e1t napl\u00e1novali program na t\u0159i dny. Jenom za \u010dtvrte\u010dn\u00ed ve\u010der p\u0159i\u0161lo zhruba&hellip;\n","protected":false},"author":2,"featured_media":31058,"comment_status":"","ping_status":"","sticky":false,"template":"","format":"standard","meta":{"footnotes":"","_share_on_mastodon":"0"},"categories":[7],"tags":[43,42,41,40,13466,9838,1863,13465,1682],"class_list":["post-31057","post","type-post","status-publish","format-standard","has-post-thumbnail","category-cesko","tag-ceska-republika","tag-cesko","tag-czech-republic","tag-czechia","tag-festival-blik-blik","tag-festivaly","tag-plzen","tag-svetlo","tag-umeni"],"share_on_mastodon":{"url":"https:\/\/pubeurope.com\/@cz\/116266150341662159","error":""},"_links":{"self":[{"href":"https:\/\/www.europesays.com\/cz\/wp-json\/wp\/v2\/posts\/31057","targetHints":{"allow":["GET"]}}],"collection":[{"href":"https:\/\/www.europesays.com\/cz\/wp-json\/wp\/v2\/posts"}],"about":[{"href":"https:\/\/www.europesays.com\/cz\/wp-json\/wp\/v2\/types\/post"}],"author":[{"embeddable":true,"href":"https:\/\/www.europesays.com\/cz\/wp-json\/wp\/v2\/users\/2"}],"replies":[{"embeddable":true,"href":"https:\/\/www.europesays.com\/cz\/wp-json\/wp\/v2\/comments?post=31057"}],"version-history":[{"count":0,"href":"https:\/\/www.europesays.com\/cz\/wp-json\/wp\/v2\/posts\/31057\/revisions"}],"wp:featuredmedia":[{"embeddable":true,"href":"https:\/\/www.europesays.com\/cz\/wp-json\/wp\/v2\/media\/31058"}],"wp:attachment":[{"href":"https:\/\/www.europesays.com\/cz\/wp-json\/wp\/v2\/media?parent=31057"}],"wp:term":[{"taxonomy":"category","embeddable":true,"href":"https:\/\/www.europesays.com\/cz\/wp-json\/wp\/v2\/categories?post=31057"},{"taxonomy":"post_tag","embeddable":true,"href":"https:\/\/www.europesays.com\/cz\/wp-json\/wp\/v2\/tags?post=31057"}],"curies":[{"name":"wp","href":"https:\/\/api.w.org\/{rel}","templated":true}]}}