{"id":31715,"date":"2026-03-22T00:58:08","date_gmt":"2026-03-22T00:58:08","guid":{"rendered":"https:\/\/www.europesays.com\/cz\/31715\/"},"modified":"2026-03-22T00:58:08","modified_gmt":"2026-03-22T00:58:08","slug":"pavel-byl-podporou-rezimu-ktery-zavrazdil-nasi-maminku-a-funkce-v-nato-lizatko-masin-vam-zvedne-mandle","status":"publish","type":"post","link":"https:\/\/www.europesays.com\/cz\/31715\/","title":{"rendered":"Pavel byl podporou re\u017eimu, kter\u00fd zavra\u017edil na\u0161i maminku. A funkce v NATO? L\u00edz\u00e1tko! Ma\u0161\u00edn v\u00e1m zvedne mandle"},"content":{"rendered":"<p>&#13;<br \/>\n\tV souvislosti s akcemi \u201eStoj\u00edme za prezidentem\u201c, kter\u00e9 po\u0159\u00e1dal spolek Milion chvilek pro demokracii, se op\u011bt rozv\u00ed\u0159ila debata o kari\u00e9\u0159e Petra Pavla v \u010ceskoslovensk\u00e9 lidov\u00e9 arm\u00e1d\u011b. Historici se neshodnou, jak hodnotit jeho p\u0159\u00edslu\u0161nost ke komunistick\u00e9 vojensk\u00e9 rozv\u011bdce. Sledujete toto d\u011bn\u00ed?<\/p>\n<p>&#13;<br \/>\n\tDebatu sleduji. Petr Pavel, b\u00fdval\u00fd \u010dlen komunistick\u00e9 strany, zapo\u010dal svou kari\u00e9ru slibn\u011b v komunistick\u00e9 vojensk\u00e9 rozv\u011bdce. Nen\u00ed t\u0159eba se h\u00e1dat o konkr\u00e9tn\u00ed vojenskou terminologii, tedy zda byl zam\u011bstnancem nebo zda byl ve slu\u017eebn\u00edm pom\u011bru. Podstatn\u00e9 je, \u017ee byl vybr\u00e1n jako\u017eto loaj\u00e1ln\u00ed ke komunistick\u00e9mu re\u017eimu. Ke sv\u00e9 kari\u00e9\u0159e m\u011bl vhodn\u00e9 rodinn\u00e9 z\u00e1zem\u00ed. Otec pana prezidenta dlouhodob\u011b pracoval s vojenskou kontrarozv\u011bdkou, kter\u00e1 byla tehdy sou\u010d\u00e1st\u00ed StB. V t\u00e9to debat\u011b m\u00e1 naprostou pravdu historik Petr Bla\u017eek, kter\u00fd jako prvn\u00ed na prezidentovu minulost upozornil.<\/p>\n<p>&#13;<br \/>\n\tByl p\u0159edsedou Vojensk\u00e9ho v\u00fdboru NATO, kde ho museli p\u0159ece prov\u011b\u0159it&#8230;<\/p>\n<p>&#13;<br \/>\n\tFakt, \u017ee Petr Pavel m\u011bl se svou minulost\u00ed n\u011bjakou funkci v NATO, poukazuje na naprostou bezv\u00fdznamnost t\u00e9to organizace. Pozice p\u0159edsedy vojensk\u00e9ho v\u00fdboru je \u201emake feel good\u201c, tedy funkce vytvo\u0159en\u00e1 pro to, aby ka\u017ed\u00fd \u010dlen NATO, a\u017e na n\u011bj p\u0159ijde \u0159ada, dostal l\u00edz\u00e1tko. A nez\u00e1le\u017e\u00ed na tom, zda D\u00e1nsko do t\u00e9to pozice jmenuje hajn\u00e9ho.<\/p>\n<p>&#13;<br \/>\n\t<img decoding=\"async\" alt=\"\" data-orig-style=\"width: 632px; height: 307px;\" src=\"https:\/\/www.europesays.com\/cz\/wp-content\/uploads\/2026\/03\/1774141087_312_image.ashx.jpeg\" style=\"\"\/><\/p>\n<p>&#13;<br \/>\n\tP\u0159edseda Vojensk\u00e9ho v\u00fdboru NATO nen\u00ed opera\u010dn\u00ed velitel vojsk NATO. Je to funkce, ke kter\u00e9 nejsou t\u0159eba \u017e\u00e1dn\u00e9 schopnosti. Pro\u0161el prov\u011brkou? Jedinou po\u017eadovanou schopnost\u00ed je s\u00e1m se obl\u00e9ci do uniformy a t\u0159ikr\u00e1t t\u00fddn\u011b se &#8211; mimo dovolen\u00e9 &#8211; dopravit pod vlastn\u00ed parou do rohov\u00e9 kancel\u00e1\u0159e v bar\u00e1ku postaven\u00e9m NATO za 1,2 miliardy dolar\u016f v Bruselu. V \u010cech\u00e1ch se to pova\u017euje za velkou bojovou funkci, ve kter\u00e9 si \u010dlov\u011bk m\u016f\u017ee odpracovat svou minulost.<\/p>\n<p>&#13;<br \/>\n\tCo je NATO? Arm\u00e1da NATO nebyla po dva m\u011bs\u00edce po napaden\u00ed Ukrajiny schopna shrom\u00e1\u017edit Rapid Response Battalion, tedy prapor rychl\u00e9 reakce. Jeden prapor je asi 800 lid\u00ed. To m\u011bla b\u00fdt jednotka, kam by r\u016fzn\u00ed \u010dlenov\u00e9 NATO poslali sv\u00e9 jednotky, ale voj\u00e1ci nebyli vycvi\u010den\u00ed, aby spolu spolupracovali. Nep\u0159edstaviteln\u00e9, aby se vojensk\u00e9 americk\u00e9 slo\u017eky nechaly dirigovat n\u011bk\u00fdm s vojensk\u00fdm vzd\u011bl\u00e1n\u00edm Petra Pavla. Jeho vzd\u011bl\u00e1n\u00ed dobr\u00e9 pro modr\u00e9 p\u0159ilby by nesta\u010dilo ani na veden\u00ed nejmen\u0161\u00ed jednotky NATO.<\/p>\n<p>&#13;<br \/>\n\tPrezident Petr Pavel p\u0159i sv\u00e9m jmenov\u00e1n\u00ed p\u0159edsedou Vojensk\u00e9ho v\u00fdboru NATO byl pro svou pozici p\u0159ekvalifikov\u00e1n ji\u017e sv\u00fdm nasazen\u00edm na Balk\u00e1n\u011b, kde m\u011bl mo\u017enost pracovat s \u201erules of engagement\u201c, pravidly zapojen\u00ed vytvo\u0159en\u00fdmi \u201emezin\u00e1rodn\u00edm pr\u00e1vem\u201c. P\u0159i jeho nejd\u016fle\u017eit\u011bj\u0161\u00edm nasazen\u00ed v r\u00e1mci modr\u00fdch p\u0159ileb nepadla ani jedna r\u00e1na. Pou\u017eil velice hum\u00e1nn\u00ed taktiku \u201estare them down\u201c, tedy uhranout protivn\u00edka pohledem, pou\u017e\u00edvanou modr\u00fdmi p\u0159ilbami. Jemu se poda\u0159ilo vysvobodit francouzsk\u00e9 voj\u00e1ky, kte\u0159\u00ed pr\u00e1v\u011b odpo\u010d\u00edvali v srbsk\u00e9m zajet\u00ed.<\/p>\n<p>&#13;<br \/>\n\tP\u0159ipom\u00edn\u00e1 mi to situaci za 2. sv\u011btov\u00e9 v\u00e1lky, kde jsem v roce 1944 pom\u00e1hal ut\u00e9ct t\u0159em spojeneck\u00fdm zajatc\u016fm ze zajateck\u00e9ho transportu, dv\u011bma rudoarm\u011bjc\u016fm a jednomu francouzsk\u00e9mu voj\u00e1ku poch\u00e1zej\u00edc\u00edmu z Toulouse, kter\u00fd\u017eto nakonec odm\u00edtl odej\u00edt ze zajet\u00ed s t\u00edm, \u017ee bude brzy konec v\u00e1lky.<\/p>\n<p>&#13;<br \/>\n\tPodobnou zku\u0161enost\u00ed jako Petr Pavel pro\u0161la i Hillary Clintonov\u00e1, kter\u00e1 ve stejn\u00e9m obdob\u00ed jako Pavel p\u0159i vystupov\u00e1n\u00ed z letadla v bosensk\u00e9 Tuzle pro\u0161la \u201est\u0159elbou ost\u0159elova\u010d\u016f\u201c.<\/p>\n<p>&#13;<br \/>\n\tJak se d\u00edv\u00e1te na to, \u017ee va\u0161e sestra p\u0159ijala vyznamen\u00e1n\u00ed z rukou prezidenta Petra Pavla?<\/p>\n<p>&#13;<br \/>\n\t\u0158ekl jsem sest\u0159e, \u017ee je dosp\u011bl\u00e1, \u017ee si m\u016f\u017ee d\u011blat, co chce. Ale aby v p\u0159\u00edpad\u011b p\u0159evzet\u00ed vyznamen\u00e1n\u00ed ne\u0159\u00edkala, \u017ee ho p\u0159ij\u00edm\u00e1 za n\u00e1s s bratrem nebo za \u010dleny na\u0161\u00ed odbojov\u00e9 skupiny. Petr Pavel byl podporou re\u017eimu, kter\u00fd zavra\u017edil na\u0161i maminku. On se zav\u00e1zal i polo\u017eit \u017eivot proti nep\u0159\u00e1tel\u016fm zlo\u010dineck\u00e9ho re\u017eimu, tedy proti mn\u011b a m\u00e9mu bratrovi. Petr Pavel ale nikdy nebyl v situaci, kdy by musel za n\u011bco polo\u017eit \u017eivot. Ani p\u0159i zmi\u0148ovan\u00e9m osvobozov\u00e1n\u00ed francouzsk\u00fdch voj\u00e1k\u016f mu nehrozilo \u017e\u00e1dn\u00e9 riziko. Br\u00e1nila by ho Ma\u0159ena Albrightov\u00e1 a Bill Clinton.<\/p>\n<p>&#13;<br \/>\n\t<img decoding=\"async\" alt=\"\" data-orig-style=\"width: 632px; height: 307px;\" src=\"https:\/\/www.europesays.com\/cz\/wp-content\/uploads\/2026\/03\/1774141088_5_image.ashx.jpeg\" style=\"\"\/><\/p>\n<p>&#13;<br \/>\n\tJak vid\u00edte budoucnost NATO?<\/p>\n<p>&#13;<br \/>\n\tNATO v historii opakovan\u011b ukazovalo, \u017ee nen\u00ed soudr\u017enou a p\u0159edv\u00eddatelnou alianc\u00ed, na kterou by se Spojen\u00e9 st\u00e1ty americk\u00e9 mohly bezv\u00fdhradn\u011b spol\u00e9hat p\u0159i obran\u011b z\u00e1padn\u00ed civilizace. B\u011bhem Suezsk\u00e9 krize \u010dlensk\u00e9 st\u00e1ty aliance st\u00e1ly proti sob\u011b. O deset let pozd\u011bji pak Charles de Gaulle vyvedl Francii z vojensk\u00fdch struktur NATO. Vojensk\u00e9 vybaven\u00ed a infrastrukturu, kter\u00e1 jim byla zaplacena a prop\u016fj\u010dena Amerikou, si v\u0161ak Francouzi ponechali. Podobn\u00e9 rozpory se objevily i v 80. letech, kdy \u010dlenov\u00e9 NATO odm\u00edtli podpo\u0159it americk\u00e9 akce proti Kadd\u00e1f\u00edmu. Po konci studen\u00e9 v\u00e1lky a rozpadu Sov\u011btsk\u00e9ho svazu NATO ztratilo sv\u016fj v\u00fdznam.<\/p>\n<p>&#13;<br \/>\n\tNejv\u011bt\u0161\u00ed finan\u010dn\u00ed z\u00e1t\u011b\u017e NATO nese Amerika. Sou\u010dasn\u00e1 vl\u00e1da v \u010cesk\u00e9 republice pl\u00e1nuje d\u00e1vat na obranu je\u0161t\u011b m\u00e9n\u011b ne\u017e vl\u00e1da p\u0159edchoz\u00ed. V\u00e1clav Havel po p\u0159ijet\u00ed \u010ceska do NATO v roce 1999 \u0159ekl: \u201eProhla\u0161uji jm\u00e9nem \u010cesk\u00e9 republiky, \u017ee si uv\u011bdomujeme nejen jistoty, kter\u00e9 n\u00e1m tato p\u0159\u00edslu\u0161nost d\u00e1v\u00e1, ale i z\u00e1vazky, kter\u00e9 z n\u00ed vypl\u00fdvaj\u00ed.\u201c Ty z\u00e1vazky se v\u0161ak \u010cesk\u00e9 republice neda\u0159\u00ed plnit. Ka\u017ed\u00fd se spol\u00e9h\u00e1 na to, \u017ee ho Amerika ochr\u00e1n\u00ed, jako kdyby jej\u00ed st\u00e1tn\u00ed kasa byla bezedn\u00e1.<\/p>\n<p>&#13;<br \/>\n\tNen\u00ed dnes ale NATO vn\u00edm\u00e1no jako hr\u00e1z proti roztahuj\u00edc\u00edmu se Rusku?<\/p>\n<p>&#13;<br \/>\n\tBylo jednou z nejv\u011bt\u0161\u00edch chyb Z\u00e1padu, \u017ee po rozpadu Sov\u011btsk\u00e9ho svazu v 90. letech nevyu\u017eil p\u0159\u00edle\u017eitost a nepokusil se Rusko integrovat do demokratick\u00fdch a politick\u00fdch struktur, tak jako to u\u010dinil u \u010ceskoslovenska, Polska, Ma\u010farska a dal\u0161\u00edch zem\u00ed b\u00fdval\u00e9ho Var\u0161avsk\u00e9ho paktu, kter\u00e9 se vz\u00e1jemn\u011b od sebe ni\u010d\u00edm neli\u0161ily a poch\u00e1zej\u00ed ze stejn\u00e9ho pytle. J\u00e1 v Bartolom\u011bjsk\u00e9 \u017e\u00e1dn\u00e9 Rusy nevid\u011bl.<\/p>\n<p>&#13;<br \/>\n\tTehdy Spojen\u00e9 st\u00e1ty americk\u00e9 usilovaly o integraci b\u00fdval\u00e9ho Sov\u011btsk\u00e9ho svazu do ji\u017e civilizovan\u00fdch zem\u00ed z\u00e1padn\u00ed Evropy. Dokonce se konala ji\u017e spole\u010dn\u00e1 vojensk\u00e1 cvi\u010den\u00ed americk\u00fdch a b\u00fdval\u00fdch sov\u011btsk\u00fdch jednotek na \u00fazem\u00ed b\u00fdval\u00e9ho Sov\u011btsk\u00e9ho svazu (dnes Ukrajiny), o \u010dem\u017e p\u00ed\u0161e i b\u00fdval\u00fd americk\u00fd gener\u00e1l Michael Flynn ve sv\u00fdch vzpom\u00ednk\u00e1ch. To bylo pozd\u011bji zamezeno pomoc\u00ed Albrightov\u00e9 a Clintona.<\/p>\n<p>&#13;<br \/>\n\tMluv\u00ed se o Rusku. Ale co ospravedl\u0148uje p\u0159ijet\u00ed do NATO zemi jakou je N\u011bmecko s minulost\u00ed koncentra\u010dn\u00edch t\u00e1bor\u016f a osobnost\u00ed jako Ilse Kochov\u00e1, doktor Josef Mengele, Adolf Eichmann a dal\u0161\u00ed. N\u011bmecko je dnes \u010dlenem NATO a EU a je tak\u00e9 chlebod\u00e1rcem \u010cesk\u00e9 republiky. Pro n\u011bj se m\u00edsto na\u0161lo. Japon\u0161t\u00ed admir\u00e1lov\u00e9 \u017erali americk\u00e9 piloty za druh\u00e9 sv\u011btov\u00e9 v\u00e1lky. A pro Japonsko se m\u00edsto tak\u00e9 na\u0161lo. Tak pro\u010d ne pro Rusko?<\/p>\n<p>&#13;<br \/>\n\t<img decoding=\"async\" alt=\"\" data-orig-style=\"width: 632px; height: 307px;\" src=\"https:\/\/www.europesays.com\/cz\/wp-content\/uploads\/2026\/03\/1774141088_368_image.ashx.jpeg\" style=\"\"\/><\/p>\n<p>&#13;<br \/>\n\tPo skon\u010den\u00ed studen\u00e9 v\u00e1lky vyhran\u00e9 Ronaldem Reaganem N\u011bmci odm\u00edtli po sjednocen\u00ed Ameri\u010dan\u016fm poskytnout n\u011bkolik st\u00edha\u010dek MiG-29, kter\u00e9 v po\u010dtu \u010dty\u0159iadvacet zbyly po v\u00fdchodon\u011bmeck\u00e9 arm\u00e1d\u011b z poz\u016fstalosti \u010dlenstv\u00ed ve Var\u0161avsk\u00e9m paktu. Ameri\u010dan\u00e9 tyto st\u00edha\u010dky pot\u0159ebovali pro pokra\u010duj\u00edc\u00ed v\u00fdcvik sv\u00fdch pilot\u016f. N\u011bmecko dokonce \u0159e\u0161ilo ot\u00e1zku, zda bude p\u0159\u00edpustn\u00e9, aby voj\u00e1ci Bundeswehru poch\u00e1zej\u00edc\u00ed ze z\u00e1padn\u00edho N\u011bmecka vstoupili po sjednocen\u00ed na \u00fazem\u00ed b\u00fdval\u00e9ho v\u00fdchodn\u00edho N\u011bmecka. Dnes se jednotky Bundeswehru nach\u00e1zej\u00ed v Litv\u011b.<\/p>\n<p>&#13;<br \/>\n\tAlbrightov\u00e1 a Clinton roz\u0161\u00ed\u0159ili NATO a\u017e k hranic\u00edm Ruska. N\u00e1sledky tohoto jedn\u00e1n\u00ed, kter\u00e9 dnes vid\u00edme, Henry Kissinger p\u0159edpov\u011bd\u011bl u\u017e 5. prosince 1994.<\/p>\n<p>&#13;<br \/>\n\tA jak nahl\u00ed\u017e\u00edte na konflikt v \u00cdr\u00e1nu?<\/p>\n<p>&#13;<br \/>\n\tVyjedn\u00e1v\u00e1n\u00ed Steva Witkoffa a Jareda Kushnera s \u00cdr\u00e1nem, ani s Putinem nikdy k ni\u010demu nevedla. Pouze k protla\u010den\u00ed jejich osobn\u00edch obchodn\u00edch ambic\u00ed. V \u00cdr\u00e1nu \u0161lo o jedine\u010dn\u00fd z\u00e1sah, kter\u00fd se poda\u0159il americk\u00fdm slo\u017ek\u00e1m pomoc\u00ed Mosadu. Ameri\u010dan\u00e9 se koncentruj\u00ed na vojenskou a hospod\u00e1\u0159skou infrastrukturu, kde\u017eto Izrael na veden\u00ed re\u017eimu.<\/p>\n<p>&#13;<br \/>\n\tV\u00e1lka by b\u00fdvala byla Izraelem levn\u011bji vy\u0159e\u0161en\u00e1, kdyby ji USA b\u00fdvaly nechaly Izrael v lo\u0148sk\u00e9m roce dokon\u010dit. Sto dvacet izraelsk\u00fdch letadel nalo\u017een\u00fdch bombami sleduj\u00edc\u00edch americk\u00e9 B-2 ale uposlechlo americk\u00e9ho rozkazu \u00cdr\u00e1n a Chamene\u00edho nebombardovat. Donald Trump to v o\u010dek\u00e1v\u00e1n\u00ed Nobelovy cenu m\u00edru Izraeli nepovolil. Te\u010f u\u017e ji nem\u016f\u017ee o\u010dek\u00e1vat, tak d\u011bl\u00e1 to, co m\u011bl ud\u011blat ji\u017e d\u00e1vno. Nap\u0159\u00edklad akce ve Venezuele, nyn\u00ed v \u00cdr\u00e1nu. Te\u010f to tam mus\u00ed dokon\u010dit. Amerika je ve v\u00e1lce s \u00cdr\u00e1nem ji\u017e sedma\u010dty\u0159icet let. \u017d\u00e1dn\u00fd z americk\u00fdch prezident\u016f tuto v\u00e1lku doposud nedokon\u010dil. B\u011bhem t\u011bchto sedma\u010dty\u0159iceti let \u00cdr\u00e1n provedl v\u00edce ne\u017e 300 \u00fatok\u016f proti americk\u00fdm z\u00e1jm\u016fm, dokonce i na americk\u00e9 prezidenty. Jak by asi \u00cdr\u00e1nci jednali, kdyby m\u011bli atomovou bombu? V\u017edy\u0165 nyn\u00ed kolem sebe ml\u00e1t\u00ed jako \u0161\u00edlenci a napadaj\u00ed dokonce sv\u00e9 muslimsk\u00e9 bratry.<\/p>\n<p>&#13;<br \/>\n\t<img decoding=\"async\" alt=\"\" data-orig-style=\"width: 632px; height: 307px;\" src=\"https:\/\/www.europesays.com\/cz\/wp-content\/uploads\/2026\/03\/1774141088_995_image.ashx.jpeg\" style=\"\"\/><\/p>\n<p>&#13;<br \/>\n\tPohled na zem\u011b NATO a jejich pomoc v \u00cdr\u00e1nu je tristn\u00ed. Britsk\u00fd premi\u00e9r, francouzsk\u00fd a \u0161pan\u011blsk\u00fd prezident od za\u010d\u00e1tku v\u00e1lky v \u00cdr\u00e1nu nepovolili Ameri\u010dan\u016fm pou\u017e\u00edvat sv\u00e9 z\u00e1kladny, n\u00e1sledn\u011b jim povoluj\u00ed jen omezen\u00e9 pou\u017eit\u00ed. Uk\u00e1zalo se, jak je d\u016fle\u017eit\u00e9 vlastnit strategick\u00e1 m\u00edsta jako jsou ostrovy Diego Garc\u00eda a Gr\u00f3nsko. V NATO nen\u00ed nikdo, jeho\u017e arm\u00e1da nebo letectvo by se mohly rovnat schopnostem Izraele. Izrael je jedin\u00fdm spojencem proti roz\u0161i\u0159uj\u00edc\u00edmu se isl\u00e1mu, jedin\u00e1 spolehliv\u00e1 demokratick\u00e1 zem\u011b na Bl\u00edzk\u00e9m v\u00fdchod\u011b. Izrael br\u00e1n\u00ed i Evropu proti \u00cdr\u00e1nu, kter\u00fd ml\u00e1t\u00ed i sv\u00e9 nejbli\u017e\u0161\u00ed muslimsk\u00e9 spojence. Jak by se tento \u00cdr\u00e1n choval ke k\u0159es\u0165ansk\u00e9 Evrop\u011b, kdyby m\u011bl k dispozici rakety dlouh\u00e9ho doletu, kter\u00e9 o\u010dek\u00e1val z \u010c\u00edny, je\u017e tuto technologii z\u00edskala za\u010d\u00e1tkem 90. let od Ukrajiny. Evropsk\u00e9 zem\u011b necht\u011bj\u00ed poslat pomoc do Hormuzsk\u00e9ho pr\u016flivu, p\u0159esto\u017ee je to v jejich vlastn\u00edm z\u00e1jmu. Amerika se m\u016f\u017ee obej\u00edt bez tamn\u00ed ropy. Kdyby Amerika odm\u00edtla vyv\u00e1\u017eet pohonn\u00e9 hmoty do Evropy, cena benz\u00ednu by v USA klesla o pades\u00e1t procent, kde\u017eto evropsk\u00fd pr\u016fmysl by se okam\u017eit\u011b zhroutil. Amerika m\u011bla m\u00edt 790 milion\u016f barel\u016f strategick\u00fdch rezerv ropy, kter\u00e9 ale byly Bidenem v\u011bt\u0161inou vy\u010derp\u00e1ny, kdy\u017e p\u0159edst\u00edral, \u017ee jeho zelen\u00e1 politika nesouvis\u00ed se zdra\u017een\u00edm benz\u00ednu v Americe. Dnes ve strategick\u00fdch rezerv\u00e1ch zb\u00fdv\u00e1 asi 450 milion\u016f barel\u016f, kter\u00e9 nyn\u00ed Donald Trump uvolnil, aby udr\u017eel na \u017eivu sv\u00e9 \u201espojence\u201c.<\/p>\n<p>&#13;<br \/>\n\tV\u00e1lka na Bl\u00edzk\u00e9m v\u00fdchod\u011b je jen druhou p\u0159edehrou &#8211; po v\u00e1lce na Ukrajin\u011b, kter\u00e1 byla prvn\u00ed p\u0159edehrou &#8211; pro v\u00e1lku s \u010c\u00ednou. Bomby, munice a rakety, kter\u00e9 jsou nyn\u00ed pot\u0159eba, byly vypl\u00fdtv\u00e1ny na Ukrajin\u011b. Na rva\u010dku dvou zkorumpovan\u00fdch oligarchi\u00ed, kter\u00e1 mohla b\u00fdt vy\u0159e\u0161ena bez ztr\u00e1ty statis\u00edc\u016f \u017eivot\u016f na obou stran\u00e1ch.<\/p>\n<p>&#13;<\/p>\n<p>    Psali jsme:<\/p>\n","protected":false},"excerpt":{"rendered":"&#13; V souvislosti s akcemi \u201eStoj\u00edme za prezidentem\u201c, kter\u00e9 po\u0159\u00e1dal spolek Milion chvilek pro demokracii, se op\u011bt rozv\u00ed\u0159ila&hellip;\n","protected":false},"author":2,"featured_media":31716,"comment_status":"","ping_status":"","sticky":false,"template":"","format":"standard","meta":{"footnotes":"","_share_on_mastodon":"0"},"categories":[11],"tags":[808,13662,454,895,300,13663,54,854,113,53,52],"class_list":["post-31715","post","type-post","status-publish","format-standard","has-post-thumbnail","category-svet","tag-iran","tag-masin","tag-milion-chvilek","tag-nato","tag-pavel","tag-pulnocni-rozhovor","tag-svet","tag-trump","tag-usa","tag-world","tag-world-news"],"share_on_mastodon":{"url":"https:\/\/pubeurope.com\/@cz\/116270117910401994","error":""},"_links":{"self":[{"href":"https:\/\/www.europesays.com\/cz\/wp-json\/wp\/v2\/posts\/31715","targetHints":{"allow":["GET"]}}],"collection":[{"href":"https:\/\/www.europesays.com\/cz\/wp-json\/wp\/v2\/posts"}],"about":[{"href":"https:\/\/www.europesays.com\/cz\/wp-json\/wp\/v2\/types\/post"}],"author":[{"embeddable":true,"href":"https:\/\/www.europesays.com\/cz\/wp-json\/wp\/v2\/users\/2"}],"replies":[{"embeddable":true,"href":"https:\/\/www.europesays.com\/cz\/wp-json\/wp\/v2\/comments?post=31715"}],"version-history":[{"count":0,"href":"https:\/\/www.europesays.com\/cz\/wp-json\/wp\/v2\/posts\/31715\/revisions"}],"wp:featuredmedia":[{"embeddable":true,"href":"https:\/\/www.europesays.com\/cz\/wp-json\/wp\/v2\/media\/31716"}],"wp:attachment":[{"href":"https:\/\/www.europesays.com\/cz\/wp-json\/wp\/v2\/media?parent=31715"}],"wp:term":[{"taxonomy":"category","embeddable":true,"href":"https:\/\/www.europesays.com\/cz\/wp-json\/wp\/v2\/categories?post=31715"},{"taxonomy":"post_tag","embeddable":true,"href":"https:\/\/www.europesays.com\/cz\/wp-json\/wp\/v2\/tags?post=31715"}],"curies":[{"name":"wp","href":"https:\/\/api.w.org\/{rel}","templated":true}]}}