{"id":32741,"date":"2026-03-23T05:55:10","date_gmt":"2026-03-23T05:55:10","guid":{"rendered":"https:\/\/www.europesays.com\/cz\/32741\/"},"modified":"2026-03-23T05:55:10","modified_gmt":"2026-03-23T05:55:10","slug":"sz-odsouva-modernizaci-trati-u-brna-most-jeste-vydrzi-rocni-vyluka-nyni-nehrozi","status":"publish","type":"post","link":"https:\/\/www.europesays.com\/cz\/32741\/","title":{"rendered":"S\u017d odsouv\u00e1 modernizaci trati u Brna. Most je\u0161t\u011b vydr\u017e\u00ed, ro\u010dn\u00ed v\u00fdluka nyn\u00ed nehroz\u00ed"},"content":{"rendered":"<p>\n                                        Spr\u00e1va \u017eeleznic nezvykle pod\u011bkovala dopravc\u016fm za hled\u00e1n\u00ed \u0159e\u0161en\u00ed.                                     <\/p>\n<p>Spr\u00e1va \u017eeleznic oprav\u00ed a modernizuje stanici Ti\u0161nov a navazuj\u00edc\u00ed \u00fasek a\u017e do Ku\u0159imi nejd\u0159\u00edve po roce 2030. Podle p\u016fvodn\u00edch pl\u00e1n\u016f m\u011bla akce za\u010d\u00edt u\u017e p\u0159\u00ed\u0161t\u00ed rok. Zat\u00edmco n\u011bkter\u00e9 stavby S\u017d odkl\u00e1d\u00e1 kv\u016fli nedostatku pen\u011bz, v p\u0159\u00edpad\u011b trati mezi Brnem a Havl\u00ed\u010dkov\u00fdm Brodem je d\u016fvod jin\u00fd. Soub\u011bh s jin\u00fdmi omezen\u00edmi na koridoru p\u0159es \u010ceskou T\u0159ebovou a st\u00ed\u017enosti dopravc\u016f na nedostate\u010dnou kapacitu.<\/p>\n<p>Posun potvrdila na dotaz den\u00edku Zdopravy.cz mluv\u010d\u00ed Spr\u00e1vy \u017eeleznic Nela Eberl Friebov\u00e1. Dopravn\u00ed a energetick\u00fd stavebn\u00ed \u00fa\u0159ad minul\u00fd t\u00fdden zah\u00e1jil \u0159\u00edzen\u00ed o povolen\u00ed stavby.<\/p>\n<p>\u201eHarmonogram modernizace stanice Ti\u0161nov a navazuj\u00edc\u00edho \u00faseku do Ku\u0159imi nyn\u00ed upravujeme s c\u00edlem minimalizovat dopady na \u017eelezni\u010dn\u00ed provoz v cel\u00e9 s\u00edti. P\u016fvodn\u00ed varianta znamenala ro\u010dn\u00ed v\u00fdluku na havl\u00ed\u010dkobrodsk\u00e9 trati a v\u00fdrazn\u00e9 p\u0159et\u00ed\u017een\u00ed prvn\u00edho koridoru,\u201c uvedla Eberl Friebov\u00e1. P\u016fvodn\u00ed pl\u00e1n po\u010d\u00edtal s t\u00edm, \u017ee nebude mo\u017en\u00e9 dojet do Brna po trati p\u0159es Havl\u00ed\u010dk\u016fv Brod a sou\u010dasn\u011b se v\u00fdrazn\u011b kv\u016fli modernizaci omez\u00ed kapacita koridoru p\u0159es \u010ceskou T\u0159ebovou.<\/p>\n<p>Vyj\u00e1d\u0159en\u00ed Spr\u00e1vy \u017eeleznic ke zm\u011bn\u011b harmonogramu obsahuje i nezvyklou v\u011btu: pod\u011bkov\u00e1n\u00ed dopravc\u016fm za \u201evst\u0159\u00edcn\u00fd p\u0159\u00edstup p\u0159i hled\u00e1n\u00ed \u0159e\u0161en\u00ed.\u201c<\/p>\n<p>Spr\u00e1va \u017eeleznic p\u016fvodn\u011b s term\u00ednem necht\u011bla h\u00fdbat. D\u016fvodem m\u011bl b\u00fdt \u0161patn\u00fd most p\u0159es Bobr\u016fvku u stanice Ti\u0161nov. \u201eZnovu jsme prov\u011b\u0159ili technick\u00fd stav mostu v dot\u010den\u00e9m \u00faseku, kdy se potvrdilo, \u017ee posun stavby provozn\u011b vydr\u017e\u00ed. V\u00fdluku tak m\u016f\u017eeme posunout do obdob\u00ed po roce 2030, kdy budeme tak\u00e9 v pokro\u010dil\u00e9 f\u00e1zi modernizace uzlu \u010cesk\u00e1 T\u0159ebov\u00e1, co\u017e n\u00e1m umo\u017en\u00ed daleko efektivn\u011bji rozlo\u017eit dopravn\u00ed z\u00e1t\u011b\u017e,\u201c dodala mluv\u010d\u00ed.<\/p>\n<p>V r\u00e1mci modernizace stanice Ti\u0161nov m\u00e1 doj\u00edt ke zm\u011bn\u011b konfigurace koleji\u0161t\u011b. Postav\u00ed se nov\u00e1 n\u00e1stupi\u0161t\u011b p\u0159\u00edmo u v\u00fdpravn\u00ed budovy, slou\u017e\u00edc\u00ed p\u0159edev\u0161\u00edm pro pot\u0159eby region\u00e1ln\u00ed dopravy. N\u00e1stupi\u0161t\u011b budou p\u0159\u00edstupn\u00e1 dvojic\u00ed podchod\u016f, z nich\u017e jeden zajist\u00ed dosud chyb\u011bj\u00edc\u00ed bezbari\u00e9rov\u00fd p\u0159\u00edstup. Rovn\u011b\u017e dojde k prodlou\u017een\u00ed vybran\u00fdch kolej\u00ed a\u017e na 740 m pro pot\u0159eby n\u00e1kladn\u00ed dopravy. D\u00e1le se vybuduje nov\u00e9 stani\u010dn\u00ed zabezpe\u010dovac\u00ed za\u0159\u00edzen\u00ed, sd\u011blovac\u00ed za\u0159\u00edzen\u00ed, trak\u010dn\u00ed veden\u00ed a dojde k instalaci protihlukov\u00fdch opat\u0159en\u00ed.<\/p>\n<p>                                                        Tagy<\/p>\n<p>                                                                                                                                                                                                                            <a href=\"https:\/\/zdopravy.cz\/tag\/koordinace-vyluk\/\" type=\"button\" class=\"btn btn-secondary mb-1 btn-sm\" rel=\"nofollow noopener\" target=\"_blank\"><br \/>\n                                                                koordinace v\u00fdluk                                                            <\/a><br \/>\n                                                                                                                                                                                                                                                                                                                                            <a href=\"https:\/\/zdopravy.cz\/tag\/sprava-zeleznic\/\" type=\"button\" class=\"btn btn-secondary mb-1 btn-sm\" rel=\"nofollow noopener\" target=\"_blank\"><br \/>\n                                                                Spr\u00e1va \u017eeleznic                                                            <\/a><br \/>\n                                                                                                                                                                                                                                <a href=\"https:\/\/zdopravy.cz\/tag\/tisnov\/\" type=\"button\" class=\"btn btn-secondary mb-1 btn-sm\" rel=\"nofollow noopener\" target=\"_blank\"><br \/>\n                                                                Ti\u0161nov                                                            <\/a><br \/>\n                                                                                                                                                                                                                                <a href=\"https:\/\/zdopravy.cz\/tag\/trat-250\/\" type=\"button\" class=\"btn btn-secondary mb-1 btn-sm\" rel=\"nofollow noopener\" target=\"_blank\"><br \/>\n                                                                tra\u0165 250                                                            <\/a><br \/>\n                                                                                                                                                                                                                                <a href=\"https:\/\/zdopravy.cz\/tag\/trat-kolin-havlickuv-brod-brno\/\" type=\"button\" class=\"btn btn-secondary mb-1 btn-sm\" rel=\"nofollow noopener\" target=\"_blank\"><br \/>\n                                                                tra\u0165 Kol\u00edn &#8211; Havl\u00ed\u010dk\u016fv Brod &#8211; Brno                                                            <\/a><\/p>\n<p>                                                <a href=\"https:\/\/zdopravy.cz\/sz-odsouva-modernizaci-trati-u-brna-most-jeste-vydrzi-rocni-vyluka-nyni-nehrozi-276976\/?comments=1#comments\" class=\"ml-3 text-body mb-3 mt-4 d-inline-block\" rel=\"nofollow noopener\" target=\"_blank\"><\/p>\n<p>                                                    2 koment\u00e1\u0159e                                                <\/a><\/p>\n","protected":false},"excerpt":{"rendered":"Spr\u00e1va \u017eeleznic nezvykle pod\u011bkovala dopravc\u016fm za hled\u00e1n\u00ed \u0159e\u0161en\u00ed. Spr\u00e1va \u017eeleznic oprav\u00ed a modernizuje stanici Ti\u0161nov a navazuj\u00edc\u00ed \u00fasek&hellip;\n","protected":false},"author":2,"featured_media":32742,"comment_status":"","ping_status":"","sticky":false,"template":"","format":"standard","meta":{"footnotes":"","_share_on_mastodon":"0"},"categories":[7],"tags":[43,42,41,40,13905,119,535,13906,2121,2122],"class_list":["post-32741","post","type-post","status-publish","format-standard","has-post-thumbnail","category-cesko","tag-ceska-republika","tag-cesko","tag-czech-republic","tag-czechia","tag-koordinace-vyluk","tag-seznam","tag-sprava-zeleznic","tag-tisnov","tag-trat-250","tag-trat-kolin-havlickuv-brod-brno"],"share_on_mastodon":{"url":"https:\/\/pubeurope.com\/@cz\/116276948095140528","error":""},"_links":{"self":[{"href":"https:\/\/www.europesays.com\/cz\/wp-json\/wp\/v2\/posts\/32741","targetHints":{"allow":["GET"]}}],"collection":[{"href":"https:\/\/www.europesays.com\/cz\/wp-json\/wp\/v2\/posts"}],"about":[{"href":"https:\/\/www.europesays.com\/cz\/wp-json\/wp\/v2\/types\/post"}],"author":[{"embeddable":true,"href":"https:\/\/www.europesays.com\/cz\/wp-json\/wp\/v2\/users\/2"}],"replies":[{"embeddable":true,"href":"https:\/\/www.europesays.com\/cz\/wp-json\/wp\/v2\/comments?post=32741"}],"version-history":[{"count":0,"href":"https:\/\/www.europesays.com\/cz\/wp-json\/wp\/v2\/posts\/32741\/revisions"}],"wp:featuredmedia":[{"embeddable":true,"href":"https:\/\/www.europesays.com\/cz\/wp-json\/wp\/v2\/media\/32742"}],"wp:attachment":[{"href":"https:\/\/www.europesays.com\/cz\/wp-json\/wp\/v2\/media?parent=32741"}],"wp:term":[{"taxonomy":"category","embeddable":true,"href":"https:\/\/www.europesays.com\/cz\/wp-json\/wp\/v2\/categories?post=32741"},{"taxonomy":"post_tag","embeddable":true,"href":"https:\/\/www.europesays.com\/cz\/wp-json\/wp\/v2\/tags?post=32741"}],"curies":[{"name":"wp","href":"https:\/\/api.w.org\/{rel}","templated":true}]}}