{"id":34207,"date":"2026-03-24T11:51:09","date_gmt":"2026-03-24T11:51:09","guid":{"rendered":"https:\/\/www.europesays.com\/cz\/34207\/"},"modified":"2026-03-24T11:51:09","modified_gmt":"2026-03-24T11:51:09","slug":"s-jejich-anglictinou-se-smeji-turkovi-sedlackova-ukazala-na-nerudovou-se-zdechovskym","status":"publish","type":"post","link":"https:\/\/www.europesays.com\/cz\/34207\/","title":{"rendered":"S jejich angli\u010dtinou se sm\u011bj\u00ed Turkovi? Sedl\u00e1\u010dkov\u00e1 uk\u00e1zala na Nerudovou se Zdechovsk\u00fdm"},"content":{"rendered":"<p>&#13;<br \/>\n\tV jednom kole <\/p>\n<p>&#13;<br \/>\n\tTento t\u00fdden se toho ud\u00e1lo tolik, \u017ee popisovat v\u00e1m ka\u017edou svou \u010dinnost, nesta\u010dilo by na to ani 20 stran. Poj\u010fme si tedy alespo\u0148 bilancovat m\u016fj uplynul\u00fd t\u00fdden a stru\u010dn\u011b shrnout, co takov\u00e1 b\u011b\u017en\u00e1 poslankyn\u011b v jednom takov\u00e9m pracovn\u00edm t\u00fddnu stihne.<\/p>\n<p>&#13;<br \/>\n\t&#13;<br \/>\n\t\tAbsolvovala jsem 1 pracovn\u00ed sn\u00eddani a 2 pracovn\u00ed ob\u011bdy.&#13;<br \/>\n\t&#13;<br \/>\n\t\tM\u011bla jsem t\u0159i konferen\u010dn\u00ed hovory s ministerstvy a kolegy poslanci nad p\u0159\u00edpravami konkr\u00e9tn\u00edch z\u00e1kon\u016f.&#13;<br \/>\n\t&#13;<br \/>\n\t\t\u00da\u010dastnila jsem se n\u011bkolika pracovn\u00edch kulat\u00fdch stol\u016f nebo semin\u00e1\u0159\u016f (na t\u00e9mata: Regulace hluku z venkovn\u00edch akc\u00ed ve ve\u0159ejn\u00e9m prostoru, Budoucnost m\u00e9di\u00ed ve\u0159ejn\u00e9 slu\u017eby a jejich financov\u00e1n\u00ed, D\u011btstv\u00ed on-line: bezpe\u010d\u00ed, vzd\u011bl\u00e1v\u00e1n\u00ed a zdrav\u00e9 hranice).&#13;<br \/>\n\t&#13;<br \/>\n\t\tOdpracovala jsem si dva podv\u00fdbory (pro v\u00e1le\u010dn\u00e9 veter\u00e1ny a pro pr\u00e1va zv\u00ed\u0159at).&#13;<br \/>\n\t&#13;<br \/>\n\t\tSetkala jsem se se dv\u011bma zahrani\u010dn\u00edmi hosty a probrala s nimi spolupr\u00e1ci do budoucna.&#13;<br \/>\n\t&#13;<br \/>\n\t\tP\u0159ipravila jsem dva odborn\u00e9 semin\u00e1\u0159e, jeden na duben, druh\u00fd na kv\u011bten.&#13;<br \/>\n\t&#13;<br \/>\n\t\tZorganizovala jsem a vedla jednu kontroln\u00ed komisi (konkr\u00e9tn\u011b pro N\u00e1rodn\u00ed bezpe\u010dnostn\u00ed \u00fa\u0159ad).&#13;<br \/>\n\t&#13;<br \/>\n\t\tDal\u0161\u00ed pracovn\u00ed komise jsem se aktivn\u011b \u00fa\u010dastnila (t\u00e9 pro rodinu a rovn\u00e9 p\u0159\u00edle\u017eitosti).&#13;<br \/>\n\t&#13;<br \/>\n\t\tM\u011bla jsem t\u0159i sch\u016fzky pracovn\u00edch skupin (skupiny poslanc\u016f nap\u0159\u00ed\u010d koalic\u00ed vytv\u00e1\u0159ej\u00edc\u00ed \u010di p\u0159ipom\u00ednaj\u00edc\u00ed na pl\u00e9nu aktu\u00e1ln\u011b prob\u00edranou legislativu).&#13;<br \/>\n\t&#13;<br \/>\n\t\tZ\u00fa\u010dastnila jsem se a hlasovala jsem na t\u0159ech v\u00fdborech (V\u00fdbor pro bezpe\u010dnost, Peti\u010dn\u00ed v\u00fdbor, Medi\u00e1ln\u00ed v\u00fdbor).&#13;<br \/>\n\t&#13;<br \/>\n\t\tSpoluorganizovala jsem jedno ve\u0159ejn\u00e9 sly\u0161en\u00ed (kandid\u00e1t\u016f na ombudsmana) a v\u0161echny si je vyslechla. Z\u00e1rove\u0148 jsem vedla pracovn\u00ed sch\u016fzky s odbornou poradn\u00ed komis\u00ed.&#13;<br \/>\n\t&#13;<br \/>\n\t\tAbsolvovala jsem n\u011bkolik vnitrostranick\u00fdch sch\u016fz\u00ed, jak s panem p\u0159edsedou, tak s na\u0161imi n\u00e1m\u011bstky na ministerstvech, tak s m\u00fdmi kolegy.&#13;<br \/>\n\t&#13;<br \/>\n\t\tNato\u010dila jsem jeden podcast.&#13;<br \/>\n\t&#13;<br \/>\n\t\tOmluvila jsem se z jednoho podv\u00fdboru, ze setk\u00e1n\u00ed s irsk\u00fdm velvyslancem pro migraci a setk\u00e1n\u00ed s Italsko-\u010deskou obchodn\u00ed komorou, takt\u00e9\u017e ze setk\u00e1n\u00ed s\u00a0mluv\u010d\u00edm \u0161v\u00e9dsk\u00e9 sekce organizace L\u00e9ka\u0159i bez hranic\u2026 To v\u0161e jen proto, \u017ee mi b\u011b\u017eely z\u00e1rove\u0148 jin\u00e9 v\u00fdbory\/podv\u00fdbory\/komise. C\u00edlen\u011b jsem se omluvila z takov\u00fdch akc\u00ed, kde byl aspo\u0148 jeden z m\u00fdch stranick\u00fdch koleg\u016f.&#13;<\/p>\n<p>&#13;<br \/>\n\tAsi nejkuriozn\u011bj\u0161\u00ed intern\u00ed setk\u00e1n\u00ed, kter\u00e9 v t\u00fddnu prob\u011bhlo, jsem m\u011bla s kolegou Miroslavem Krej\u010d\u00edm, s n\u00edm\u017e jsem brainstormovala na t\u00e9ma d\u00e1lni\u010dn\u00edch zn\u00e1mek pro rodinu s v\u00edce auty. Proto\u017ee kdo jin\u00fd by m\u011bl o takov\u00e9 v\u011bci brainstormovat, ne\u017e jedin\u00e1 \u010dlenka Motorist\u016f bez \u0159idi\u010d\u00e1ku, \u017ee? Na stranu druhou: Jestli v tomto nem\u00e1 n\u011bkdo klapky na o\u010d\u00edch, a sobeck\u00e9 \u0159idi\u010dsk\u00e9 z\u00e1jmy, pak to budu pr\u00e1v\u011b j\u00e1. \ud83d\ude42<\/p>\n<p>&#13;<br \/>\n\tJeden takov\u00fd v\u00fdbor m\u016f\u017ee zabrat i \u010dty\u0159i hodiny, z\u00e1le\u017e\u00ed, co v\u0161echno tam zrovna \u0159e\u0161\u00edte, kolik tam m\u00e1te pozvan\u00fdch host\u016f. Jedno takov\u00e9 ve\u0159ejn\u00e9 sly\u0161en\u00ed takt\u00e9\u017e, mus\u00edte si vyslechnout n\u011bkolik kandid\u00e1t\u016f a d\u00e1t mo\u017enost kl\u00e1st ot\u00e1zky jak poslanc\u016fm, tak hodnotic\u00ed komisi. Podv\u00fdbor v\u011bt\u0161inou zabere necel\u00e9 dv\u011b hodinky a takov\u00e1 pracovn\u00ed skupina s p\u0159\u00edpravou legislativy a\u017e p\u016fl den.<\/p>\n<p>&#13;<br \/>\n\tStru\u010dn\u00e9 d\u011bjiny automobilu a odm\u00edtnut\u00ed z\u00e1kazu spalovac\u00edch motor\u016f <\/p>\n<p>&#13;<br \/>\n\tKdo um\u00ed rychle po\u010d\u00edtat, ihned pochop\u00ed, \u017ee m\u016fj bud\u00ed\u010dek zvon\u00ed v \u0161est hodin r\u00e1no, dom\u016f p\u0159ij\u00ed\u017ed\u00edm v pozdn\u00edch ve\u010dern\u00edch hodin\u00e1ch, na pot\u011bchy tedy moc \u010dasu nezb\u00fdv\u00e1. P\u0159esto jsem jednu takovou odpo\u010dinkovou pot\u011bchu nemohla vynechat. B\u00fdval\u00fd politik, europoslanec, poslanec i velvyslanec, a z\u00e1rove\u0148 m\u016fj kamar\u00e1d, Hynek Fajmon, k\u0159til ve \u010dtvrtek ve\u010der knihu: Stru\u010dn\u00e9 d\u011bjiny automobilu.<\/p>\n<p>&#13;<\/p>\n<p>    Anketa<\/p>\n<p>Jak vn\u00edm\u00e1te demonstraci Milionu chvilek na Letn\u00e9?<\/p>\n<p>hlasovalo: 1 lid\u00ed<\/p>\n<p>Mo\u017en\u00e1 nem\u00e1m \u0159idi\u010d\u00e1k, p\u0159esto si v\u00fddobytku automobilu u\u017e\u00edv\u00e1m pln\u00fdmi dou\u0161ky (jen se prost\u011b nech\u00e1v\u00e1m vozit). A jako\u017eto poslankyn\u011b za stranu Motorist\u00e9 sob\u011b si pln\u011b uv\u011bdomuji, \u017ee n\u00e1zev na\u0161\u00ed partaje nese pr\u00e1v\u011b onen symbol osobn\u00ed svobody a technick\u00e9ho pokroku, kter\u00e9 lidem na cel\u00e9m sv\u011bt\u011b p\u0159inesly vysokou \u017eivotn\u00ed \u00farove\u0148 a mo\u017enost dosud nep\u0159edstaviteln\u00e9 osobn\u00ed a rodinn\u00e9 mobility.<\/p>\n<p>&#13;<br \/>\n\tHynkova kniha p\u0159in\u00e1\u0161\u00ed stru\u010dn\u00fd, ale komplexn\u00ed pohled na celou historii automobilu, kter\u00e1 vedla od vyn\u00e1lezu kola ve st\u0159edov\u011bku p\u0159es prvn\u00ed patentovan\u00fd automobil Benz Patent Wagen a\u017e po sou\u010dasnost. A je natolik \u010dtiv\u011b napsan\u00e1, \u017ee ji mohu v\u0161em jen doporu\u010dit. Pravd\u011bpodobn\u011b ne n\u00e1hodou knihu spolu s autorem k\u0159til Ji\u0159\u00ed Brodsk\u00fd, motoristick\u00fd n\u00e1m\u011bstek na Ministerstvu zahrani\u010dn\u00edch v\u011bc\u00ed \u010cR, kter\u00fd spole\u010denskou ud\u00e1lost skv\u011ble doplnil. Kniha hodnot\u00ed i neradostnou budoucnost automobilov\u00e9ho pr\u016fmyslu v Evrop\u011b po z\u00e1kazu prodeje automobil\u016f se spalovac\u00edmi motory.<\/p>\n<p>&#13;<br \/>\n\t<img decoding=\"async\" alt=\"\" data-orig-style=\"width: 1200px; height: 1600px;\" src=\"https:\/\/www.europesays.com\/cz\/wp-content\/uploads\/2026\/03\/d\u011bjiny.jpg\" style=\"\"\/><\/p>\n<p>&#13;<br \/>\n\tA shodou okolnost\u00ed vy\u0161la jen p\u00e1r dn\u00ed pot\u00e9, co Filip Turek na Rad\u011b Evropy odm\u00edtnul za \u010ceskou republiku na\u0159\u00edzen\u00ed, kter\u00e9 po roce 2035 zak\u00e1\u017ee spalovac\u00ed motory. \u201eDobr\u00e1 kondice evropsk\u00e9ho automobilov\u00e9ho pr\u016fmyslu je pro n\u00e1s kl\u00ed\u010dovou ekonomickou prioritou,\u201c uvedl Filip v\u00a0\u00favodu sv\u00e9ho vystoupen\u00ed a pokra\u010doval: \u201eUsilujeme o\u00a0realistickou regulaci, kter\u00e1 vyva\u017euje klimatick\u00e9 ambice s\u00a0re\u00e1lnou technologickou a\u00a0soci\u00e1ln\u011b-ekonomickou situac\u00ed na trhu a\u00a0zachov\u00e1v\u00e1 konkurenceschopnost EU.\u201c<\/p>\n<p>&#13;<br \/>\n\tRevize, kterou Evropsk\u00e1 komise navrhuje, je podle n\u00e1s p\u0159\u00edle\u017eitost\u00ed k naprosto z\u00e1sadn\u00ed \u00faprav\u011b p\u0159\u00edli\u0161 ambici\u00f3zn\u00edho r\u00e1mce. Budeme takt\u00e9\u017e bojovat proti syst\u00e9mu sankc\u00ed a nep\u0159im\u011b\u0159en\u011b vysok\u00fdch pokut, kter\u00e9 hroz\u00ed v\u00fdrobc\u016fm, pokud pravidla nedodr\u017e\u00ed.<\/p>\n<p>&#13;<br \/>\n\tB\u00fdt pokrytec? Nevad\u00ed! P\u0159e\u0159eknout se v angli\u010dtin\u011b? Vad\u00ed! <\/p>\n<p>&#13;<br \/>\n\tNam\u00edsto toho, aby zaplavila m\u00e9dia v\u00fdznamn\u00e1 a d\u016fle\u017eit\u00e1 zpr\u00e1va tohoto typu, zaplavilo je zase co? Co jin\u00e9ho, ne\u017e v\u00fdsm\u011bch a bulv\u00e1r. Turek neum\u00ed dokonale anglicky! V\u00edte, Turka jsem vid\u011bla mluvit anglicky na mnoha v\u00fdznamn\u00fdch jedn\u00e1n\u00edch. Ve slo\u017eit\u011bj\u0161\u00ed angli\u010dtin\u011b \u0159e\u0161il v minulosti politiku, geopolitiku, filozofii a n\u00e1bo\u017eenstv\u00ed, nap\u0159\u00edklad s \u00fa\u010dastn\u00edky jeho lo\u0148sk\u00e9 mezin\u00e1rodn\u00ed konference, jak\u00fdmi byli t\u0159eba Charles Gave, francouzsk\u00fd finan\u010dn\u00edk, ekonom, investor a autor, nebo Christopher DeMuth, \u010dlen americk\u00e9ho konzervativn\u00edho think-thanku The Heritage Foundation. Europoslanec Harald Vilimsky ze Svobodn\u00e9 strany Rakouska (FP\u00d6) je jeho dobr\u00fdm p\u0159\u00edtelem a nikdy jsem je nevid\u011bla debatovat do pozdn\u00ed noci s tlumo\u010dn\u00edkem. Naopak!<\/p>\n<p>&#13;<br \/>\n\tTato medi\u00e1ln\u00ed kauza p\u0159i\u0161la mi tedy op\u011bt pon\u011bkud zbyte\u010dn\u00e1, a to\u010d\u00edme se kolem n\u00ed je\u0161t\u011b t\u00fdden pot\u00e9. Nejzaj\u00edmav\u011bj\u0161\u00ed na tom je, \u017ee nejv\u00fdrazn\u011bj\u0161\u00ed kritiku sl\u00fdch\u00e1m pr\u00e1v\u011b od t\u011bch, jejich\u017e angli\u010dtin\u011b by se leckdy vysm\u00e1t ur\u010dit\u011b dalo. Od pan\u00ed Nerudov\u00e9 a\u017e po Tom\u00e1\u0161e Zdechovsk\u00e9ho.<\/p>\n<p>&#13;<br \/>\n\tBohu\u017eel, v dne\u0161n\u00edm sv\u011bt\u011b pova\u017eujeme za norm\u00e1ln\u00ed v\u011bci pr\u00e1v\u011b takov\u00e9, kter\u00e9 se vytvo\u0159ily a neust\u00e1le se opakuj\u00ed v jak\u00e9si ve\u0159ejn\u00e9 a viditeln\u00e9 skupin\u011b lid\u00ed. Tak\u017ee z tohoto pohledu to jedin\u00e9, co je sv\u011btov\u011b norm\u00e1ln\u00ed, je tolerance l\u017e\u00ed a pokrytectv\u00ed.<\/p>\n<p>&#13;<br \/>\n\t<img decoding=\"async\" alt=\"\" data-orig-style=\"width: 1440px; height: 960px;\" src=\"https:\/\/www.europesays.com\/cz\/wp-content\/uploads\/2026\/03\/Turek.JPG\" style=\"\"\/><\/p>\n<p>&#13;<br \/>\n\tVelk\u00fd ombudsman <\/p>\n<p>&#13;<br \/>\n\tKone\u010dn\u011b jsme m\u011bli sly\u0161en\u00ed k velk\u00e9mu ombudsmanovi. Mo\u017en\u00e1 si vzpom\u00edn\u00e1te, \u017ee v jednom z p\u0159edchoz\u00edch den\u00edk\u016f jsem si trochu pozanad\u00e1vala na instituci ombudsmana. A\u010d si mysl\u00edm, \u017ee jestli n\u011bkdo \u00fa\u0159ad ombudsmana vedl t\u00e9m\u011b\u0159 uk\u00e1zkov\u011b, byl to pr\u00e1v\u011b posledn\u00ed z ombudsman\u016f, pan Stanislav K\u0159e\u010dek, p\u0159esto bych nejrad\u011bji instituci jako takovou zru\u0161ila.<\/p>\n<p>&#13;<br \/>\n\tBobtn\u00e1n\u00ed st\u00e1tn\u00ed byrokracie se d\u011bje i zde a ombudsman jako takov\u00fd z\u00edsk\u00e1v\u00e1 st\u00e1le v\u011bt\u0161\u00ed pravomoce, nemluv\u011b o tom, \u017ee je neodvolateln\u00fd. Jeho kompetenc\u00ed u\u017e nen\u00ed pouze \u201edoporu\u010dovat\u201c, ale tak\u00e9 \u201ezasahovat do soudn\u00edch jedn\u00e1n\u00ed\u201c. Strach, \u017ee se \u00fa\u0159ad stane politick\u00fdm centrem levicov\u00e9ho extremismu, m\u00e1m nejenom j\u00e1, tady se shodnu dokonce s n\u011bkter\u00fdmi kolegy z opozi\u010dn\u00ed ODS. Obzvl\u00e1\u0161\u0165, kdy\u017e kouknu na n\u011bkter\u00e9 kandid\u00e1ty, kte\u0159\u00ed se n\u00e1m do \u00fa\u0159adu hl\u00e1s\u00ed.<\/p>\n<p>&#13;<br \/>\n\tT\u0159eba takov\u00e1 Kl\u00e1ra \u0160ime\u010dkov\u00e1 Lauren\u010d\u00edkov\u00e1 je do \u00fa\u0159adu nominov\u00e1na panem prezidentem. Jej\u00ed dosavadn\u00ed agenda je postavena na ochran\u011b takzvan\u00fdch zraniteln\u00fdch skupin (kde jsou hlavn\u011b men\u0161iny LGBT+), inkluzi a syst\u00e9mov\u00e9 zm\u011bn\u011b p\u0159\u00edstupu k pr\u00e1v\u016fm d\u011bt\u00ed (inkluze ve \u0161kol\u00e1ch, transformace \u00fastavn\u00ed p\u00e9\u010de). Vn\u00edm\u00e1 ombudsmana jako aktivn\u00edho hybatele spole\u010densk\u00fdch zm\u011bn. Chce, aby ombudsman aktivn\u011b navrhoval legislativn\u00ed zm\u011bny a byl partnerem pro vl\u00e1du v ot\u00e1zk\u00e1ch lidskopr\u00e1vn\u00edch reforem.<\/p>\n<p>&#13;<br \/>\n\tS obdobn\u011b progresivn\u00edm pohledem tam m\u00e1me n\u011bkolik dal\u0161\u00edch kandid\u00e1t\u016f. Snad jen jeden z nich je ukotven sp\u00ed\u0161e liber\u00e1ln\u011b-konzervativn\u011b a hl\u00e1s\u00ed se k n\u00e1vratu pragmatismu. Nav\u00edc z dne\u0161n\u00edho pohledu kontroverzn\u011b hl\u00e1s\u00e1: m\u00e9n\u011b st\u00e1tu, v\u00edce rodiny!<\/p>\n<p>&#13;<br \/>\n\tNebudu v\u00e1m nyn\u00ed prozrazovat, kdo z kandid\u00e1t\u016f je m\u00fdm favoritem, budeme se na n\u011bm muset shodnout koali\u010dn\u011b. J\u00e1 samoz\u0159ejm\u011b ud\u011bl\u00e1m v\u0161echno proto, abych prok\u00e1zala, \u017ee n\u011bkter\u00e9 volby n\u00e1s mohou v\u00e9st velmi aktivistick\u00fdm a \u0161patn\u00fdm sm\u011brem.<\/p>\n<p>&#13;<br \/>\n\t<img decoding=\"async\" alt=\"\" data-orig-style=\"width: 1600px; height: 1313px;\" src=\"https:\/\/www.europesays.com\/cz\/wp-content\/uploads\/2026\/03\/ombu.jpg\" style=\"\"\/><\/p>\n<p>&#13;<br \/>\n\tDva r\u016fzn\u00e9 sv\u011bty <\/p>\n<p>&#13;<br \/>\n\tInformaci o dal\u0161\u00ed spoust\u011b zaj\u00edmav\u00fdch akc\u00edch u\u017e mus\u00edm nechat do dal\u0161\u00edho ze stream\u016f XTV, do dal\u0161\u00edho d\u00edlu Po \u017dn\u00edch k Turkovi na VOX TV (kter\u00e9 kone\u010dn\u011b zase za\u010dneme s Filipem Turkem nat\u00e1\u010det), anebo do p\u0159\u00ed\u0161t\u00edho d\u00edlu den\u00edku zde, v Parlamentn\u00edch listech. A mo\u017en\u00e1 ani to ne. Za t\u00fdden se zase toti\u017e ud\u011bje neuv\u011b\u0159iteln\u00e9 mno\u017estv\u00ed zaj\u00edmav\u00e9ho, a v\u011bzte, \u017ee n\u011bkter\u00e9 kulat\u00e9 stoly \u010di v\u00fdbory jsou po\u0159\u00e1d a dokola tot\u00e9\u017e.<\/p>\n<p>&#13;<br \/>\n\tNap\u0159\u00edklad ty zab\u00fdvaj\u00edc\u00ed se debatou vyv\u00e1\u017eenosti ve\u0159ejnopr\u00e1vn\u00ed televize a koncesion\u00e1\u0159sk\u00fdmi poplatky. Tam prost\u011b poka\u017ed\u00e9 sed\u00ed dv\u011b skupiny lid\u00ed, kdy ka\u017ed\u00e1 z nich \u017eije ve zcela odli\u0161n\u00e9m sv\u011bt\u011b.<\/p>\n<p>&#13;<br \/>\n\tTa jedna \u017eije sv\u011bt, kde by zru\u0161en\u00ed koncesion\u00e1\u0159sk\u00fdch poplatk\u016f znamenalo zni\u010den\u00ed lidstva. Zru\u0161en\u00ed \u010desk\u00e9ho klenotu. Konec jejich sv\u011bta, kter\u00fd byli ochotni naz\u00fdvat demokratick\u00fdm. Ta druh\u00e1 skupina, ano, p\u0159iznejme, \u017ee ta moje, kter\u00e1 u t\u011bchto kulat\u00fdch stol\u016f p\u016fsob\u00ed sic men\u0161inov\u011b, p\u0159esto je obdobn\u011b velk\u00e1, jako ta prvn\u00ed, ta m\u00e1 taky sv\u016fj sv\u011bt. V n\u011bm nehodl\u00e1 platit cosi, co n\u00e1m p\u0159edkl\u00e1d\u00e1 jednostrann\u00e9 informace a sna\u017e\u00ed se n\u00e1s p\u0159evychovat. Moji rodi\u010de na ch\u016fvu nem\u011bli. Vychov\u00e1vali m\u011b sami a vychov\u00e1vali m\u011b ke kritick\u00e9mu my\u0161len\u00ed a utv\u00e1\u0159en\u00ed si vlastn\u00edho n\u00e1zoru z mnoh\u00fdch zdroj\u016f\u2026<\/p>\n<p>&#13;<br \/>\n\tA jak naproti sob\u011b sed\u00ed tyto dva sv\u011bty u t\u011bchto odborn\u00fdch stol\u016f, tak takov\u00e9 dva obdobn\u00e9 sv\u011bty si \u017eijeme i ve skute\u010dnosti. Sobotn\u00ed demonstrace \u2013 op\u011bt! Jeden sv\u011bt, tent\u00fd\u017e, kter\u00fd pova\u017euje \u010ceskou televizi za s\u016fl nad zlato, a druh\u00fd sv\u011bt, kter\u00fd nev\u011b\u0159\u00edcn\u011b koukal na televizn\u00ed obrazovku ve\u0159ejnopr\u00e1vn\u00ed televize, kter\u00e1 p\u0159\u00edm\u00fdm p\u0159enosem vys\u00edlala n\u011bkolikahodinov\u00e9 studio z demonstrace, a pozvala si tam asi 7 koment\u00e1tor\u016f, p\u0159i\u010dem\u017e v\u0161ichni byli jasn\u011b n\u00e1zorov\u011b sp\u00ed\u0161e na stran\u011b demonstruj\u00edc\u00edch. Z\u00edrala jsem na to s otev\u0159enou pusou a \u0159\u00edkala si: Tak tohle m\u00e1 b\u00fdt ten n\u00e1rodn\u00ed klenot? T\u00edmto m\u011b cht\u011bj\u00ed p\u0159esv\u011bd\u010dit, \u017ee jsou vyv\u00e1\u017een\u00ed, jak deklaruj\u00ed ve sv\u00e9m memorandu?<\/p>\n<p>&#13;<br \/>\n\tNo jo, kdy\u017e oni \u017eij\u00ed vlastn\u011b ten jin\u00fd sv\u011bt, ne\u017e j\u00e1!<\/p>\n<p>&#13;<\/p>\n<p>    Psali jsme:<\/p>\n","protected":false},"excerpt":{"rendered":"&#13; V jednom kole &#13; Tento t\u00fdden se toho ud\u00e1lo tolik, \u017ee popisovat v\u00e1m ka\u017edou svou \u010dinnost, nesta\u010dilo&hellip;\n","protected":false},"author":2,"featured_media":34208,"comment_status":"","ping_status":"","sticky":false,"template":"","format":"standard","meta":{"footnotes":"","_share_on_mastodon":"0"},"categories":[7],"tags":[14389,43,42,41,40,4332,1288,4328,3567],"class_list":["post-34207","post","type-post","status-publish","format-standard","has-post-thumbnail","category-cesko","tag-automobilismus","tag-ceska-republika","tag-cesko","tag-czech-republic","tag-czechia","tag-denik-poslankyne","tag-parlament","tag-sedlackova","tag-turek"],"share_on_mastodon":{"url":"https:\/\/pubeurope.com\/@cz\/116284010297212250","error":""},"_links":{"self":[{"href":"https:\/\/www.europesays.com\/cz\/wp-json\/wp\/v2\/posts\/34207","targetHints":{"allow":["GET"]}}],"collection":[{"href":"https:\/\/www.europesays.com\/cz\/wp-json\/wp\/v2\/posts"}],"about":[{"href":"https:\/\/www.europesays.com\/cz\/wp-json\/wp\/v2\/types\/post"}],"author":[{"embeddable":true,"href":"https:\/\/www.europesays.com\/cz\/wp-json\/wp\/v2\/users\/2"}],"replies":[{"embeddable":true,"href":"https:\/\/www.europesays.com\/cz\/wp-json\/wp\/v2\/comments?post=34207"}],"version-history":[{"count":0,"href":"https:\/\/www.europesays.com\/cz\/wp-json\/wp\/v2\/posts\/34207\/revisions"}],"wp:featuredmedia":[{"embeddable":true,"href":"https:\/\/www.europesays.com\/cz\/wp-json\/wp\/v2\/media\/34208"}],"wp:attachment":[{"href":"https:\/\/www.europesays.com\/cz\/wp-json\/wp\/v2\/media?parent=34207"}],"wp:term":[{"taxonomy":"category","embeddable":true,"href":"https:\/\/www.europesays.com\/cz\/wp-json\/wp\/v2\/categories?post=34207"},{"taxonomy":"post_tag","embeddable":true,"href":"https:\/\/www.europesays.com\/cz\/wp-json\/wp\/v2\/tags?post=34207"}],"curies":[{"name":"wp","href":"https:\/\/api.w.org\/{rel}","templated":true}]}}