{"id":34901,"date":"2026-03-25T07:20:10","date_gmt":"2026-03-25T07:20:10","guid":{"rendered":"https:\/\/www.europesays.com\/cz\/34901\/"},"modified":"2026-03-25T07:20:10","modified_gmt":"2026-03-25T07:20:10","slug":"stihacky-f-35-se-pro-cesko-zacnou-vyrabet-v-pristim-roce","status":"publish","type":"post","link":"https:\/\/www.europesays.com\/cz\/34901\/","title":{"rendered":"St\u00edha\u010dky F-35\u00a0se pro \u010cesko za\u010dnou vyr\u00e1b\u011bt v\u00a0p\u0159\u00ed\u0161t\u00edm roce"},"content":{"rendered":"<p class=\"e_bV\">Americk\u00e1 spole\u010dnost Lockheed Martin za\u010dne s\u00a0v\u00fdrobou letoun\u016f p\u00e1t\u00e9 generace F-35\u00a0pro \u010deskou arm\u00e1du v\u00a0roce 2027.\u00a0Informuj\u00ed o\u00a0tom port\u00e1ly zam\u011b\u0159en\u00e9 na vojenstv\u00ed, mimo jin\u00e9 The Defence Post \u010di Zona Militar, a\u00a0to v\u00a0souvislosti s\u00a0uzav\u0159en\u00edm dohod s\u00a011\u00a0\u010desk\u00fdmi subjekty o\u00a0pr\u016fmyslov\u00e9 spolupr\u00e1ci na v\u00fdrob\u011b t\u011bchto stroj\u016f. Posledn\u00ed dohodu americk\u00fd koncern s\u00a0\u010desk\u00fdm partnerem uzav\u0159el p\u0159ed t\u00fddnem.<\/p>\n<p class=\"e_bV\">Po\u0159\u00edzen\u00ed 24\u00a0letoun\u016f F-35A Lightning II v\u00a0nejmodern\u011bj\u0161\u00ed verzi Block IV schv\u00e1lila minul\u00e1 vl\u00e1da Petra Fialy (ODS) v\u00a0z\u00e1\u0159\u00ed 2023, v\u00a0lednu dal\u0161\u00edho roku ho potvrdila podpisem memoranda. \u010cesko za n\u011b v\u00a0celku zaplat\u00ed 150\u00a0miliard korun, jde o\u00a0nejdra\u017e\u0161\u00ed \u010desk\u00fd arm\u00e1dn\u00ed n\u00e1kup.<\/p>\n<p><a data-dot=\"mol-article-card-media\" aria-hidden=\"true\" tabindex=\"-1\" href=\"https:\/\/www.seznamzpravy.cz\/clanek\/domaci-politika-kdybychom-zrusili-nakup-f-35-vznikla-by-skoda-30-miliard-rekl-babis-299147\" class=\"e_n f_lY\" rel=\"nofollow noopener\" target=\"_blank\"><img fetchpriority=\"high\" height=\"1968\"   width=\"3500\" src=\"https:\/\/www.europesays.com\/cz\/wp-content\/uploads\/2026\/02\/8fa3.jpeg\" loading=\"eager\" decoding=\"sync\" class=\"e_aa e_Z\"\/><\/a><\/p>\n<p class=\"e_bV\">Letouny F-35\u00a0nahrad\u00ed v\u00a0\u010desk\u00e9 arm\u00e1d\u011b pronajat\u00e9 st\u00edha\u010dky JAS-39\u00a0Gripen. Prvn\u00ed F-35\u00a0maj\u00ed b\u00fdt hotov\u00e9 v\u00a0roce 2029, \u010de\u0161t\u00ed piloti na nich zah\u00e1j\u00ed v\u00fdcvik ve Spojen\u00fdch st\u00e1tech. Do \u010ceska by m\u011bly prvn\u00ed stroje p\u0159ilet\u011bt v\u00a0roce 2031, v\u0161echny doraz\u00ed do roku 2035.\u00a0Celkov\u00e9 n\u00e1klady na po\u0159\u00edzen\u00ed a\u00a0provoz F-35\u00a0do konce jejich \u017eivotnosti v\u00a0roce 2069\u00a0odhaduje Ministerstvo obrany na 322\u00a0miliard korun.<\/p>\n","protected":false},"excerpt":{"rendered":"Americk\u00e1 spole\u010dnost Lockheed Martin za\u010dne s\u00a0v\u00fdrobou letoun\u016f p\u00e1t\u00e9 generace F-35\u00a0pro \u010deskou arm\u00e1du v\u00a0roce 2027.\u00a0Informuj\u00ed o\u00a0tom port\u00e1ly zam\u011b\u0159en\u00e9 na&hellip;\n","protected":false},"author":2,"featured_media":34902,"comment_status":"","ping_status":"","sticky":false,"template":"","format":"standard","meta":{"footnotes":"","_share_on_mastodon":"0"},"categories":[10],"tags":[940,17,21,3209,16,2198,18,19,22,113,20],"class_list":["post-34901","post","type-post","status-publish","format-standard","has-post-thumbnail","category-zpravy","tag-armada","tag-headlines","tag-hlavni-udalosti","tag-letouny","tag-news","tag-stihacka-lockheed-martin-f-35-lightning-ii","tag-top-news","tag-top-stories","tag-udalosti-dne","tag-usa","tag-zpravy"],"share_on_mastodon":{"url":"https:\/\/pubeurope.com\/@cz\/116288606864936745","error":""},"_links":{"self":[{"href":"https:\/\/www.europesays.com\/cz\/wp-json\/wp\/v2\/posts\/34901","targetHints":{"allow":["GET"]}}],"collection":[{"href":"https:\/\/www.europesays.com\/cz\/wp-json\/wp\/v2\/posts"}],"about":[{"href":"https:\/\/www.europesays.com\/cz\/wp-json\/wp\/v2\/types\/post"}],"author":[{"embeddable":true,"href":"https:\/\/www.europesays.com\/cz\/wp-json\/wp\/v2\/users\/2"}],"replies":[{"embeddable":true,"href":"https:\/\/www.europesays.com\/cz\/wp-json\/wp\/v2\/comments?post=34901"}],"version-history":[{"count":0,"href":"https:\/\/www.europesays.com\/cz\/wp-json\/wp\/v2\/posts\/34901\/revisions"}],"wp:featuredmedia":[{"embeddable":true,"href":"https:\/\/www.europesays.com\/cz\/wp-json\/wp\/v2\/media\/34902"}],"wp:attachment":[{"href":"https:\/\/www.europesays.com\/cz\/wp-json\/wp\/v2\/media?parent=34901"}],"wp:term":[{"taxonomy":"category","embeddable":true,"href":"https:\/\/www.europesays.com\/cz\/wp-json\/wp\/v2\/categories?post=34901"},{"taxonomy":"post_tag","embeddable":true,"href":"https:\/\/www.europesays.com\/cz\/wp-json\/wp\/v2\/tags?post=34901"}],"curies":[{"name":"wp","href":"https:\/\/api.w.org\/{rel}","templated":true}]}}