{"id":38194,"date":"2026-03-28T11:15:10","date_gmt":"2026-03-28T11:15:10","guid":{"rendered":"https:\/\/www.europesays.com\/cz\/38194\/"},"modified":"2026-03-28T11:15:10","modified_gmt":"2026-03-28T11:15:10","slug":"dojde-uz-ke-zruseni-stridani-casu-tezko-evropska-unie-ma-nyni-uplne-jine-starosti","status":"publish","type":"post","link":"https:\/\/www.europesays.com\/cz\/38194\/","title":{"rendered":"Dojde u\u017e ke zru\u0161en\u00ed st\u0159\u00edd\u00e1n\u00ed \u010dasu? T\u011b\u017eko, Evropsk\u00e1 unie m\u00e1 nyn\u00ed \u00fapln\u011b jin\u00e9 starosti"},"content":{"rendered":"<p>O tomto v\u00edkendu dojde v \u010cesk\u00e9 republice a dal\u0161\u00edch st\u00e1tech Evropsk\u00e9 unie ke zm\u011bn\u011b \u010dasu. V ned\u011bli se ve dv\u011b hodiny po p\u016flnoci p\u0159eto\u010d\u00ed hodinov\u00e9 ru\u010di\u010dky o 60 minut dop\u0159edu a za\u010dne platit letn\u00ed \u010das. St\u0159\u00edd\u00e1n\u00ed zimn\u00edho a letn\u00edho \u010dasu ji\u017e drahnou \u0159\u00e1dku let (a nejinak tomu je i v t\u011bchto dnech) vyvol\u00e1v\u00e1 v\u00e1\u0161niv\u00e9 diskuse, kdy odborn\u00edci a l\u00e9ka\u0159i poukazuj\u00ed na jeho negativn\u00ed dopady na zdrav\u00ed a lidskou psychiku. Stranou nejsou ani ekonomov\u00e9, podle kter\u00fdch je finan\u010dn\u00ed profit t\u00e9to zm\u011bny ji\u017e zanedbateln\u00fd. Zru\u0161en\u00ed st\u0159\u00edd\u00e1n\u00ed \u010dasu si p\u0159eje i v\u011bt\u0161ina lid\u00ed. Nicm\u00e9n\u011b ani to nesta\u010d\u00ed. V\u00fdsledek je takov\u00fd, \u017ee ke zm\u011bn\u00e1m doch\u00e1z\u00ed a s velkou pravd\u011bpodobnost\u00ed k n\u011bmu bude doch\u00e1zet i nad\u00e1le.<\/p>\n<p>Evropa p\u0159itom ji\u017e st\u00e1la od zru\u0161en\u00ed st\u0159\u00edd\u00e1n\u00ed \u010das\u016f jen pomysln\u00fd kr\u016f\u010dek. P\u0159\u00edslu\u0161n\u00fd n\u00e1vrh dokonce posv\u011btil Evropsk\u00fd parlament s t\u00edm, \u017ee naposledy se \u010das zm\u011bn\u00ed 28. b\u0159ezna 2021. Evropsk\u00e9 st\u00e1ty se m\u011bly shodnout \u201ejen\u201c na tom, zda si natrvalo nechaj\u00ed letn\u00ed \u010das nebo ten zimn\u00ed, tedy standardn\u00ed \u010di st\u0159edoevropsk\u00fd. A zde padla kosa na k\u00e1men a unijn\u00ed jednota byla v prachu. Jedna skupina cht\u011bla letn\u00ed \u010das, druh\u00e1 pak zimn\u00ed. Ani jeden t\u00e1bor necht\u011bl ze sv\u00e9ho ustoupit. A proto\u017ee v roce 2020 na sv\u011bt dolehla pandemie covidu, kter\u00e1 s sebou p\u0159inesla mnohem v\u011bt\u0161\u00ed a d\u016fle\u017eit\u011bj\u0161\u00ed \u00fakoly a starosti ne\u017e n\u011bjak\u00e9 st\u0159\u00edd\u00e1n\u00ed \u010dasu, byla cel\u00e1 z\u00e1le\u017eitost ulo\u017eena k ledu a st\u0159\u00edd\u00e1n\u00ed \u010dasu potvrzeno na dal\u0161\u00edch p\u011bt let. A tato p\u011btiletka pr\u00e1v\u011b letos kon\u010d\u00ed.<\/p>\n<p>P\u0159esto\u017ee Unie zm\u011bnu \u010dasu kv\u016fli covidu odp\u00edskala, n\u011bkter\u00e9 \u010dlensk\u00e9 st\u00e1ty ve snah\u00e1ch v tomto sm\u011bru nepolevily. Velice aktivn\u00ed bylo \u0160pan\u011blsko, kter\u00e9 p\u0159edsedalo Unii v druh\u00e9 polovin\u011b roku 2023. Nyn\u00ed tuto rukavici zved\u00e1 Irsko, kter\u00e9 p\u0159edsednictv\u00ed p\u0159evezme letos v \u010dervenci. Nejhlasit\u011bj\u0161\u00ed v tomto sm\u011bru je tamn\u00ed europoslanec Sean Kelly, kter\u00fd chce \u201eadministrativn\u011b\u201c\u00a0dot\u00e1hnout zru\u0161en\u00ed pravideln\u00e9ho posouv\u00e1n\u00ed ru\u010di\u010dek ji\u017e v leto\u0161n\u00edm roce. A nejen to, Kelly tla\u010d\u00ed na vl\u00e1du v Dublinu, aby si zru\u0161en\u00ed st\u0159\u00edd\u00e1n\u00ed \u010das\u016f vetknula do sv\u00e9ho p\u0159edsednick\u00e9ho programu jako jednu z hlavn\u00edch priorit.<\/p>\n<p><a class=\"article-card__image\" data-ac-image=\"\" href=\"https:\/\/www.reflex.cz\/clanek\/padni-komu-padni\/134725\/obcan-orban-co-ho-zlomilo-jak-si-podmanil-svou-zemi-a-proc-tolik-potreboval-merkelovou.html\" title=\"Ob\u010dan Orb\u00e1n: Co ho zlomilo, jak si podmanil svou zemi a pro\u010d tolik pot\u0159eboval Merkelovou\" rel=\"nofollow noopener\" target=\"_blank\"><img decoding=\"async\" alt=\"Ob\u010dan Orb\u00e1n: Co ho zlomilo, jak si podmanil svou zemi a pro\u010d tolik pot\u0159eboval Merkelovou\" title=\"Ob\u010dan Orb\u00e1n: Co ho zlomilo, jak si podmanil svou zemi a pro\u010d tolik pot\u0159eboval Merkelovou\" class=\" has-animated-webp\" data-magazine=\"\" src=\"https:\/\/www.europesays.com\/cz\/wp-content\/uploads\/2026\/03\/9795041.jpg\" loading=\"lazy\" style=\"aspect-ratio: 328 \/ 184\"\/><img class=\"animated-webp-overlay\" alt=\"Ob\u010dan Orb\u00e1n: Co ho zlomilo, jak si podmanil svou zemi a pro\u010d tolik pot\u0159eboval Merkelovou\" aria-hidden=\"true\" data-animated-src=\"https:\/\/www.europesays.com\/cz\/wp-content\/uploads\/2026\/03\/1774696509_985_animated.webp.webp\" style=\"aspect-ratio: 328 \/ 184\"\/><\/a><a class=\"article-card__title-link line-limit-3\" data-ac-title=\"\" href=\"https:\/\/www.reflex.cz\/clanek\/padni-komu-padni\/134725\/obcan-orban-co-ho-zlomilo-jak-si-podmanil-svou-zemi-a-proc-tolik-potreboval-merkelovou.html\" title=\"Ob\u010dan Orb\u00e1n: Co ho zlomilo, jak si podmanil svou zemi a pro\u010d tolik pot\u0159eboval Merkelovou\" rel=\"nofollow noopener\" target=\"_blank\">Ob\u010dan Orb\u00e1n: Co ho zlomilo, jak si podmanil svou zemi a pro\u010d tolik pot\u0159eboval Merkelovou<\/a><\/p>\n<p>Vzhledem k aktu\u00e1ln\u00ed bezpe\u010dnostn\u00ed a energetick\u00e9 situaci v Evrop\u011b lze jen t\u011b\u017eko p\u0159edpokl\u00e1dat, \u017ee Kelly dos\u00e1hne sv\u00e9ho c\u00edle. P\u0159ed Evropou a jej\u00edmi l\u00eddry le\u017e\u00ed \u00fapln\u011b jin\u00e9 \u00fakoly a v\u00fdzvy, kter\u00e9 jsou mnohem z\u00e1sadn\u011bj\u0161\u00ed. A pak je tu je\u0161t\u011b jeden podstatn\u00fd h\u00e1\u010dek, na kter\u00e9m evropsk\u00e1 jednota ztroskotala ji\u017e p\u0159ed \u0161esti lety. I kdyby se nakr\u00e1sn\u011b v\u0161ichni usnesli, \u017ee \u010das se u\u017e st\u0159\u00eddat nebude, musej\u00ed se shodnout na tom, jakou je podobu si ponechaj\u00ed. A to bude vzhledem k velikosti Evropy velice slo\u017eit\u00e9.<\/p>\n<p>S\u00e1m tomu nepom\u00e1h\u00e1 ani Sean Kelly, kter\u00fd urputn\u011b tla\u010d\u00ed na zaveden\u00ed letn\u00edho \u010dasu, a to kv\u016fli dlouh\u00fdm ve\u010der\u016fm, kter\u00e9 pr\u00fd \u201ezlep\u0161uj\u00ed n\u00e1ladu a prosp\u00edvaj\u00ed zdrav\u00ed\u201c. Na kontinentu si v\u0161ak mysl\u00ed n\u011bco jin\u00e9ho a v jednotliv\u00fdch zem\u00edch na v\u00fdchod od R\u00fdna a na sever od Dunaje se sp\u00ed\u0161 klon\u00ed k tradi\u010dn\u00edmu st\u0159edoevropsk\u00e9mu \u010dasu. Je jasn\u00e9, \u017ee pokud ke zm\u011bn\u011b dojde, bude muset jedna skupina ustoupit druh\u00e9 a to bude hodn\u011b tvrd\u00fd o\u0159\u00ed\u0161ek.<\/p>\n<p>I kdyby se poda\u0159ilo mezi st\u00e1ty znovu z\u00edskat shodu na jednom \u010dase, jeho volba nebo v\u00fdb\u011br nen\u00ed ot\u00e1zkou n\u011bkolika t\u00fddn\u016f nebo m\u011bs\u00edc\u016f. Je tedy v\u00edce ne\u017e pravd\u011bpodobn\u00e9, \u017ee st\u0159\u00edd\u00e1n\u00ed \u010dasu pob\u011b\u017e\u00ed i v n\u00e1sleduj\u00edc\u00edch letech. Sjednocen\u00ed \u010dasu si vy\u017e\u00e1d\u00e1 n\u011bjakou dobu na vykomunikov\u00e1n\u00ed, a to nikoliv ve smyslu ano\/ne, ale zda v\u00fdsledek bude v\u0161ichni letn\u00ed\/v\u0161ichni zimn\u00ed.<\/p>\n<p>Pokud je ot\u00e1zka \u010dasu takov\u00fd neuralgick\u00fd a z\u00e1sadn\u00ed probl\u00e9m pro Evropu, m\u011bly by si ho jednotliv\u00e9 frakce \u010di poslanci v konkr\u00e9tn\u00edch zem\u00edch vetknout do sv\u00fdch program\u016f pro volby do Evropsk\u00e9ho parlamentu v roce 2029. Do t\u00e9 doby m\u016f\u017ee v\u0161e \u2013 i s periodicky se opakuj\u00edc\u00edm sk\u0159\u00edp\u011bn\u00edm zub\u016f odborn\u00edk\u016f a halek\u00e1n\u00edm jednotliv\u00fdch politik\u016f \u2013 pokra\u010dovat jako dosud.<\/p>\n<p><a class=\"article-card__image\" data-ac-image=\"\" href=\"https:\/\/www.reflex.cz\/clanek\/prostor-x\/134709\/jiri-prochazka-pulka-sveta-si-po-mych-hlaskach-myslela-ze-jsem-nejaky-homoklaun-na-anglictine-makam.html\" title=\"Ji\u0159\u00ed Proch\u00e1zka: P\u016flka sv\u011bta si po m\u00fdch hl\u00e1\u0161k\u00e1ch myslela, \u017ee jsem n\u011bjak\u00fd homoklaun. Na angli\u010dtin\u011b mak\u00e1m\" rel=\"nofollow noopener\" target=\"_blank\"><img decoding=\"async\" alt=\"Ji\u0159\u00ed Proch\u00e1zka: P\u016flka sv\u011bta si po m\u00fdch hl\u00e1\u0161k\u00e1ch myslela, \u017ee jsem n\u011bjak\u00fd homoklaun. Na angli\u010dtin\u011b mak\u00e1m\" title=\"Ji\u0159\u00ed Proch\u00e1zka: P\u016flka sv\u011bta si po m\u00fdch hl\u00e1\u0161k\u00e1ch myslela, \u017ee jsem n\u011bjak\u00fd homoklaun. Na angli\u010dtin\u011b mak\u00e1m\" class=\" has-animated-webp\" data-magazine=\"\" src=\"https:\/\/www.europesays.com\/cz\/wp-content\/uploads\/2026\/03\/9793730.jpg\" loading=\"lazy\" style=\"aspect-ratio: 328 \/ 184\"\/><img class=\"animated-webp-overlay\" alt=\"Ji\u0159\u00ed Proch\u00e1zka: P\u016flka sv\u011bta si po m\u00fdch hl\u00e1\u0161k\u00e1ch myslela, \u017ee jsem n\u011bjak\u00fd homoklaun. Na angli\u010dtin\u011b mak\u00e1m\" aria-hidden=\"true\" data-animated-src=\"https:\/\/www.europesays.com\/cz\/wp-content\/uploads\/2026\/03\/1774696510_853_animated.webp.webp\" style=\"aspect-ratio: 328 \/ 184\"\/><\/a><a class=\"article-card__title-link line-limit-3\" data-ac-title=\"\" href=\"https:\/\/www.reflex.cz\/clanek\/prostor-x\/134709\/jiri-prochazka-pulka-sveta-si-po-mych-hlaskach-myslela-ze-jsem-nejaky-homoklaun-na-anglictine-makam.html\" title=\"Ji\u0159\u00ed Proch\u00e1zka: P\u016flka sv\u011bta si po m\u00fdch hl\u00e1\u0161k\u00e1ch myslela, \u017ee jsem n\u011bjak\u00fd homoklaun. Na angli\u010dtin\u011b mak\u00e1m\" rel=\"nofollow noopener\" target=\"_blank\">Ji\u0159\u00ed Proch\u00e1zka: P\u016flka sv\u011bta si po m\u00fdch hl\u00e1\u0161k\u00e1ch myslela, \u017ee jsem n\u011bjak\u00fd homoklaun. Na angli\u010dtin\u011b mak\u00e1m<\/a><a class=\"article-card__image\" data-ac-image=\"\" href=\"https:\/\/www.reflex.cz\/clanek\/komentare\/134671\/martin-bartkovsky-protivladni-demonstrace-maji-smysl-alespon-vime-ze-v-tom-nejsme-sami.html\" title=\"Martin Bartkovsk\u00fd: Protivl\u00e1dn\u00ed demonstrace maj\u00ed smysl. Alespo\u0148 v\u00edme, \u017ee v tom nejsme sami\" rel=\"nofollow noopener\" target=\"_blank\"><img decoding=\"async\" alt=\"Martin Bartkovsk\u00fd: Protivl\u00e1dn\u00ed demonstrace maj\u00ed smysl. Alespo\u0148 v\u00edme, \u017ee v tom nejsme sami\" title=\"Martin Bartkovsk\u00fd: Protivl\u00e1dn\u00ed demonstrace maj\u00ed smysl. Alespo\u0148 v\u00edme, \u017ee v tom nejsme sami\" class=\"\" data-magazine=\"\" src=\"https:\/\/www.europesays.com\/cz\/wp-content\/uploads\/2026\/03\/9788554.jpg\" loading=\"lazy\" style=\"aspect-ratio: 328 \/ 184\"\/><\/a><a class=\"article-card__title-link line-limit-3\" data-ac-title=\"\" href=\"https:\/\/www.reflex.cz\/clanek\/komentare\/134671\/martin-bartkovsky-protivladni-demonstrace-maji-smysl-alespon-vime-ze-v-tom-nejsme-sami.html\" title=\"Martin Bartkovsk\u00fd: Protivl\u00e1dn\u00ed demonstrace maj\u00ed smysl. Alespo\u0148 v\u00edme, \u017ee v tom nejsme sami\" rel=\"nofollow noopener\" target=\"_blank\">Martin Bartkovsk\u00fd: Protivl\u00e1dn\u00ed demonstrace maj\u00ed smysl. Alespo\u0148 v\u00edme, \u017ee v tom nejsme sami<\/a><\/p>\n","protected":false},"excerpt":{"rendered":"O tomto v\u00edkendu dojde v \u010cesk\u00e9 republice a dal\u0161\u00edch st\u00e1tech Evropsk\u00e9 unie ke zm\u011bn\u011b \u010dasu. V ned\u011bli se&hellip;\n","protected":false},"author":2,"featured_media":38195,"comment_status":"","ping_status":"","sticky":false,"template":"","format":"standard","meta":{"footnotes":"","_share_on_mastodon":"0"},"categories":[3],"tags":[109,108,106,571,15506,138,12009],"class_list":["post-38194","post","type-post","status-publish","format-standard","has-post-thumbnail","category-evropa","tag-europa","tag-europe","tag-evropa","tag-evropska-unie","tag-jiri-stefek","tag-komentare","tag-letni-cas"],"share_on_mastodon":{"url":"https:\/\/pubeurope.com\/@cz\/116306517875369330","error":""},"_links":{"self":[{"href":"https:\/\/www.europesays.com\/cz\/wp-json\/wp\/v2\/posts\/38194","targetHints":{"allow":["GET"]}}],"collection":[{"href":"https:\/\/www.europesays.com\/cz\/wp-json\/wp\/v2\/posts"}],"about":[{"href":"https:\/\/www.europesays.com\/cz\/wp-json\/wp\/v2\/types\/post"}],"author":[{"embeddable":true,"href":"https:\/\/www.europesays.com\/cz\/wp-json\/wp\/v2\/users\/2"}],"replies":[{"embeddable":true,"href":"https:\/\/www.europesays.com\/cz\/wp-json\/wp\/v2\/comments?post=38194"}],"version-history":[{"count":0,"href":"https:\/\/www.europesays.com\/cz\/wp-json\/wp\/v2\/posts\/38194\/revisions"}],"wp:featuredmedia":[{"embeddable":true,"href":"https:\/\/www.europesays.com\/cz\/wp-json\/wp\/v2\/media\/38195"}],"wp:attachment":[{"href":"https:\/\/www.europesays.com\/cz\/wp-json\/wp\/v2\/media?parent=38194"}],"wp:term":[{"taxonomy":"category","embeddable":true,"href":"https:\/\/www.europesays.com\/cz\/wp-json\/wp\/v2\/categories?post=38194"},{"taxonomy":"post_tag","embeddable":true,"href":"https:\/\/www.europesays.com\/cz\/wp-json\/wp\/v2\/tags?post=38194"}],"curies":[{"name":"wp","href":"https:\/\/api.w.org\/{rel}","templated":true}]}}