{"id":38686,"date":"2026-03-28T22:32:10","date_gmt":"2026-03-28T22:32:10","guid":{"rendered":"https:\/\/www.europesays.com\/cz\/38686\/"},"modified":"2026-03-28T22:32:10","modified_gmt":"2026-03-28T22:32:10","slug":"zlin-je-ve-finale-berani-premohli-kozly-v-nastavenem-case-trefou-tomase-rachunka","status":"publish","type":"post","link":"https:\/\/www.europesays.com\/cz\/38686\/","title":{"rendered":"Zl\u00edn je ve fin\u00e1le! Berani p\u0159emohli Kozly v nastaven\u00e9m \u010dase trefou Tom\u00e1\u0161e Rach\u016fnka"},"content":{"rendered":"<p>\t\t\t\t\t\tDnes | Michal Kobyl\u00edk<\/p>\n<p>\n\t\t\t\t\t\t\u0160est\u00fd z\u00e1pas s\u00e9rie op\u011bt za\u010dal podle zajet\u00fdch pravidel tohoto semifin\u00e1le &#8211; Zl\u00edn byl v\u016fd\u010d\u00edm celkem a Kol\u00edn m\u011bl v prvn\u00ed t\u0159etin\u011b \u0161ance jen ve vybran\u00fdch momentech. Ve druh\u00e9 t\u0159etin\u011b to bylo podobn\u00e9, Kozli o\u017eili a\u017e v samotn\u00e9m z\u00e1v\u011bru periody, sk\u00f3re z\u00e1pasu v\u0161ak z\u016fstalo neotev\u0159eno. T\u0159et\u00ed t\u0159etina za\u010dala l\u00e9pe pro Kol\u00ednsk\u00e9, Berani si v\u0161ak iniciativu p\u0159ebrali zp\u011bt a Kozli m\u011bli posledn\u00ed \u0161anci se nadechnout na samotn\u00e9m konci z\u00e1kladn\u00ed hrac\u00ed doby. O p\u0159esilovku se v\u0161ak sami p\u0159ipravili a rozhodnout m\u011blo znovu prodlou\u017een\u00ed. Nejedno oko v\u011brn\u00e9ho zl\u00ednsk\u00e9ho fanou\u0161ka slzelo, kdy\u017e se stal v 62. minut\u011b rozhoduj\u00edc\u00edm st\u0159elcem Tom\u00e1\u0161 RACH\u016eNEK! Zl\u00edn\u0161t\u00ed Berani i sv\u016fj \u010dtvrt\u00fd prvoligov\u00fd ro\u010dn\u00edk zakon\u010duj\u00ed ve fin\u00e1le &#8211; leto\u0161n\u00edm soupe\u0159em bude op\u011bt po roce jihlavsk\u00e1 Dukla!\n\t\t\t\t\t<\/p>\n<p>\t\t\t\t\t\t\t\t\t\t<img decoding=\"async\" src=\"https:\/\/www.europesays.com\/cz\/wp-content\/uploads\/2026\/03\/Zlin2024-15.png\" alt=\"\"\/><\/p>\n<p>\t\t\t\t\t\t\t\t\t\t<img decoding=\"async\" src=\"https:\/\/www.europesays.com\/cz\/wp-content\/uploads\/2026\/03\/kol.png\" alt=\"\"\/><\/p>\n<p>1:0p<\/p>\n<p>\t\t\t\t\t\t\t\t\t(0:0, 0:0, 0:0 &#8211; 1:0)<\/p>\n<p>\n\t\t\t\t\t\t\tBranky a nahr\u00e1vky: 62. Rach\u016fnek (Jar\u016f\u0161ek, Hol\u00edk). Rozhod\u010d\u00ed: Hor\u00e1k, Jaro\u0161 \u2013 Mal\u00fd, Ma\u0148\u00e1k. Vylou\u010den\u00ed: 0:0. Vyu\u017eit\u00ed: 0:0. V oslaben\u00ed: 0:0. St\u0159ely na branku: 33:19. Div\u00e1ci: 5 611. Pr\u016fb\u011bh z\u00e1pasu: 0:0, 0:0, 0:0 &#8211; 1:0.\n\t\t\t\t\t\t<\/p>\n<p>\n\t\t\t\t\t\t\t\tRI OKNA Berani Zl\u00edn:<br \/>\n\t\t\t\t\t\t\t\tHuf (\u010ciliak) \u2013 Veber, Zav\u0159el, \u0160tibingr, Talafa, A. Salonen, Riedl (A), \u010c\u00e1p \u2013 Jar\u016f\u0161ek, Hol\u00edk (C), Rach\u016fnek \u2013 V\u00e1lek, Kverka, \u0160laha\u0159 \u2013 Paukku, He\u0161, \u0158\u00ed\u010dka \u2013 K\u00f6hler, Gago, Sedl\u00e1\u010dek (A) \u2013 Sadovikov.&#13;<br \/>\nTren\u00e9r: Peter Oremus.\n\t\t\t\t\t\t\t<\/p>\n<p>\n\t\t\t\t\t\t\t\tSC Marimex Kol\u00edn:<br \/>\n\t\t\t\t\t\t\t\tSoukup (Kasal) \u2013 Kolmann (C), \u010cernohorsk\u00fd, S\u00fdkora, K\u0159epelka, Hampl, T. Moravec, \u010cech \u2013 A. Adamec, \u0160tohanzl, Musil (A) \u2013 Gardo\u0148, P. Moravec, Vesel\u00fd \u2013 Dlouh\u00fd (A), Pajer, Zvagulis \u2013 Pokorn\u00fd, Sko\u0159epa, Chalupa \u2013 \u0160imek.&#13;<br \/>\nTren\u00e9r: Petr Mart\u00ednek.\n\t\t\t\t\t\t\t<\/p>\n<p>\t\t\t\t\t1. t\u0159etina<\/p>\n<p>Z\u00e1pas za\u010dal v solidn\u00edm tempu, jako prvn\u00ed \u0161el kup\u0159edu Kol\u00edn, k solidn\u00ed st\u0159ele ale pu\u0161t\u011bn nebyl, Daniel Huf byl sebejist\u00fd. Ve 2. minut\u011b tak mohl z prav\u00e9ho kruhu p\u00e1lit Tade\u00e1\u0161 Talafa a otev\u0159\u00edt prvn\u00ed akci Zl\u00edna. Okolo 3. a 4. minuty se Berani dr\u017eeli na puku, hrozil hlavn\u011b Bed\u0159ich K\u00f6hler, le\u010d Jakub Soukup s defenzivou host\u016f odol\u00e1val, V 5. minut\u011b v\u00fdpad Jakuba \u0160laha\u0159e otev\u0159el zaj\u00edmavou \u0161anci Beran\u016f, le\u010d bez \u00fasp\u011bchu prozat\u00edm. Tlak dom\u00e1c\u00edch nicm\u00e9n\u011b trval a v 6. minut\u011b m\u011bl \u0161anci Michal Gago operuj\u00edc\u00ed bl\u00edzko Soukupa. Rozhozen\u00ed Kozli byli poprv\u00e9 d\u00e9le na puku a\u017e okolo 8. minuty, Berani se br\u00e1nili pokusu Jana Vesel\u00e9ho s Mat\u011bjem Gardo\u0148em a akce kon\u010dila v\u00fdm\u011bnou p\u011bstn\u00edch nav\u0161t\u00edvenek u Hufova brankovi\u0161t\u011b. V 9. minut\u011b dvakr\u00e1t zprava p\u00e1lil Mat\u011bj Chalupa a Kozli m\u011bli poprv\u00e9 v z\u00e1pase alespo\u0148 men\u0161\u00ed \u0161ance. Zl\u00edn pu\u010d\u00edc\u00ed tlak Kol\u00edna na\u0161t\u011bst\u00ed rychle rozbil.&#13;\n<\/p>\n<p>V 11. minut\u011b \u0161el Kol\u00edn d\u00edky Luk\u00e1\u0161i Pajerovi je\u0161t\u011b na chv\u00edli kup\u0159edu, n\u00e1sledn\u011b u\u017e ale tempo ud\u00e1val op\u011bt Zl\u00edn. Pavel Sedl\u00e1\u010dek zkou\u0161el zalo\u017eit \u00fatok a Berani si postupn\u011b brali zp\u011bt v\u016fd\u010d\u00ed pozici, Kozli byli nuceni hr\u00e1t defenzivn\u011b. Ve 14. minut\u011b byl Zl\u00edn zase vp\u0159edu, Kol\u00edn v\u0161ak dr\u017eel hru u mantinelu a jedin\u00fd pokus tak m\u011bl Robert \u0158\u00ed\u010dka v prav\u00e9m kruhu. Host\u00e9 z \u010cech se marn\u011b pokou\u0161eli o proti\u00fatok, dom\u00e1c\u00ed v\u0161ak rychle ot\u00e1\u010deli a v 15. minut\u011b m\u011bl dv\u011b unik\u00e1tn\u00ed mo\u017enosti aktivn\u00ed Sedl\u00e1\u010dek ve slotu. A\u017e 3 minuty p\u0159ed koncem t\u0159etiny m\u011bl Kol\u00edn op\u011bt prostor \u00fato\u010dit, ale st\u0159elec Vesel\u00fd p\u0159edvedl pouze propaga\u010dn\u00ed pokus. Na p\u0159elomu 17. a 18. minuty to bylo hroziv\u011bj\u0161\u00ed, kdy\u017e v Hufov\u011b p\u00e1smu s\u00f3loval Adam Dlouh\u00fd. Od\u0161puntoval tlak Kol\u00edna, kter\u00fd na\u0161t\u011bst\u00ed netrval dlouho. V 19. minut\u011b cht\u011bl Pavel Musil s Andrejem Adamcem vyu\u017e\u00edt p\u0159e\u010d\u00edslen\u00ed, Hufovy betony ale v\u0161e vy\u0159e\u0161ily. 20. minuta pat\u0159ila Beran\u016fm, jejich \u00fatok byl v\u0161ak p\u0159\u00edli\u0161 chaotick\u00fd a Kozli se nav\u00edc op\u011bt br\u00e1nili p\u011bstmi. 35 vte\u0159in p\u0159ed koncem \u0161li Berani poprv\u00e9 do p\u0159esilovky. Navzdory snaze a tlaku u\u017e v\u0161ak na g\u00f3l nezbyl \u010das.&#13;\n<\/p>\n<p>2. t\u0159etina <\/p>\n<p>Druh\u00e1 perioda za\u010dala zl\u00ednskou p\u0159esilovkou. Zat\u00edmco Paukku st\u00ednil, p\u00e1lil z d\u00e1lky V\u00e1lek, pot\u00e9 ve 22. minut\u011b st\u0159\u00edlel od modr\u00e9 bek Zden\u011bk \u010c\u00e1p. Na p\u0159elomu 22. a 23. minuty u\u017e se hr\u00e1lo v pln\u00e9m po\u010dtu a p\u0159edn\u00ed kol\u00ednsk\u00fd bek Karel K\u0159epelka d\u011blal zmatek u br\u00e1ny Hufa. Hra z\u00edskala dynamiku a s\u00edly soupe\u0159\u016f se zd\u00e1ly b\u00fdt vyrovnan\u00e9. Ve 25. minut\u011b Jar\u016f\u0161ek otev\u0159el rychlou \u00fato\u010dnou akci a s\u00e1m mohl zakon\u010dovat, Soukup v\u0161ak z\u016fst\u00e1val stoprocentn\u00ed. Ve 26. minut\u011b to op\u011bt \u017eilo u br\u00e1ny Kol\u00edna, kdy mohl zakon\u010dovat obr\u00e1nce Jan \u0160tibingr. Kol\u00edn se po n\u011bjak\u00e9 dob\u011b dostal do proti\u00fatoku, Zl\u00edn se dopustil faulu a Kozli tak z\u00edskali po\u010detn\u00ed v\u00fdhodu. V t\u00e9 \u0161el vid\u011bt bou\u0159liv\u00e1k Vesel\u00fd, jeho pokus jen t\u011bsn\u011b minul dom\u00e1c\u00ed br\u00e1nu. 27. minuta p\u0159inesla vz\u00e1jemn\u00e9 vylou\u010den\u00ed hr\u00e1lo se tak &#8222;p\u011bt na \u010dty\u0159i&#8220;. Paukku skv\u011bl\u00e9 vystihl rozehr\u00e1vku Kol\u00edna a hnal se v samostatn\u00e9m \u00faniku na Soukupa, sk\u00f3re se v\u0161ak neotev\u0159elo. Kozl\u016fm se p\u0159esilov\u00e1 hra v\u016fbec nepovedla. Ve 29. minut\u011b vytvo\u0159ila Hol\u00edkova lajna siln\u00fd tlak a \u010c\u00e1p\u016fv pokus \u0161el jen t\u011bsn\u011b nad b\u0159evno. Do\u0161lo na dal\u0161\u00ed poty\u010dky a hra se p\u0159eru\u0161ovala.&#13;\n<\/p>\n<p>Zl\u00edn z\u016fstal na puku, ale vstupy do p\u00e1sma m\u011bl krkolomn\u00e9. P\u0159esto ve 31. minut\u011b m\u011bli solidn\u00ed individu\u00e1ln\u00ed pokusy Kverka a kr\u00e1tce nato Paukku. Za Kol\u00edn jen propaga\u010dn\u011b reagoval Dlouh\u00fd a Berani m\u011bli op\u011bt o n\u011bco m\u00e1lo v\u00edce ze hry. Ve 33. minut\u011b cht\u011bl Hol\u00edk p\u0159elst\u00edt Soukupa rychl\u00fdm pasem na Talafu, g\u00f3l byl bl\u00edzko. Do posledn\u00ed p\u011btiminutovky vstoupil Kol\u00edn tlakem, kter\u00fd odstartoval Petr Moravec, dom\u00e1c\u00ed obrana z\u016fst\u00e1vala pevn\u00e1. St\u0159edo\u010de\u0161i byli r\u00e1zem p\u0159i chuti a vid\u011bt byl Chalupa. Po p\u0159eru\u0161en\u00ed z d\u016fvodu z\u00e1sahu zdravotn\u00edk\u016f 3 minuty p\u0159ed koncem t\u0159etiny se Kozli zvl\u00e1dli vr\u00e1tit ke sv\u00e9 zv\u00fd\u0161en\u00e9 aktivit\u011b, Berani je v\u0161ak dok\u00e1zali dr\u017eet daleko od st\u0159eleck\u00fdch pozic. Ve 28. minut\u011b v\u0161ak Kol\u00edn z\u00edskal p\u0159esilovku a ujal se j\u00ed zodpov\u011bdn\u011b. Huf \u010delil peck\u00e1m od modr\u00e9, vid\u011bt byl nap\u0159\u00edklad S\u00fdkora v mezikru\u017e\u00ed. Zl\u00edn se osvobodil a\u017e v posledn\u00edch vte\u0159in\u00e1ch druh\u00e9 periody.&#13;\n<\/p>\n<p>3. t\u0159etina<\/p>\n<p>Za\u010d\u00e1tek periody pat\u0159il Kol\u00ednu, p\u00e1l\u00edc\u00ed Martin \u0160tohanzl ve slotu v\u0161ak trefil jen vlastn\u00edho hr\u00e1\u010de. Jar\u016f\u0161ek se vydal do prudk\u00e9ho proti\u00fatoku, v rozhoduj\u00edc\u00edm okam\u017eiku byl v\u0161ak faulov\u00e1n a Zl\u00edn \u0161el znovu do p\u0159esilovky. Berani se relativn\u011b rychle usadili v p\u00e1smu a hru \u0159\u00eddil Jar\u016f\u0161ek, ke kvalitn\u00ed st\u0159ele v\u0161ak Soukup nedal prostor. Ve 43. minut\u011b pak kol\u00ednskou br\u00e1nu ost\u0159elovali \u0160laha\u0159 s Kverkou, na g\u00f3l to ale nesta\u010dilo. Ve 45. minut\u011b Zl\u00edn vyprodukoval s\u00e9rii velmi dobr\u00fdch st\u0159el na hranici Soukupova brankovi\u0161t\u011b. Kol\u00edn \u0161el jen do krati\u010dk\u00e9ho proti\u00fatoku, kapit\u00e1n Petr Kolmann op\u011bt trefil vlastn\u00edho hr\u00e1\u010de a kotou\u010d se vr\u00e1til na zl\u00ednsk\u00e9 hokejky. Ve 48. minut\u011b byl bl\u00edzko zakon\u010den\u00ed p\u0159i zl\u00ednsk\u00e9 akci kapit\u00e1n Hol\u00edk, n\u00e1sledn\u011b dal\u0161\u00ed \u0161ance umo\u017enil Vojt\u011bch Riedl kontroluj\u00edc\u00ed hru od modr\u00e9. N\u00e1sledovala neutr\u00e1ln\u00ed pas\u00e1\u017e, kdy zpevn\u011bn\u00e9 obrany na obou stran\u00e1ch kluzi\u0161t\u011b nedovolovaly v\u00fdrazn\u011bj\u0161\u00ed akce.&#13;\n<\/p>\n<p>A\u017e ke konci 50. minuty na\u0161li Berani op\u011bt m\u00edsto v \u00fato\u010dn\u00e9m p\u00e1smu a po pokusu \u010c\u00e1pa z lev\u00e9ho kruhu st\u0159\u00edlel z druh\u00e9 strany Jar\u016f\u0161ek. Dom\u00e1c\u00ed ve \u017elutomodr\u00e9m z\u016fstali pevn\u011bji na puku a hledali prostor na dal\u0161\u00ed \u00fatok, host\u00e9 z \u010cech jim sna\u017een\u00ed uleh\u010dili v 52. minut\u011b, kdy \u0161li po jejich faulu Berani op\u011bt do p\u0159esilovky. Usazen\u00ed v p\u00e1smu nebylo p\u0159\u00edli\u0161 pevn\u00e9, velkou snahu projevil nap\u0159\u00edklad Rach\u016fnek, ale na g\u00f3l to bylo m\u00e1lo. 6 minut p\u0159ed koncem z\u00e1kladn\u00ed hrac\u00ed doby se po\u010det hr\u00e1\u010d\u016f srovnal a Kol\u00edn i Zl\u00edn se tla\u010dili dop\u0159edu. Z\u00e1pas nem\u011bl ani ve sv\u00e9m z\u00e1v\u011bru jasn\u00e9ho l\u00eddra a hr\u00e1lo se \u00fanavn\u011b &#8222;nahoru a dol\u016f&#8220; bez v\u00fdrazn\u00fdch st\u0159el. V 57. minut\u011b mohl v\u0161e zvr\u00e1tit Luk\u00e1\u0161 He\u0161 stoj\u00edc\u00ed bl\u00edzko Soukupa p\u0159i zl\u00ednsk\u00e9 akci, kr\u00e1tce nato \u0161el ale do p\u0159e\u010d\u00edslen\u00ed Kol\u00edn na \u010dele se \u0160tohanzlem. Kol\u00edn se dostal do tlaku, Kolmann st\u0159\u00edlel od modr\u00e9, Musil byl milimetry od g\u00f3lu. Mal\u00fd hostuj\u00edc\u00ed kotel o\u017eil a Zl\u00edn byl uzav\u0159en ve sv\u00e9m obrann\u00e9m p\u00e1smu. V 58. minut\u011b drama vygradovalo p\u0159\u00edsn\u00fdm vylou\u010den\u00edm na stran\u011b Zl\u00edna. Kozli \u0161li do p\u0159esilovky, ale speci\u00e1ln\u00ed formace Beran\u016f p\u0159edvedla mimo\u0159\u00e1dn\u00fd v\u00fdkon. Siln\u011b frustrovan\u00fd Kol\u00edn fauloval a 50 vte\u0159in p\u0159ed koncem se s\u00e1m p\u0159ipravil o po\u010detn\u00ed v\u00fdhodu. Zvrat u\u017e ve sv\u00e9m bou\u0159liv\u00e9m z\u00e1v\u011bru t\u0159et\u00ed t\u0159etina nep\u0159inesla a s\u00e9rie se pop\u00e1t\u00e9 dostala do prodlou\u017een\u00ed.&#13;\n<\/p>\n<p>Prodlou\u017een\u00ed <\/p>\n<p>Do nastaven\u00e9ho \u010dasu vstoupili Berani v minutov\u00e9 p\u0159esilovce a Kozly v\u016fbec nepustili z p\u00e1sma. Puk kontroloval kapit\u00e1n Hol\u00edk, v 62. minut\u011b p\u0159esn\u011b nahr\u00e1l Rach\u016fnkovi, kter\u00fd poslal Zl\u00edn do fin\u00e1le &#8211; 1:0!&#13;\n<\/p>\n<p>P\u011bt z\u00e1pas\u016f ze \u0161esti v t\u00e9to s\u00e9rii rozhodl nastaven\u00fd \u010das \u010di n\u00e1jezdy, s v\u00fdjimkou druh\u00e9ho utk\u00e1n\u00ed padalo minimum branek. T\u00fdm SC Marimex Kol\u00edn byl ve sv\u00e9 historick\u00e9 sez\u00f3n\u011b vyrovnan\u00fdm soupe\u0159em zl\u00ednsk\u00fdch Beran\u016f, p\u0159ed n\u00e1sleduj\u00edc\u00edm ro\u010dn\u00edkem se po z\u00e1sluze zbavil pov\u011bsti outsidera.&#13;\n<\/p>\n<p>Fin\u00e1le MAXA ligy mezi RI OKNA Berani Zl\u00edn a HC Dukla Jihlava za\u010d\u00edn\u00e1 ve \u010dtvrtek 2. dubna v jihlavsk\u00e9 Hor\u00e1ck\u00e9 ar\u00e9n\u011b! <br \/>&#13;\n<\/p>\n<p>\t\t\t\t\t\tOhlasy tren\u00e9r\u016f<\/p>\n<p>\n\t\t\t\t\t\t\tPeter Oremus, tren\u00e9r RI OKNA Berani Zl\u00edn: Moje hodnocen\u00ed je kladn\u00e9, ale jak u\u017e jsem p\u0159ed kamerami \u0159ekl, st\u0159etla se dv\u011b vyrovnan\u00e1 a velmi kvalitn\u00ed mu\u017estva. Odehr\u00e1lo se \u0161est z\u00e1pas\u016f, s prodlou\u017een\u00edmi de facto sedm. Toto v\u00edt\u011bzstv\u00ed v n\u00e1\u0161 prosp\u011bch je mysl\u00edm velmi cenn\u00e9, proto\u017ee p\u0159etla\u010dit Kol\u00edn, kter\u00fd se dlouhodob\u011b pohyboval v pop\u0159ed\u00ed tabulky, bylo velmi n\u00e1ro\u010dn\u00e9. Na\u0161e hra byla skute\u010dn\u011b velmi dobr\u00e1, \u010dekali jsme na p\u0159\u00edle\u017eitost, byli jsme aktivn\u00ed a agresivn\u00ed a v\u00edt\u011bzstv\u00ed p\u0159i\u0161lo. Stala se velk\u00e1 v\u011bc&#8230;.1. ledna jsme byli posledn\u00ed v tabulce a uhr\u00e1t to nakonec a\u017e do fin\u00e1le s t\u011bmito chlapci a s t\u00edmto realiza\u010dn\u00edm t\u00fdmem je pro m\u011b skute\u010dn\u011b p\u011bkn\u00e1 v\u011bc.\n\t\t\t\t\t\t<\/p>\n<p>\t\t\t\t\t\tFotogalerie<\/p>\n","protected":false},"excerpt":{"rendered":"Dnes | Michal Kobyl\u00edk \u0160est\u00fd z\u00e1pas s\u00e9rie op\u011bt za\u010dal podle zajet\u00fdch pravidel tohoto semifin\u00e1le &#8211; Zl\u00edn byl v\u016fd\u010d\u00edm&hellip;\n","protected":false},"author":2,"featured_media":38687,"comment_status":"","ping_status":"","sticky":false,"template":"","format":"standard","meta":{"footnotes":"","_share_on_mastodon":"0"},"categories":[15],"tags":[2659,3529,2657,29,3530,94,93,2564],"class_list":["post-38686","post","type-post","status-publish","format-standard","has-post-thumbnail","category-sport","tag-extraliga-cr","tag-hc-psg-zlin","tag-hockey","tag-hokej","tag-hokej-ve-zline","tag-sport","tag-sports","tag-zlin"],"share_on_mastodon":{"url":"https:\/\/pubeurope.com\/@cz\/116309179964311936","error":""},"_links":{"self":[{"href":"https:\/\/www.europesays.com\/cz\/wp-json\/wp\/v2\/posts\/38686","targetHints":{"allow":["GET"]}}],"collection":[{"href":"https:\/\/www.europesays.com\/cz\/wp-json\/wp\/v2\/posts"}],"about":[{"href":"https:\/\/www.europesays.com\/cz\/wp-json\/wp\/v2\/types\/post"}],"author":[{"embeddable":true,"href":"https:\/\/www.europesays.com\/cz\/wp-json\/wp\/v2\/users\/2"}],"replies":[{"embeddable":true,"href":"https:\/\/www.europesays.com\/cz\/wp-json\/wp\/v2\/comments?post=38686"}],"version-history":[{"count":0,"href":"https:\/\/www.europesays.com\/cz\/wp-json\/wp\/v2\/posts\/38686\/revisions"}],"wp:featuredmedia":[{"embeddable":true,"href":"https:\/\/www.europesays.com\/cz\/wp-json\/wp\/v2\/media\/38687"}],"wp:attachment":[{"href":"https:\/\/www.europesays.com\/cz\/wp-json\/wp\/v2\/media?parent=38686"}],"wp:term":[{"taxonomy":"category","embeddable":true,"href":"https:\/\/www.europesays.com\/cz\/wp-json\/wp\/v2\/categories?post=38686"},{"taxonomy":"post_tag","embeddable":true,"href":"https:\/\/www.europesays.com\/cz\/wp-json\/wp\/v2\/tags?post=38686"}],"curies":[{"name":"wp","href":"https:\/\/api.w.org\/{rel}","templated":true}]}}