{"id":38704,"date":"2026-03-28T23:23:11","date_gmt":"2026-03-28T23:23:11","guid":{"rendered":"https:\/\/www.europesays.com\/cz\/38704\/"},"modified":"2026-03-28T23:23:11","modified_gmt":"2026-03-28T23:23:11","slug":"okresni-soud-v-jicine-se-otevrel-verejnosti-lide-videli-eskortni-mistnost-i-krucifix","status":"publish","type":"post","link":"https:\/\/www.europesays.com\/cz\/38704\/","title":{"rendered":"Okresn\u00ed soud v Ji\u010d\u00edn\u011b se otev\u0159el ve\u0159ejnosti. Lid\u00e9 vid\u011bli eskortn\u00ed m\u00edstnost i krucifix"},"content":{"rendered":"<p>\u0158ada soudn\u00edch instituc\u00ed se i letos pokusila netradi\u010dn\u00ed formou p\u0159it\u00e1hnout pozornost \u0161irok\u00e9 ve\u0159ejnosti k soudnictv\u00ed. V r\u00e1mci festivalu Noc pr\u00e1va nap\u0159\u00edklad Nejvy\u0161\u0161\u00ed spr\u00e1vn\u00ed soud uspo\u0159\u00e1dal \u0161achovou exhibici. Z\u00e1jemci si mohli zahr\u00e1t simult\u00e1nky proti soudc\u016fm a asistent\u016fm. Zaujala i novinka v podob\u011b tematick\u00fdch v\u00fdprav po stop\u00e1ch soudn\u00edho spisu. Akce v Brn\u011b p\u0159il\u00e1kala p\u0159ibli\u017en\u011b 350 n\u00e1v\u0161t\u011bvn\u00edk\u016f. <\/p>\n<p>Jako prvn\u00ed okresn\u00ed soud se k akci p\u0159idal i ji\u010d\u00ednsk\u00fd soud. Ve spolupr\u00e1ci s tamn\u00edmi okresn\u00edmi st\u00e1tn\u00edmi z\u00e1stupci uspo\u0159\u00e1dal simulovan\u00e1 hlavn\u00ed l\u00ed\u010den\u00ed. Katastr\u00e1ln\u00ed pracovi\u0161t\u011b Ji\u010d\u00edn zase p\u0159isp\u011blo p\u0159edn\u00e1\u0161kami o v\u00fdvoji z\u00e1pisu v\u011bcn\u00fdch pr\u00e1v do katastru nemovitost\u00ed. <\/p>\n<p><img loading=\"lazy\" decoding=\"async\" width=\"1024\" height=\"683\" src=\"https:\/\/www.europesays.com\/cz\/wp-content\/uploads\/2026\/03\/img-7710-1024x683.jpg\" alt=\"\" class=\"wp-image-93886\"  \/>Eskortn\u00ed m\u00edstnost u okresn\u00edho soudu v Ji\u010d\u00edn\u011b. Foto: Ji\u0159\u00ed Vo\u0161vrda<\/p>\n<p>Mozaika i hleda\u010di drog<\/p>\n<p>P\u0159i prohl\u00eddk\u00e1ch n\u00e1v\u0161t\u011bvn\u00edci vid\u011bli po v\u00edce ne\u017e 20 letech znovu odhalenou v\u00fdtvarnou v\u00fdzdobu vstupn\u00ed haly. Jedn\u00e1 se o keramickou mozaiku od profesora Karla Hyli\u0161e. Prohl\u00e9dli si tak\u00e9 eskortn\u00ed m\u00edstnost nebo historick\u00fd krucifix pou\u017e\u00edvan\u00fd pro p\u0159\u00edsahu u Krajsk\u00e9ho soudu v Ji\u010d\u00edn\u011b. <\/p>\n<p>Zapojila se i valdick\u00e1 v\u011bznice. Jej\u00ed psovodi se p\u0159edstavili ve t\u0159ech uk\u00e1zk\u00e1ch z\u00e1chytu drog se sv\u00fdmi slu\u017eebn\u00edmi psy. Justi\u010dn\u00ed str\u00e1\u017e vedle prov\u00e1d\u011bn\u00ed bezpe\u010dnostn\u00edch prohl\u00eddek v\u0161ech n\u00e1v\u0161t\u011bvn\u00edk\u016f a dohledu na chodb\u00e1ch ztv\u00e1rnila tak\u00e9 role sv\u011bdka p\u0159i simulovan\u00e9m hlavn\u00edm l\u00ed\u010den\u00ed.<\/p>\n<p><img loading=\"lazy\" decoding=\"async\" width=\"1024\" height=\"683\" src=\"https:\/\/www.europesays.com\/cz\/wp-content\/uploads\/2026\/03\/img-7722-1024x683.jpg\" alt=\"\" class=\"wp-image-93889\"  \/>Zapojila se i justi\u010dn\u00ed str\u00e1\u017e. Foto: Ji\u0159\u00ed Vo\u0161vrda<\/p>\n<p>Festival Noc pr\u00e1va m\u00e1 zvy\u0161ovat pr\u00e1vn\u00ed pov\u011bdom\u00ed. Kon\u00e1 se p\u0159i p\u0159\u00edle\u017eitosti nabyt\u00ed \u00fa\u010dinnosti \u00dastavn\u00ed listiny z roku 1920. Ta se p\u0159ed t\u0159emi m\u011bs\u00edci stala n\u00e1rodn\u00ed kulturn\u00ed pam\u00e1tkou.<\/p>\n","protected":false},"excerpt":{"rendered":"\u0158ada soudn\u00edch instituc\u00ed se i letos pokusila netradi\u010dn\u00ed formou p\u0159it\u00e1hnout pozornost \u0161irok\u00e9 ve\u0159ejnosti k soudnictv\u00ed. V r\u00e1mci festivalu&hellip;\n","protected":false},"author":2,"featured_media":38705,"comment_status":"","ping_status":"","sticky":false,"template":"","format":"standard","meta":{"footnotes":"","_share_on_mastodon":"0"},"categories":[7],"tags":[43,42,41,40,10879,15652,15653,15654,15655,13402],"class_list":["post-38704","post","type-post","status-publish","format-standard","has-post-thumbnail","category-cesko","tag-ceska-republika","tag-cesko","tag-czech-republic","tag-czechia","tag-festival","tag-hlavni-liceni","tag-jicin","tag-krucifix","tag-noc-prava","tag-okresni-soud"],"share_on_mastodon":{"url":"https:\/\/pubeurope.com\/@cz\/116309380500616864","error":""},"_links":{"self":[{"href":"https:\/\/www.europesays.com\/cz\/wp-json\/wp\/v2\/posts\/38704","targetHints":{"allow":["GET"]}}],"collection":[{"href":"https:\/\/www.europesays.com\/cz\/wp-json\/wp\/v2\/posts"}],"about":[{"href":"https:\/\/www.europesays.com\/cz\/wp-json\/wp\/v2\/types\/post"}],"author":[{"embeddable":true,"href":"https:\/\/www.europesays.com\/cz\/wp-json\/wp\/v2\/users\/2"}],"replies":[{"embeddable":true,"href":"https:\/\/www.europesays.com\/cz\/wp-json\/wp\/v2\/comments?post=38704"}],"version-history":[{"count":0,"href":"https:\/\/www.europesays.com\/cz\/wp-json\/wp\/v2\/posts\/38704\/revisions"}],"wp:featuredmedia":[{"embeddable":true,"href":"https:\/\/www.europesays.com\/cz\/wp-json\/wp\/v2\/media\/38705"}],"wp:attachment":[{"href":"https:\/\/www.europesays.com\/cz\/wp-json\/wp\/v2\/media?parent=38704"}],"wp:term":[{"taxonomy":"category","embeddable":true,"href":"https:\/\/www.europesays.com\/cz\/wp-json\/wp\/v2\/categories?post=38704"},{"taxonomy":"post_tag","embeddable":true,"href":"https:\/\/www.europesays.com\/cz\/wp-json\/wp\/v2\/tags?post=38704"}],"curies":[{"name":"wp","href":"https:\/\/api.w.org\/{rel}","templated":true}]}}