{"id":39505,"date":"2026-03-29T20:20:14","date_gmt":"2026-03-29T20:20:14","guid":{"rendered":"https:\/\/www.europesays.com\/cz\/39505\/"},"modified":"2026-03-29T20:20:14","modified_gmt":"2026-03-29T20:20:14","slug":"pojdme-vyprodat-zlinskou-arenu-vstupenky-na-finale-jsou-v-prodeji","status":"publish","type":"post","link":"https:\/\/www.europesays.com\/cz\/39505\/","title":{"rendered":"Poj\u010fme vyprodat zl\u00ednskou ar\u00e9nu! Vstupenky na fin\u00e1le jsou v prodeji"},"content":{"rendered":"<p>\n\t\t\t\t\t\tDnes | Redakce &#8211; marketing\n\t\t\t\t\t<\/p>\n<p>\n\t\t\t\t\t\tPo v\u00edt\u011bzstv\u00ed v semifin\u00e1le s kol\u00ednsk\u00fdmi Kozly je p\u0159ed Berany dal\u0161\u00ed meta &#8211; fin\u00e1le s jihlavskou Duklou! Soupe\u0159 z Vyso\u010diny a lo\u0148sk\u00fd v\u00edt\u011bz MAXA ligy m\u00e1 v\u00fdhodu dom\u00e1c\u00edho prost\u0159ed\u00ed, prvn\u00ed dva duely se uskute\u010dn\u00ed v jihlavsk\u00e9 Hor\u00e1ck\u00e9 ar\u00e9n\u011b. Pot\u00e9 je ale \u0159ada na zl\u00ednsk\u00e9 Trinity Bank Ar\u00e9n\u011b Lu\u010fka \u010cajky, aby hostila fin\u00e1lov\u00e9 boje o bar\u00e1\u017e! Zl\u00ednsk\u00e9 z\u00e1pasy se odehraj\u00ed na Velikono\u010dn\u00ed pond\u011bl\u00ed 6. dubna od 16:00 a n\u00e1sledn\u011b v \u00fater\u00fd 7. dubna od 17:30! Prodej vstupenek prob\u00edh\u00e1 tradi\u010dn\u011b on-line na webu a v beran\u00ed aplikaci!\n\t\t\t\t\t<\/p>\n<p style=\"margin-left: 20px;\">Cen\u00edk vstupenek odpov\u00edd\u00e1 standardn\u00edmu sazebn\u00edku platn\u00e9m po celou leto\u0161n\u00ed sez\u00f3nu. Prodej prob\u00edh\u00e1 prim\u00e1rn\u011b on-line, 90 minut p\u0159ed ka\u017ed\u00fdm dom\u00e1c\u00edm utk\u00e1n\u00edm prob\u00edh\u00e1 doprodej vstupenek p\u0159\u00edmo na pokladn\u00e1ch Trinity Bank Ar\u00e9ny Lu\u010fka \u010cajky. Vstupenky je mo\u017en\u00e9 zakoupit tak\u00e9 v kamenn\u00fdch prodejn\u00e1ch spole\u010dnosti <a href=\"https:\/\/www.ticketportal.cz\/event\/RI-OKNA-Berani-Zlin-HC-Dukla-Jihlava?imedium=timeline\" target=\"_blank\" rel=\"nofollow noopener\">TicketPortal<\/a>.&#13;\n<\/p>\n<p>&#13;<br \/>\n&#13;<br \/>\n&#13;<br \/>\n\tSezen\u00ed kat. P10&#13;<br \/>\n\t&#13;<br \/>\n\t750 K\u010d&#13;<br \/>\n\t&#13;<br \/>\n&#13;<br \/>\n&#13;<br \/>\n\tSezen\u00ed kat. A&#13;<br \/>\n\t&#13;<br \/>\n\t500 K\u010d&#13;<br \/>\n\t&#13;<br \/>\n&#13;<br \/>\n&#13;<br \/>\n\tSezen\u00ed kat. B&#13;<br \/>\n\t&#13;<br \/>\n\t400 K\u010d&#13;<br \/>\n\t&#13;<br \/>\n&#13;<br \/>\n&#13;<br \/>\n\tSt\u00e1n\u00ed&#13;<br \/>\n\t&#13;<br \/>\n\t250 K\u010d&#13;<br \/>\n\t&#13;<br \/>\n&#13;<br \/>\n&#13;<br \/>\n\tZlevn\u011bn\u00e9 vstupn\u00e9 (ZTP, d\u011bti do 130 cm)&#13;<br \/>\n\t&#13;<br \/>\n\t100 K\u010d&#13;<br \/>\n\t&#13;<br \/>\n&#13;<br \/>\n&#13;<\/p>\n<p>Tak\u00e9 fin\u00e1lov\u00e9 z\u00e1pasy budou prob\u00edhat za zp\u0159\u00edsn\u011bn\u00fdch bezpe\u010dnostn\u00edch podm\u00ednek &#8211; pros\u00edme v\u0161echny n\u00e1v\u0161t\u011bvn\u00edky zl\u00ednsk\u00e9ho stadionu, aby dbali pokyn\u016f po\u0159adatelsk\u00e9 slu\u017eby v prostor\u00e1ch kolem stadionu i na tribun\u00e1ch!&#13;<\/p>\n","protected":false},"excerpt":{"rendered":"Dnes | Redakce &#8211; marketing Po v\u00edt\u011bzstv\u00ed v semifin\u00e1le s kol\u00ednsk\u00fdmi Kozly je p\u0159ed Berany dal\u0161\u00ed meta &#8211;&hellip;\n","protected":false},"author":2,"featured_media":39506,"comment_status":"","ping_status":"","sticky":false,"template":"","format":"standard","meta":{"footnotes":"","_share_on_mastodon":"0"},"categories":[15],"tags":[2659,3529,2657,29,3530,94,93,2564],"class_list":["post-39505","post","type-post","status-publish","format-standard","has-post-thumbnail","category-sport","tag-extraliga-cr","tag-hc-psg-zlin","tag-hockey","tag-hokej","tag-hokej-ve-zline","tag-sport","tag-sports","tag-zlin"],"share_on_mastodon":{"url":"https:\/\/pubeurope.com\/@cz\/116314323299445390","error":""},"_links":{"self":[{"href":"https:\/\/www.europesays.com\/cz\/wp-json\/wp\/v2\/posts\/39505","targetHints":{"allow":["GET"]}}],"collection":[{"href":"https:\/\/www.europesays.com\/cz\/wp-json\/wp\/v2\/posts"}],"about":[{"href":"https:\/\/www.europesays.com\/cz\/wp-json\/wp\/v2\/types\/post"}],"author":[{"embeddable":true,"href":"https:\/\/www.europesays.com\/cz\/wp-json\/wp\/v2\/users\/2"}],"replies":[{"embeddable":true,"href":"https:\/\/www.europesays.com\/cz\/wp-json\/wp\/v2\/comments?post=39505"}],"version-history":[{"count":0,"href":"https:\/\/www.europesays.com\/cz\/wp-json\/wp\/v2\/posts\/39505\/revisions"}],"wp:featuredmedia":[{"embeddable":true,"href":"https:\/\/www.europesays.com\/cz\/wp-json\/wp\/v2\/media\/39506"}],"wp:attachment":[{"href":"https:\/\/www.europesays.com\/cz\/wp-json\/wp\/v2\/media?parent=39505"}],"wp:term":[{"taxonomy":"category","embeddable":true,"href":"https:\/\/www.europesays.com\/cz\/wp-json\/wp\/v2\/categories?post=39505"},{"taxonomy":"post_tag","embeddable":true,"href":"https:\/\/www.europesays.com\/cz\/wp-json\/wp\/v2\/tags?post=39505"}],"curies":[{"name":"wp","href":"https:\/\/api.w.org\/{rel}","templated":true}]}}