{"id":40502,"date":"2026-03-30T18:50:10","date_gmt":"2026-03-30T18:50:10","guid":{"rendered":"https:\/\/www.europesays.com\/cz\/40502\/"},"modified":"2026-03-30T18:50:10","modified_gmt":"2026-03-30T18:50:10","slug":"eva-pavlova-perfektni-kosilove-kostkovane-saty","status":"publish","type":"post","link":"https:\/\/www.europesays.com\/cz\/40502\/","title":{"rendered":"Eva Pavlov\u00e1: Perfektn\u00ed ko\u0161ilov\u00e9 kostkovan\u00e9 \u0161aty"},"content":{"rendered":"<p class=\"b_br\">N\u00e1\u0161 prvn\u00ed p\u00e1r je zn\u00e1m\u00fd svou l\u00e1skou ke kostkovan\u00fdm flanelov\u00fdm ko\u0161il\u00edm, koneckonc\u016f pr\u00e1v\u011b flanelka se stala symbolem prezidentsk\u00e9 kampan\u011b. A\u00a0<a data-dot=\"atm-link\" target=\"_blank\" href=\"https:\/\/www.prozeny.cz\/tag\/eva-pavlova-78784\" class=\"b_g\" rel=\"nofollow noopener\">Eva Pavlov\u00e1<\/a> o\u00a0v\u00edkendu tenhle vzor pov\u00fd\u0161ila je\u0161t\u011b o\u00a0level v\u00fd\u0161. Vynesla toti\u017e dlouh\u00e9 \u0161aty, kter\u00e9 byste mo\u017en\u00e1 unosily i\u00a0vy.<\/p>\n<p>Kdy\u017e nen\u00ed \u010das na p\u0159evl\u00e9k\u00e1n\u00ed<\/p>\n<p class=\"b_br\">I \u201eoby\u010dejn\u00fdm\u201c \u017een\u00e1m se st\u00e1v\u00e1, \u017ee se jim v\u00a0jeden den sejde hned n\u011bkolik akc\u00ed, ale \u010das, aby se mezi nimi mohly p\u0159evl\u00e9knout, sch\u00e1z\u00ed. A\u00a0s\u00a0t\u00edmhle \u201eprobl\u00e9mem\u201c si \u010das od \u010dasu mus\u00ed poradit\u00a0i\u00a0prvn\u00ed d\u00e1ma.<\/p>\n<p class=\"b_br\">Naposledy to zvl\u00e1dla o\u00a0v\u00edkendu, kdy vyrazila na sout\u011b\u017e CzechSkills, kde mlad\u00ed lid\u00e9 z\u00a0cel\u00e9 republiky sout\u011b\u017e\u00ed v\u00a0odborn\u00fdch technick\u00fdch, \u0159emesln\u00fdch a\u00a0obslu\u017en\u00fdch dovednostech, a\u00a0ve\u010der ji s\u00a0man\u017eelem \u010dekala oslava <a data-dot=\"atm-link\" target=\"_blank\" href=\"https:\/\/www.prozeny.cz\/clanek\/zdravi-a-zivotni-styl-zaujalo-nas-laskavy-genius-slavi-90-zdenek-sverak-a-jeho-velke-lasky-ktere-zeny-ho-provazely-zivotem-i-filmem-102864\" class=\"b_g\" rel=\"nofollow noopener\">devades\u00e1tin Zde\u0148ka Sv\u011br\u00e1ka<\/a> v\u00a0\u017di\u017ekovsk\u00e9m divadle J\u00e1ry Cimrmana.<\/p>\n<p class=\"b_br\">Ani jedna ud\u00e1lost nevy\u017eadovala vylo\u017een\u011b slavnostn\u00ed outfit, na druhou stranu j\u00edt na oslavu v\u00a0d\u017e\u00edn\u00e1ch se neslu\u0161\u00ed. A\u00a0kdy\u017e nav\u00edc pot\u0159ebujete pohodl\u00ed a\u00a0volnost pohybu, jsou <a data-dot=\"atm-link\" target=\"_blank\" href=\"https:\/\/www.prozeny.cz\/clanek\/teto-modni-investice-nebudete-litovat-kosilove-saty-vyuzijete-zas-a-znovu-9475\" class=\"b_g\" rel=\"nofollow noopener\">ko\u0161ilov\u00e9 \u0161aty<\/a> jasn\u00e1 volba. Tenhle st\u0159ih slu\u0161\u00ed skoro ka\u017ed\u00e9 postav\u011b a\u00a0ani na v\u011bku nez\u00e1le\u017e\u00ed\u00a0\u2013 hod\u00ed se na mlad\u00e9 \u017eeny stejn\u011b jako na zral\u00e9 d\u00e1my.<\/p>\n<p>M\u00f3dn\u00ed inspirace: Ko\u0161ilov\u00e9 \u0161aty v\u00a0kostce<\/p>\n<p class=\"b_br\">A jak dokazuje Eva Pavlov\u00e1, plat\u00ed to i\u00a0pro nad\u010dasov\u00fd k\u00e1rovan\u00fd vzor. P\u0159esto\u017ee je spjat p\u0159edev\u0161\u00edm s\u00a0flanelkami, kr\u00e1sn\u011b si rozum\u00ed i\u00a0se \u0161aty. Ve v\u00fdsledku jde o\u00a0pohodln\u00fd kousek, v\u00a0n\u011bm\u017e se snoub\u00ed elegance \u0161at\u016f a\u00a0le\u017e\u00e9rnost kostky. Zkr\u00e1tka je to super kousek, kter\u00fd unos\u00edte v\u00a0pr\u00e1ci i\u00a0na b\u011b\u017en\u00fdch poch\u016fzk\u00e1ch a\u00a0<a data-dot=\"atm-link\" target=\"_blank\" href=\"https:\/\/www.prozeny.cz\/clanek\/krasa-a-moda-modni-radce-obleceni-do-divadla-jak-se-obleknout-101077\" class=\"b_g\" rel=\"nofollow noopener\">vyrazit v\u00a0n\u011bm m\u016f\u017eete tak\u00e9\u00a0do b\u011b\u017en\u00e9ho m\u011bstsk\u00e9ho divadla<\/a>. A\u00a0i kdy\u017e prvn\u00ed d\u00e1ma s\u00e1hla po lahvov\u011b zelen\u00e9m modelu, vyb\u00edrat se d\u00e1 samoz\u0159ejm\u011b z\u00a0mnoha jin\u00fdch barev. Tak co, nech\u00e1te se inspirovat?<\/p>\n<p><img fetchpriority=\"high\" height=\"2048\"   width=\"1535\" src=\"https:\/\/www.europesays.com\/cz\/wp-content\/uploads\/2026\/03\/moda-trendy-fashion-eva-pavlova.webp.jpeg\" loading=\"eager\" decoding=\"sync\" class=\"b_u b_s\"\/>Foto: Archiv firmy<\/p>\n","protected":false},"excerpt":{"rendered":"N\u00e1\u0161 prvn\u00ed p\u00e1r je zn\u00e1m\u00fd svou l\u00e1skou ke kostkovan\u00fdm flanelov\u00fdm ko\u0161il\u00edm, koneckonc\u016f pr\u00e1v\u011b flanelka se stala symbolem prezidentsk\u00e9&hellip;\n","protected":false},"author":2,"featured_media":40503,"comment_status":"","ping_status":"","sticky":false,"template":"","format":"standard","meta":{"footnotes":"","_share_on_mastodon":"0"},"categories":[7],"tags":[43,42,41,40,5573,16136,16137,6171,213,7750,4746,16138],"class_list":["post-40502","post","type-post","status-publish","format-standard","has-post-thumbnail","category-cesko","tag-ceska-republika","tag-cesko","tag-czech-republic","tag-czechia","tag-eva-pavlova","tag-kosilove-saty","tag-kostky","tag-outfity-slavnych","tag-petr-pavel","tag-prvni-dama","tag-saty","tag-tartan-latka"],"share_on_mastodon":{"url":"https:\/\/pubeurope.com\/@cz\/116319632024103347","error":""},"_links":{"self":[{"href":"https:\/\/www.europesays.com\/cz\/wp-json\/wp\/v2\/posts\/40502","targetHints":{"allow":["GET"]}}],"collection":[{"href":"https:\/\/www.europesays.com\/cz\/wp-json\/wp\/v2\/posts"}],"about":[{"href":"https:\/\/www.europesays.com\/cz\/wp-json\/wp\/v2\/types\/post"}],"author":[{"embeddable":true,"href":"https:\/\/www.europesays.com\/cz\/wp-json\/wp\/v2\/users\/2"}],"replies":[{"embeddable":true,"href":"https:\/\/www.europesays.com\/cz\/wp-json\/wp\/v2\/comments?post=40502"}],"version-history":[{"count":0,"href":"https:\/\/www.europesays.com\/cz\/wp-json\/wp\/v2\/posts\/40502\/revisions"}],"wp:featuredmedia":[{"embeddable":true,"href":"https:\/\/www.europesays.com\/cz\/wp-json\/wp\/v2\/media\/40503"}],"wp:attachment":[{"href":"https:\/\/www.europesays.com\/cz\/wp-json\/wp\/v2\/media?parent=40502"}],"wp:term":[{"taxonomy":"category","embeddable":true,"href":"https:\/\/www.europesays.com\/cz\/wp-json\/wp\/v2\/categories?post=40502"},{"taxonomy":"post_tag","embeddable":true,"href":"https:\/\/www.europesays.com\/cz\/wp-json\/wp\/v2\/tags?post=40502"}],"curies":[{"name":"wp","href":"https:\/\/api.w.org\/{rel}","templated":true}]}}