{"id":40819,"date":"2026-03-31T05:18:11","date_gmt":"2026-03-31T05:18:11","guid":{"rendered":"https:\/\/www.europesays.com\/cz\/40819\/"},"modified":"2026-03-31T05:18:11","modified_gmt":"2026-03-31T05:18:11","slug":"nhl-skvely-necas-tremi-body-se-podilel-na-demolici-calgary-gudas-se-porval-uz-po-trech-vterinach","status":"publish","type":"post","link":"https:\/\/www.europesays.com\/cz\/40819\/","title":{"rendered":"NHL | Skv\u011bl\u00fd Ne\u010das. T\u0159emi body se pod\u00edlel na demolici Calgary. Gudas se porval u\u017e po t\u0159ech vte\u0159in\u00e1ch"},"content":{"rendered":"<p class=\"b_by\">Ne\u010das nejprve v\u00a07.\u00a0minut\u011b asistoval u\u00a0p\u0159esilovkov\u00e9ho g\u00f3lu Nazema Kadriho. Dal\u0161\u00ed dva body p\u0159idal ve t\u0159et\u00ed \u010d\u00e1sti. Ve 47.\u00a0minut\u011b zu\u017eitkoval p\u0159ihr\u00e1vku Nathana MacKinnona zpoza br\u00e1ny a\u00a0z bl\u00edzka p\u0159ekonal brank\u00e1\u0159e Flames Devina Cooleyho. O\u00a0deset minut pozd\u011bji je\u0161t\u011b \u010desk\u00fd \u00fato\u010dn\u00edk asistoval u\u00a0posledn\u00ed trefy v\u00a0utk\u00e1n\u00ed. <\/p>\n<p class=\"b_by\">U\u017e po t\u0159ech vte\u0159in\u00e1ch shodil rukavice Gudas. Anaheim toti\u017e hr\u00e1l s\u00a0Torontem, p\u0159i minul\u00e9m m\u011b\u0159en\u00ed sil \u010desk\u00fd sil\u00e1k v\u00e1\u017en\u011b zranil nejv\u011bt\u0161\u00ed hv\u011bzdu soupe\u0159e Austona Matthewse, a\u00a0nyn\u00ed se tak \u010dekala odplata. Proto velmi kr\u00e1tce po \u00favodn\u00edm buly do\u0161lo na bitku. Gudasov\u00fdm protivn\u00edkem byl \u00fato\u010dn\u00edk Max Domi, jeho\u017e otec Tie byl v\u00a0NHL vyhl\u00e1\u0161en\u00fdm rv\u00e1\u010dem. <\/p>\n<p class=\"b_by\">Utk\u00e1n\u00ed nakonec za stavu 4:4\u00a0dosp\u011blo do prodlou\u017een\u00ed, kter\u00e9 v\u00a0\u010dase 64:55\u00a0rozhodl hostuj\u00edc\u00ed forvard John Tavares. V\u00a0br\u00e1n\u011b Ducks tentokr\u00e1t nebyl Luk\u00e1\u0161 Dost\u00e1l. <\/p>\n<p><a data-dot=\"atm-link\" target=\"_self\" href=\"https:\/\/www.sport.cz\/clanek\/hokej-nhl-citim-se-hrozne-priznal-gudas-pred-navratem-do-sestavy-s-hvezdou-nhl-mel-tezky-telefonat-5427113\" class=\"b_V g_in\" rel=\"nofollow noopener\"><img fetchpriority=\"high\" height=\"2730\" width=\"3641\" src=\"https:\/\/www.europesays.com\/cz\/wp-content\/uploads\/2026\/03\/1774934289_982_6c9f.jpeg\" loading=\"eager\" decoding=\"sync\" class=\"b_B b_z\"\/><\/a><\/p>\n<p class=\"b_by\">Hertl asistoval u\u00a0prvn\u00ed trefy Vegas, kdy\u017e na brankovi\u0161ti p\u0159ihr\u00e1l puk Rasmusi Anderssonovi, kter\u00fd trefil odkrytou br\u00e1nu. Hronek m\u011bl prsty ve druh\u00e9m g\u00f3lu Vancouveru, kdy jeho st\u0159elu od modr\u00e9 \u010d\u00e1ry p\u0159i p\u0159esilov\u00e9 h\u0159e te\u010doval Brock Boeser. <\/p>\n<p class=\"b_by\">Do hry se tak\u00e9 dostal p\u016fvodn\u011b n\u00e1hradn\u00ed brank\u00e1\u0159 NY Islanders David Rittich. Jeho par\u0165\u00e1k v\u00a0brankovi\u0161ti Ilja Sorokin \u0161el ve 48.\u00a0minut\u011b po sedm\u00e9m g\u00f3lu od hr\u00e1\u010d\u016f Pittsburghu st\u0159\u00eddat a\u00a0\u010desk\u00fd g\u00f3lman zaujal jeho m\u00edsto. Ze t\u0159\u00ed st\u0159el inkasoval Rittich jednou. <\/p>\n<p class=\"b_by\">V z\u00e1pase San Jose se St. Louis potvrdil svou formu st\u00e1le teprve 19let\u00fd teenager Macklin Celebrini. Jedni\u010dka draftu z\u00a0roku 2024\u00a0zapsala dva g\u00f3ly a\u00a0jednu asistenci. T\u0159i body nasb\u00edral tak\u00e9 \u0161v\u00e9dsk\u00fd \u00fato\u010dn\u00edk Alexander Wennberg. Duel ale rozsekl n\u011bkdo jin\u00fd, dvaadvacet sekund p\u0159ed t\u0159et\u00ed sir\u00e9nou sk\u00f3roval Adam Gaudette. <\/p>\n<p>V\u00fdsledky NHLColorado &#8211; Calgary 9:2NY Islanders &#8211; Pittsburgh 3:8San Jose &#8211; St. Louis 5:4Vegas &#8211; Vancouver 4:2Anaheim &#8211; Toronto 4:5 v prodl.<a data-dot=\"atm-link\" target=\"_self\" href=\"https:\/\/www.sport.cz\/clanek\/hokej-nhl-bacha-pali-zacha-nedoceneny-bostonsky-univerzal-v-sobe-objevil-kanonyra-5429521\" class=\"b_V g_in\" rel=\"nofollow noopener\"><img height=\"1848\" width=\"2465\" src=\"https:\/\/www.europesays.com\/cz\/wp-content\/uploads\/2026\/03\/1774901470_798_0a7c.jpeg\" loading=\"eager\" decoding=\"sync\" class=\"b_B b_z\"\/><\/a><\/p>\n","protected":false},"excerpt":{"rendered":"Ne\u010das nejprve v\u00a07.\u00a0minut\u011b asistoval u\u00a0p\u0159esilovkov\u00e9ho g\u00f3lu Nazema Kadriho. Dal\u0161\u00ed dva body p\u0159idal ve t\u0159et\u00ed \u010d\u00e1sti. Ve 47.\u00a0minut\u011b zu\u017eitkoval&hellip;\n","protected":false},"author":2,"featured_media":40820,"comment_status":"","ping_status":"","sticky":false,"template":"","format":"standard","meta":{"footnotes":"","_share_on_mastodon":"0"},"categories":[15],"tags":[6077,4844,16213,8781,29,141,16214,1553,448,94,93,6073,2785,6075],"class_list":["post-40819","post","type-post","status-publish","format-standard","has-post-thumbnail","category-sport","tag-anaheim-ducks","tag-colorado-avalanche","tag-david-rittich","tag-filip-hronek","tag-hokej","tag-martin-necas","tag-new-york-islanders","tag-nhl","tag-radko-gudas","tag-sport","tag-sports","tag-tomas-hertl","tag-vancouver-canucks","tag-vegas-golden-knights"],"share_on_mastodon":{"url":"https:\/\/pubeurope.com\/@cz\/116322101232100948","error":""},"_links":{"self":[{"href":"https:\/\/www.europesays.com\/cz\/wp-json\/wp\/v2\/posts\/40819","targetHints":{"allow":["GET"]}}],"collection":[{"href":"https:\/\/www.europesays.com\/cz\/wp-json\/wp\/v2\/posts"}],"about":[{"href":"https:\/\/www.europesays.com\/cz\/wp-json\/wp\/v2\/types\/post"}],"author":[{"embeddable":true,"href":"https:\/\/www.europesays.com\/cz\/wp-json\/wp\/v2\/users\/2"}],"replies":[{"embeddable":true,"href":"https:\/\/www.europesays.com\/cz\/wp-json\/wp\/v2\/comments?post=40819"}],"version-history":[{"count":0,"href":"https:\/\/www.europesays.com\/cz\/wp-json\/wp\/v2\/posts\/40819\/revisions"}],"wp:featuredmedia":[{"embeddable":true,"href":"https:\/\/www.europesays.com\/cz\/wp-json\/wp\/v2\/media\/40820"}],"wp:attachment":[{"href":"https:\/\/www.europesays.com\/cz\/wp-json\/wp\/v2\/media?parent=40819"}],"wp:term":[{"taxonomy":"category","embeddable":true,"href":"https:\/\/www.europesays.com\/cz\/wp-json\/wp\/v2\/categories?post=40819"},{"taxonomy":"post_tag","embeddable":true,"href":"https:\/\/www.europesays.com\/cz\/wp-json\/wp\/v2\/tags?post=40819"}],"curies":[{"name":"wp","href":"https:\/\/api.w.org\/{rel}","templated":true}]}}