{"id":41288,"date":"2026-03-31T12:47:07","date_gmt":"2026-03-31T12:47:07","guid":{"rendered":"https:\/\/www.europesays.com\/cz\/41288\/"},"modified":"2026-03-31T12:47:07","modified_gmt":"2026-03-31T12:47:07","slug":"pavlova-dostala-na-frak-kostkovana-pracovni-zastera","status":"publish","type":"post","link":"https:\/\/www.europesays.com\/cz\/41288\/","title":{"rendered":"Pavlov\u00e1 dostala na frak! Kostkovan\u00e1 pracovn\u00ed z\u00e1st\u011bra?"},"content":{"rendered":"<p>Kostkovan\u00e9 \u0161aty v\u00a0modro-zelen\u00fdch barv\u00e1ch vynesla <a class=\"celebrity celebwiki\" href=\"https:\/\/celebwiki.blesk.cz\/osobnost\/7549\/eva-pavlova\/\" target=\"_blank\" rel=\"nofollow noopener\">Pavlov\u00e1<\/a> ji\u017e podruh\u00e9 za pom\u011brn\u011b kr\u00e1tkou dobu. Naposledy je obl\u00e9kla p\u0159i slavnostn\u00edm otev\u0159en\u00ed zdravotnick\u00e9ho centra Obl\u00e1\u010dek v\u00a0Plzni a o\u010dividn\u011b se j\u00ed hodn\u011b l\u00edb\u00ed. I jej\u00ed fanou\u0161ci si mysl\u00ed, \u017ee tento styl prvn\u00ed d\u00e1m\u011b sedne. \u201eJako v\u017edy elegantn\u00ed! Kr\u00e1sn\u00e9 \u0161aty,\u201c napsala jedna z\u00a0\u017een v\u00a0diskuzi na internetu.<\/p>\n<p style=\"text-align: center;\">Prezidentsk\u00fd p\u00e1r na Olympijsk\u00e9m festivalu v \u010cesk\u00fdch Bud\u011bjovic\u00edch (11. 2. 2026)<\/p>\n<p>    <a href=\"https:\/\/www.ahaonline.cz\/clanek\/zhave-drby\/232828\/jak-bydli-petr-pavel-vyhazeli-veci-po-zemanove.html\" rel=\"nofollow noopener\" target=\"_blank\"><\/p>\n<p>        <img decoding=\"async\" src=\"https:\/\/www.europesays.com\/cz\/wp-content\/uploads\/2026\/03\/1774961227_963_9278183.jpg\" alt=\"Jak bydl\u00ed Petr Pavel? Vyh\u00e1zeli v\u011bci po Zemanov\u00e9\" title=\"Jak bydl\u00ed Petr Pavel? Vyh\u00e1zeli v\u011bci po Zemanov\u00e9\" height=\"140\" width=\"220\" class=\"lazyload \" loading=\"lazy\" \/><\/p>\n<p>    <\/a><\/p>\n<p>Objevily se ale samoz\u0159ejm\u011b tak\u00e9 negativn\u00ed ohlasy. Podle n\u011bkter\u00fdch se kostkovan\u00e9 \u0161aty nehod\u00ed na ud\u00e1losti podobn\u00e9ho typu.<\/p>\n<p>\u201eTa kostkovan\u00e1 pracovn\u00ed z\u00e1st\u011bra p\u0159i tom zviditel\u0148ov\u00e1n\u00ed sebe sama moc slu\u0161\u00ed,\u201c napsal mu\u017e, kter\u00fd o\u010dividn\u011b Ev\u011b Pavlov\u00e9 moc nefand\u00ed. Ona si ale z\u00a0podobn\u00fdch kritik\u016f nic ned\u011bl\u00e1. Kostkovan\u00e9 \u0161aty tak ned\u00e1vno obl\u00e9kla znovu, tedy pot\u0159et\u00ed v\u00a0\u0159ad\u011b &#8211; a to na oslavu 90. narozenin <a class=\"celebrity celebwiki\" href=\"https:\/\/celebwiki.blesk.cz\/osobnost\/2462\/zdenek-sverak\/\" target=\"_blank\" rel=\"nofollow noopener\">Zde\u0148ka Sv\u011br\u00e1ka<\/a>.<\/p>\n<p style=\"text-align: center;\">Prvn\u00ed d\u00e1ma Eva Pavlov\u00e1 na demonstraci na Letn\u00e9<\/p>\n","protected":false},"excerpt":{"rendered":"Kostkovan\u00e9 \u0161aty v\u00a0modro-zelen\u00fdch barv\u00e1ch vynesla Pavlov\u00e1 ji\u017e podruh\u00e9 za pom\u011brn\u011b kr\u00e1tkou dobu. Naposledy je obl\u00e9kla p\u0159i slavnostn\u00edm otev\u0159en\u00ed&hellip;\n","protected":false},"author":2,"featured_media":41289,"comment_status":"","ping_status":"","sticky":false,"template":"","format":"standard","meta":{"footnotes":"","_share_on_mastodon":"0"},"categories":[7],"tags":[43,42,41,40,5573,243,213,580,7750,4746,163],"class_list":["post-41288","post","type-post","status-publish","format-standard","has-post-thumbnail","category-cesko","tag-ceska-republika","tag-cesko","tag-czech-republic","tag-czechia","tag-eva-pavlova","tag-kritika","tag-petr-pavel","tag-prezident","tag-prvni-dama","tag-saty","tag-zhave-drby"],"share_on_mastodon":{"url":"https:\/\/pubeurope.com\/@cz\/116323866618172803","error":""},"_links":{"self":[{"href":"https:\/\/www.europesays.com\/cz\/wp-json\/wp\/v2\/posts\/41288","targetHints":{"allow":["GET"]}}],"collection":[{"href":"https:\/\/www.europesays.com\/cz\/wp-json\/wp\/v2\/posts"}],"about":[{"href":"https:\/\/www.europesays.com\/cz\/wp-json\/wp\/v2\/types\/post"}],"author":[{"embeddable":true,"href":"https:\/\/www.europesays.com\/cz\/wp-json\/wp\/v2\/users\/2"}],"replies":[{"embeddable":true,"href":"https:\/\/www.europesays.com\/cz\/wp-json\/wp\/v2\/comments?post=41288"}],"version-history":[{"count":0,"href":"https:\/\/www.europesays.com\/cz\/wp-json\/wp\/v2\/posts\/41288\/revisions"}],"wp:featuredmedia":[{"embeddable":true,"href":"https:\/\/www.europesays.com\/cz\/wp-json\/wp\/v2\/media\/41289"}],"wp:attachment":[{"href":"https:\/\/www.europesays.com\/cz\/wp-json\/wp\/v2\/media?parent=41288"}],"wp:term":[{"taxonomy":"category","embeddable":true,"href":"https:\/\/www.europesays.com\/cz\/wp-json\/wp\/v2\/categories?post=41288"},{"taxonomy":"post_tag","embeddable":true,"href":"https:\/\/www.europesays.com\/cz\/wp-json\/wp\/v2\/tags?post=41288"}],"curies":[{"name":"wp","href":"https:\/\/api.w.org\/{rel}","templated":true}]}}