{"id":44076,"date":"2026-04-03T01:58:24","date_gmt":"2026-04-03T01:58:24","guid":{"rendered":"https:\/\/www.europesays.com\/cz\/44076\/"},"modified":"2026-04-03T01:58:24","modified_gmt":"2026-04-03T01:58:24","slug":"nakladak-v-rudne-u-prahy-srazil-chodce-na-miste-zemrel","status":"publish","type":"post","link":"https:\/\/www.europesays.com\/cz\/44076\/","title":{"rendered":"N\u00e1kla\u010f\u00e1k v\u00a0Rudn\u00e9 u\u00a0Prahy srazil chodce, na m\u00edst\u011b zem\u0159el"},"content":{"rendered":"<p class=\"c_bz\">K nehod\u011b do\u0161lo p\u0159ed p\u016fl dvan\u00e1ctou v\u00a0Masarykov\u011b ulici, pobl\u00ed\u017e kruhov\u00e9ho objezdu, a\u00a0to jen n\u011bkolik metr\u016f od p\u0159echodu pro chodce.<\/p>\n<p class=\"c_bz\">\u201ePodle prvotn\u00edch informac\u00ed m\u011blo v\u00a0Masarykov\u011b ulici v\u00a0Rudn\u00e9 zastavit osobn\u00ed auto, ze kter\u00e9ho vystoupil spolujezdec. Ten n\u00e1sledn\u011b obe\u0161el auto a\u00a0vstoupil do vozovky, kterou cht\u011bl nejsp\u00ed\u0161 p\u0159ej\u00edt. Po komunikaci v\u0161ak zrovna, sm\u011brem na Prahu, proj\u00ed\u017ed\u011bl \u0159idi\u010d kamionu,\u201c \u0159ekla Novink\u00e1m policejn\u00ed mluv\u010d\u00ed Michaela Richterov\u00e1.<\/p>\n<p class=\"c_bz\">Sv\u011bdci okam\u017eit\u011b za\u010dali sra\u017een\u00e9ho mu\u017ee resuscitovat. V\u00a0resuscitaci pak pokra\u010dovali hasi\u010di, z\u00e1chran\u00e1\u0159i i\u00a0policist\u00e9.<\/p>\n<p class=\"c_bz\">\u201eBohu\u017eel i\u00a0p\u0159es jejich ve\u0161kerou snahu mu\u017e na m\u00edst\u011b zem\u0159el,\u201c doplnila policejn\u00ed mluv\u010d\u00ed s\u00a0t\u00edm, \u017ee dechov\u00e1 zkou\u0161ka u\u00a0\u0159idi\u010de kamionu byla negativn\u00ed.<\/p>\n<p class=\"c_bz\">Nehodou se nyn\u00ed zab\u00fdvaj\u00ed kriminalist\u00e9. Silnice musela b\u00fdt v\u00a0m\u00edst\u011b nehody, po dobu vy\u0161et\u0159ov\u00e1n\u00ed, obousm\u011brn\u011b uzav\u0159ena.<\/p>\n<p><img fetchpriority=\"high\" height=\"1080\"   width=\"1920\" src=\"https:\/\/www.europesays.com\/cz\/wp-content\/uploads\/2026\/04\/kamion-chodec-rudna.jpeg\" loading=\"eager\" decoding=\"sync\" class=\"c_t c_r\"\/>Foto: Pavel Ja\u0148urek, Novinky<\/p>\n<p class=\"c_bz\">V Rudn\u00e9 srazil kamion chodce<\/p>\n<p><a data-dot=\"atm-link\" target=\"_self\" href=\"https:\/\/www.novinky.cz\/clanek\/krimi-postacku-u-prahy-srazila-jeji-vlastni-dodavka-utrpela-tezka-zraneni-40571038\" class=\"c_N\" rel=\"nofollow noopener\"><img height=\"2160\" width=\"3840\" src=\"https:\/\/www.europesays.com\/cz\/wp-content\/uploads\/2026\/04\/1775181504_133_postacka-davle-nehoda.jpeg\" loading=\"eager\" decoding=\"sync\" class=\"c_t c_r\"\/><\/a><\/p>\n","protected":false},"excerpt":{"rendered":"K nehod\u011b do\u0161lo p\u0159ed p\u016fl dvan\u00e1ctou v\u00a0Masarykov\u011b ulici, pobl\u00ed\u017e kruhov\u00e9ho objezdu, a\u00a0to jen n\u011bkolik metr\u016f od p\u0159echodu pro&hellip;\n","protected":false},"author":2,"featured_media":44077,"comment_status":"","ping_status":"","sticky":false,"template":"","format":"standard","meta":{"footnotes":"","_share_on_mastodon":"0"},"categories":[30],"tags":[158,3145,98,99,2858],"class_list":["post-44076","post","type-post","status-publish","format-standard","has-post-thumbnail","category-praha","tag-chodci","tag-nehody","tag-prague","tag-praha","tag-rudna"],"share_on_mastodon":{"url":"https:\/\/pubeurope.com\/@cz\/116338301664115175","error":""},"_links":{"self":[{"href":"https:\/\/www.europesays.com\/cz\/wp-json\/wp\/v2\/posts\/44076","targetHints":{"allow":["GET"]}}],"collection":[{"href":"https:\/\/www.europesays.com\/cz\/wp-json\/wp\/v2\/posts"}],"about":[{"href":"https:\/\/www.europesays.com\/cz\/wp-json\/wp\/v2\/types\/post"}],"author":[{"embeddable":true,"href":"https:\/\/www.europesays.com\/cz\/wp-json\/wp\/v2\/users\/2"}],"replies":[{"embeddable":true,"href":"https:\/\/www.europesays.com\/cz\/wp-json\/wp\/v2\/comments?post=44076"}],"version-history":[{"count":0,"href":"https:\/\/www.europesays.com\/cz\/wp-json\/wp\/v2\/posts\/44076\/revisions"}],"wp:featuredmedia":[{"embeddable":true,"href":"https:\/\/www.europesays.com\/cz\/wp-json\/wp\/v2\/media\/44077"}],"wp:attachment":[{"href":"https:\/\/www.europesays.com\/cz\/wp-json\/wp\/v2\/media?parent=44076"}],"wp:term":[{"taxonomy":"category","embeddable":true,"href":"https:\/\/www.europesays.com\/cz\/wp-json\/wp\/v2\/categories?post=44076"},{"taxonomy":"post_tag","embeddable":true,"href":"https:\/\/www.europesays.com\/cz\/wp-json\/wp\/v2\/tags?post=44076"}],"curies":[{"name":"wp","href":"https:\/\/api.w.org\/{rel}","templated":true}]}}