{"id":46251,"date":"2026-04-05T15:18:11","date_gmt":"2026-04-05T15:18:11","guid":{"rendered":"https:\/\/www.europesays.com\/cz\/46251\/"},"modified":"2026-04-05T15:18:11","modified_gmt":"2026-04-05T15:18:11","slug":"konec-vojenskeho-sestrihu-na-jezka-veterani-varuji-pred-smrtelnym-rizikem","status":"publish","type":"post","link":"https:\/\/www.europesays.com\/cz\/46251\/","title":{"rendered":"Konec vojensk\u00e9ho sest\u0159ihu na &#8222;je\u017eka?&#8220; Veter\u00e1ni varuj\u00ed p\u0159ed smrteln\u00fdm rizikem"},"content":{"rendered":"<p>Desetilet\u00ed drilu, kr\u00e1tk\u00fdch sest\u0159ih\u016f a hladce oholen\u00fdch tv\u00e1\u0159\u00ed mohou v n\u011bkter\u00fdch evropsk\u00fdch arm\u00e1d\u00e1ch brzy skon\u010dit. I tou \u010deskou u\u017e n\u011bjak\u00fd \u010das rezonuje debata o tom, zda povolit voj\u00e1k\u016fm del\u0161\u00ed vlasy a plnovousy, co\u017e by z\u00e1sadn\u011b zm\u011bnilo tv\u00e1\u0159 na\u0161ich ozbrojen\u00fdch sil. Zat\u00edmco zast\u00e1nci modernizace volaj\u00ed po uvoln\u011bn\u00ed pravidel, zku\u0161en\u00ed veter\u00e1ni p\u0159ed t\u00edm varuj\u00ed. <\/p>\n<p>V s\u00e1zce toti\u017e nen\u00ed jen estetika nebo discipl\u00edna, ale samotn\u00fd \u017eivot voj\u00e1ka v bojov\u00fdch podm\u00ednk\u00e1ch. Pro\u010d m\u016f\u017ee p\u00e1r centimetr\u016f vous\u016f rozhodnout o p\u0159e\u017eit\u00ed p\u0159i chemick\u00e9m \u00fatoku a co v\u0161echno se skr\u00fdv\u00e1 za tradi\u010dn\u00edm \u201evojensk\u00fdm vzhledem\u201c?<\/p>\n<p>Smrt\u00edc\u00ed past pod ochrannou maskou?<\/p>\n<p>Hlavn\u00edm argumentem proti bujn\u00e9mu porostu tv\u00e1\u0159e z\u016fst\u00e1v\u00e1 bezpe\u010dnost a funk\u010dnost ochrann\u00fdch pom\u016fcek. Vousy a dlouh\u00e9 vlasy toti\u017e br\u00e1n\u00ed spr\u00e1vn\u00e9mu p\u0159ilnut\u00ed ochrann\u00e9 masky nebo respir\u00e1toru k obli\u010deji. V p\u0159\u00edpad\u011b chemick\u00e9ho nebo biologick\u00e9ho \u00fatoku by takov\u00e1 net\u011bsnost p\u0159\u00edmo ohrozila \u017eivot voj\u00e1ka. \u201eJak asi bude t\u011bsnit plynov\u00e1 maska? Nebo d\u00fdcha\u010d u vousat\u00e9ho pilota?\u201c pt\u00e1 se nap\u0159\u00edklad b\u00fdval\u00fd voj\u00e1k, kter\u00fd si p\u0159\u00e1l z\u016fstat v anonymit\u011b. Podle n\u011bj jsou n\u011bkter\u00e9 po\u017eadavky dne\u0161n\u00edch voj\u00e1k\u016f absurdn\u00ed: \u201eJe\u0161t\u011b si m\u016f\u017eou p\u0159\u00e1t teplou sprchu a \u010dist\u00e9 pr\u00e1dlo t\u0159ikr\u00e1t denn\u011b, jinak nebojujeme.\u201c<\/p>\n<p>Krom\u011b zm\u00edn\u011bn\u00fdch probl\u00e9m\u016f s maskou a probl\u00e9m\u016f s vousy m\u016f\u017ee b\u00fdt komplikovan\u00e9 no\u0161en\u00ed p\u0159ilby s del\u0161\u00edmi vlasy. Kr\u00e1tk\u00fd sest\u0159ih v\u00fdrazn\u011b sni\u017euje riziko zran\u011bn\u00ed, ke kter\u00e9mu m\u016f\u017ee doj\u00edt p\u0159i zachycen\u00ed vlas\u016f o techniku nebo v\u00fdstroj. <\/p>\n<p>Kr\u00e1tk\u00e9 vlasy a absence plnovousu nav\u00edc v drsn\u00fdch poln\u00edch podm\u00ednk\u00e1ch, kde voj\u00e1ci nemaj\u00ed p\u0159\u00edstup k \u010dast\u00e9mu myt\u00ed, sni\u017euj\u00ed riziko v\u00fdskytu v\u0161\u00ed a ko\u017en\u00edch nemoc\u00ed, kter\u00e9 dok\u00e1\u017e\u00ed voj\u00e1ka v z\u00e1kopu po\u0159\u00e1dn\u011b potr\u00e1pit.<\/p>\n<p><img loading=\"lazy\" decoding=\"async\" width=\"640\" height=\"430\" src=\"https:\/\/www.europesays.com\/cz\/wp-content\/uploads\/2026\/04\/dsc-6395-1.jpg\" alt=\"voj\u00e1k vlasy vousy\" class=\"wp-image-150734\"  \/>Diskuse o plo\u0161n\u00e9m povolen\u00ed del\u0161\u00edch vlas\u016f a vous\u016f nap\u0159\u00edklad ve Finsku vykulminovala do rozvoln\u011bn\u00ed tvrd\u00fdch pravidel viz\u00e1\u017ee voj\u00e1ka. Ilustra\u010dn\u00ed sn\u00edmek. Foto: Ministerstvo obrany<\/p>\n<p>Discipl\u00edna versus individualismus<\/p>\n<p>Arm\u00e1da funguje jako p\u0159\u00edsn\u011b hierarchick\u00e1 organizace, kde hraje kl\u00ed\u010dovou roli unifikace a discipl\u00edna. Jednotn\u00fd vzhled v\u0161ech p\u0159\u00edslu\u0161n\u00edk\u016f posiluje smysl pro soun\u00e1le\u017eitost a t\u00fdm. Kr\u00e1tk\u00fd sest\u0159ih a upraven\u00fd obli\u010dej z\u00e1m\u011brn\u011b potla\u010duj\u00ed individualismus a posiluj\u00ed psychologicky sch\u00e9ma, aby voj\u00e1ci fungovali jako jeden celek.<\/p>\n<p>Sou\u010dasn\u00e9 p\u0159edpisy Arm\u00e1dy \u010cesk\u00e9 republiky sice umo\u017e\u0148uj\u00ed nap\u0159\u00edklad upravenou bradku do d\u00e9lky 2 cm, ale celkov\u011b vy\u017eaduj\u00ed profesion\u00e1ln\u00ed a \u010dist\u00fd vzhled, kter\u00fd reprezentuje arm\u00e1du navenek. \u201eMu\u017ei mohou nosit kn\u00edr, kotlety, bradku nebo upraven\u00fd plnovous v\u00a0p\u0159irozen\u00e9 barv\u011b vous\u016f voj\u00e1ka. Kn\u00edr mus\u00ed b\u00fdt zast\u0159i\u017een tak, aby nep\u0159esahoval doln\u00ed okraj horn\u00edho rtu. Kotlety nesm\u00ed zasahovat pod st\u0159ed u\u0161n\u00edch boltc\u016f. Vousy, kotlety ani bradky nesm\u00ed b\u00fdt del\u0161\u00ed ne\u017e dva centimetry. Jin\u00e1 \u00faprava vous\u016f nen\u00ed v\u00a0arm\u00e1d\u011b povolena,\u201c zn\u00ed jasn\u00e1 <a href=\"https:\/\/doarmady.mo.gov.cz\/o-armade\/caste-dotazy\/vousy-u-vojaku-armady-cr\" rel=\"nofollow noopener\" target=\"_blank\">pravidla<\/a>.<\/p>\n<p>    Mohlo by v\u00e1s zaj\u00edmat<\/p>\n<p>        <a href=\"https:\/\/ekonomickydenik.cz\/konec-udoli-smrti-obrane-male-firmy\/\" class=\"relative block overflow-hidden rounded-lg group aspect-[3\/2] md:aspect-video min-w-[88px] sm:min-w-[175px] lg:min-w-[225px]\" aria-label=\"\u010d\u00edst v\u00edce\" rel=\"nofollow noopener\" target=\"_blank\"><br \/>\n                        <img loading=\"lazy\" decoding=\"async\" width=\"406\" height=\"256\" src=\"https:\/\/www.europesays.com\/cz\/wp-content\/uploads\/2026\/04\/4a-406x256.jpg\" class=\"absolute object-cover w-full h-full group-hover:scale-105 transition-all\" alt=\"voj\u00e1k dron\"  \/><br \/>\n                        <\/a><\/p>\n<p>Kdy dost\u00e1vaj\u00ed vousy \u201ezelenou\u201c?<\/p>\n<p>P\u0159esto\u017ee pravidla jsou p\u0159\u00edsn\u00e1, existuj\u00ed specifick\u00e9 v\u00fdjimky, kter\u00e9 arm\u00e1da schvaluje. Voj\u00e1ci si mohou nechat nar\u016fst vousy ze zdravotn\u00edch d\u016fvod\u016f, nap\u0159\u00edklad p\u0159i probl\u00e9mech s ekz\u00e9my. <\/p>\n<p>Specifickou skupinu pak tvo\u0159\u00ed speci\u00e1ln\u00ed jednotky. U nich vy\u017eaduje plnovous charakter pln\u011bn\u00e9ho \u00fakolu, nap\u0159\u00edklad pot\u0159eba splynout s m\u00edstn\u00edm obyvatelstvem p\u0159i operac\u00edch v zahrani\u010d\u00ed.<\/p>\n<p>Ka\u017ed\u00e1 takov\u00e1 v\u00fdjimka podl\u00e9h\u00e1 p\u0159\u00edsn\u00e9mu schvalovac\u00edmu procesu. Diskuse o plo\u0161n\u00e9m povolen\u00ed del\u0161\u00edch vlas\u016f a vous\u016f, kter\u00e1 nap\u0159\u00edklad ve Finsku vykulminovala do <a href=\"https:\/\/ekonomickydenik.cz\/konec-vojenskeho-sestrihu-na-jezka\/\" rel=\"nofollow noopener\" target=\"_blank\">rozvoln\u011bn\u00ed tvrd\u00fdch pravidel<\/a>, tak nar\u00e1\u017e\u00ed na dek\u00e1dami prov\u011b\u0159enou praxi, kde upraven\u00fd zevn\u011bj\u0161ek nen\u00ed jen ot\u00e1zkou m\u00f3dy, ale z\u00e1kladn\u00edm p\u0159edpokladem pro efektivn\u00ed a bezpe\u010dn\u00e9 nasazen\u00ed v boji.<\/p>\n","protected":false},"excerpt":{"rendered":"Desetilet\u00ed drilu, kr\u00e1tk\u00fdch sest\u0159ih\u016f a hladce oholen\u00fdch tv\u00e1\u0159\u00ed mohou v n\u011bkter\u00fdch evropsk\u00fdch arm\u00e1d\u00e1ch brzy skon\u010dit. I tou \u010deskou&hellip;\n","protected":false},"author":2,"featured_media":46252,"comment_status":"","ping_status":"","sticky":false,"template":"","format":"standard","meta":{"footnotes":"","_share_on_mastodon":"0"},"categories":[7],"tags":[940,922,1014,43,42,41,40,17605,1268,17606,17607,9163,17608,17609],"class_list":["post-46251","post","type-post","status-publish","format-standard","has-post-thumbnail","category-cesko","tag-armada","tag-armada-cr","tag-bezpecnost","tag-ceska-republika","tag-cesko","tag-czech-republic","tag-czechia","tag-disciplina","tag-hygiena","tag-plynova-maska","tag-predpisy","tag-specialni-jednotky","tag-vojensky-sestrih","tag-vousy-v-armade"],"share_on_mastodon":{"url":"https:\/\/pubeurope.com\/@cz\/116352771946698331","error":""},"_links":{"self":[{"href":"https:\/\/www.europesays.com\/cz\/wp-json\/wp\/v2\/posts\/46251","targetHints":{"allow":["GET"]}}],"collection":[{"href":"https:\/\/www.europesays.com\/cz\/wp-json\/wp\/v2\/posts"}],"about":[{"href":"https:\/\/www.europesays.com\/cz\/wp-json\/wp\/v2\/types\/post"}],"author":[{"embeddable":true,"href":"https:\/\/www.europesays.com\/cz\/wp-json\/wp\/v2\/users\/2"}],"replies":[{"embeddable":true,"href":"https:\/\/www.europesays.com\/cz\/wp-json\/wp\/v2\/comments?post=46251"}],"version-history":[{"count":0,"href":"https:\/\/www.europesays.com\/cz\/wp-json\/wp\/v2\/posts\/46251\/revisions"}],"wp:featuredmedia":[{"embeddable":true,"href":"https:\/\/www.europesays.com\/cz\/wp-json\/wp\/v2\/media\/46252"}],"wp:attachment":[{"href":"https:\/\/www.europesays.com\/cz\/wp-json\/wp\/v2\/media?parent=46251"}],"wp:term":[{"taxonomy":"category","embeddable":true,"href":"https:\/\/www.europesays.com\/cz\/wp-json\/wp\/v2\/categories?post=46251"},{"taxonomy":"post_tag","embeddable":true,"href":"https:\/\/www.europesays.com\/cz\/wp-json\/wp\/v2\/tags?post=46251"}],"curies":[{"name":"wp","href":"https:\/\/api.w.org\/{rel}","templated":true}]}}