{"id":46390,"date":"2026-04-05T18:43:09","date_gmt":"2026-04-05T18:43:09","guid":{"rendered":"https:\/\/www.europesays.com\/cz\/46390\/"},"modified":"2026-04-05T18:43:09","modified_gmt":"2026-04-05T18:43:09","slug":"takovy-kolaps-ve-svedsku-jeste-nevideli-historicky-propadak-neodvratil-ani-cesky-mistr-sveta","status":"publish","type":"post","link":"https:\/\/www.europesays.com\/cz\/46390\/","title":{"rendered":"Takov\u00fd kolaps ve \u0160v\u00e9dsku je\u0161t\u011b nevid\u011bli. Historick\u00fd propad\u00e1k neodvr\u00e1til ani \u010desk\u00fd mistr sv\u011bta"},"content":{"rendered":"<p class=\"b_by\">Play off na \u010dty\u0159i v\u00edt\u011bzn\u00e1 utk\u00e1n\u00ed se ve \u0161v\u00e9dsk\u00e9 lize hraje ji\u017e od roku 1991.\u00a0P\u0159esto se \u010dekalo a\u017e dote\u010f, ne\u017e se n\u011bkomu poda\u0159\u00ed oto\u010dit s\u00e9rii ze stavu 0:3.\u00a0O\u00a0jak ohromnou raritu jde, dokazuje i\u00a0\u010desk\u00e1 Tipsport extraliga, kde se to poprv\u00e9 povedlo a\u017e p\u0159ed dv\u011bma roky T\u0159inci proti Spart\u011b.<\/p>\n<p class=\"b_by\">F\u00e4rjestad, p\u00e1t\u00fd celek po z\u00e1kladn\u00ed \u010d\u00e1sti, proti \u010dtvrt\u00e9mu R\u00f6gle vstoupil do \u010dtvrtfin\u00e1le v\u00fdte\u010dn\u011b. Ve druh\u00e9m duelu d\u00edky Tom\u00e1\u0161kov\u011b hattricku p\u0159edvedl neskute\u010dnou oto\u010dku z\u00a00:5\u00a0na 6:5\u00a0v\u00a0prodlou\u017een\u00ed, v\u00a0dal\u0161\u00edm duelu soupe\u0159e vynuloval a\u00a0byl kr\u016f\u010dek od postupu.<\/p>\n<p><a data-dot=\"atm-link\" target=\"_self\" href=\"https:\/\/www.sport.cz\/clanek\/hokej-nhl-nejcernejsi-serie-v-nhl-oficialne-skoncila-otloukanci-z-buffala-se-raduji-z-navratu-do-play-off-5431690\" class=\"b_V g_in\" rel=\"nofollow noopener\"><img fetchpriority=\"high\" height=\"2337\" width=\"3117\" src=\"https:\/\/www.europesays.com\/cz\/wp-content\/uploads\/2026\/04\/1775414589_320_3e00.jpeg\" loading=\"eager\" decoding=\"sync\" class=\"b_B b_z\"\/><\/a><\/p>\n<p class=\"b_by\">Jen\u017ee celek z\u00a0\u00c4ngelholmu zabral, zv\u00edt\u011bzil 2:1, 7:2\u00a0a\u00a03:2\u00a0a\u00a0vynutil si rozhoduj\u00edc\u00ed sedm\u00e9 utk\u00e1n\u00ed. Tak\u00e9 v\u00a0n\u011bm \u0161el do veden\u00ed, ov\u0161em mistr sv\u011bta z\u00a0Prahy Tom\u00e1\u0161ek, jen\u017e v\u00a0s\u00e9rii zapsal celkem p\u011bt branek, dok\u00e1zal srovnat. Dom\u00e1c\u00ed ale ve druh\u00e9 \u010d\u00e1sti i\u00a0d\u00edky Hork\u00e9ho asistenci odsko\u010dili na 3:1.<\/p>\n<p class=\"b_by\">Sn\u00ed\u017eit mohl Radim Zohorna, jen\u017ee rozhod\u010d\u00ed ud\u011blali obrovskou chybu a\u00a0hru p\u0159eru\u0161ili p\u0159edt\u00edm, ne\u017e \u010desk\u00fd forvard dorazil puk do s\u00edt\u011b, a\u010dkoliv kotou\u010d byl st\u00e1le voln\u00fd. \u201ePodle m\u011b je to naprosto jasn\u00fd g\u00f3l. V\u016fbec tomu nerozum\u00edm,\u201c post\u011b\u017eoval si v\u00a0rozhovoru pro TV4\u00a0\u00fato\u010dn\u00edk Axel Bergkvist.<\/p>\n<p class=\"b_by\">Z t\u00e9to k\u0159ivdy u\u017e se host\u00e9 nevzpamatovali, naopak R\u00f6gle i\u00a0s Hork\u00fdm, jen\u017e k\u00a0obratu p\u0159isp\u011bl dohromady \u010dty\u0159mi asistencemi, slav\u00ed senza\u010dn\u00ed zmrtv\u00fdchvst\u00e1n\u00ed. \u201eJe to vlastn\u011b trochu \u0161\u00edlen\u00e9, i\u00a0kdy\u017e jsme tomu v\u011b\u0159ili. Nen\u00ed n\u00e1hoda, \u017ee se to \u017e\u00e1dn\u00e9mu t\u00fdmu nepovedlo,\u201c l\u00ed\u010dil brank\u00e1\u0159 Arvid Holm.<\/p>\n<p><img height=\"1200\"   width=\"1800\" src=\"https:\/\/www.europesays.com\/cz\/wp-content\/uploads\/2026\/04\/horky.jpeg\" loading=\"eager\" decoding=\"sync\" class=\"b_B b_z\"\/>Foto: Profimedia.cz<\/p>\n<p class=\"b_by\">\u010cesk\u00fd \u00fato\u010dn\u00edk Lubo\u0161 Hork\u00fd v\u00a0dresu R\u00f6gle. <\/p>\n<p class=\"b_by\">Pod historickou oto\u010dku se podepsal norsk\u00fd tren\u00e9r Dan Tangnes, kter\u00e9mu se identick\u00fd kousek poda\u0159il ve \u0161v\u00fdcarsk\u00e9m Zugu, a\u00a0to p\u0159ed \u010dty\u0159mi roky ve fin\u00e1le proti Curychu. V\u00a0souboji bratr\u016f Kov\u00e1\u0159\u016f byl tehdy \u00fasp\u011b\u0161n\u011bj\u0161\u00ed mlad\u0161\u00ed Jan. \u201eDana jsme poslouchali, kdy\u017e u\u017e se mu to v\u00a0minulosti povedlo,\u201c prohl\u00e1sil Holm.<\/p>\n<p class=\"b_by\">Hork\u00fd si tedy zahraje semifin\u00e1le proti V\u00e4xj\u00f6, naopak Zohornovi s\u00a0Tom\u00e1\u0161kem klubov\u00e1 sezona skon\u010dila, ve h\u0159e v\u0161ak je je\u0161t\u011b jejich p\u0159ipojen\u00ed k\u00a0\u010desk\u00e9 reprezentaci.<\/p>\n<p class=\"b_by\">Zat\u00edmco nejmlad\u0161\u00ed z\u00a0bratrsk\u00e9 trojice m\u00e1 ve F\u00e4rjestadu platnou smlouvu i\u00a0pro p\u0159\u00ed\u0161t\u00ed rok, pro Tom\u00e1\u0161ka \u0161lo o\u00a0posledn\u00ed duel za t\u00fdm, kde nasb\u00edral celkem 129\u00a0bod\u016f (63+66) za 135\u00a0z\u00e1pas\u016f. \u010cek\u00e1 se toti\u017e jeho n\u00e1vrat do \u010ceska, konkr\u00e9tn\u011b do ambici\u00f3zn\u00edch Pardubic.<\/p>\n<p>\u010ctvrtfin\u00e1le play off \u0161v\u00e9dsk\u00e9 hokejov\u00e9 ligy &#8211; 7. z\u00e1pas:R\u00f6gle &#8211; F\u00e4rjestad 4:1 (HORK\u00dd 0+1 &#8211; TOM\u00c1\u0160EK 1+0), kone\u010dn\u00fd stav s\u00e9rie 4:3.<a data-dot=\"atm-link\" target=\"_self\" href=\"https:\/\/www.sport.cz\/clanek\/hokej-extraliga-repik-se-probral-v-pravou-chvili-tvrdy-hit-od-cervenky-vzal-sportovne-nic-si-nedarujeme-5431656\" class=\"b_V g_in\" rel=\"nofollow noopener\"><img height=\"2729\" width=\"3638\" src=\"https:\/\/www.europesays.com\/cz\/wp-content\/uploads\/2026\/04\/195c.jpeg\" loading=\"eager\" decoding=\"sync\" class=\"b_B b_z\"\/><\/a><\/p>\n","protected":false},"excerpt":{"rendered":"Play off na \u010dty\u0159i v\u00edt\u011bzn\u00e1 utk\u00e1n\u00ed se ve \u0161v\u00e9dsk\u00e9 lize hraje ji\u017e od roku 1991.\u00a0P\u0159esto se \u010dekalo a\u017e&hellip;\n","protected":false},"author":2,"featured_media":46391,"comment_status":"","ping_status":"","sticky":false,"template":"","format":"standard","meta":{"footnotes":"","_share_on_mastodon":"0"},"categories":[15],"tags":[17638,8472,29,94,93,631],"class_list":["post-46390","post","type-post","status-publish","format-standard","has-post-thumbnail","category-sport","tag-david-tomasek","tag-farjestad","tag-hokej","tag-sport","tag-sports","tag-svedsko"],"share_on_mastodon":{"url":"https:\/\/pubeurope.com\/@cz\/116353578147682666","error":""},"_links":{"self":[{"href":"https:\/\/www.europesays.com\/cz\/wp-json\/wp\/v2\/posts\/46390","targetHints":{"allow":["GET"]}}],"collection":[{"href":"https:\/\/www.europesays.com\/cz\/wp-json\/wp\/v2\/posts"}],"about":[{"href":"https:\/\/www.europesays.com\/cz\/wp-json\/wp\/v2\/types\/post"}],"author":[{"embeddable":true,"href":"https:\/\/www.europesays.com\/cz\/wp-json\/wp\/v2\/users\/2"}],"replies":[{"embeddable":true,"href":"https:\/\/www.europesays.com\/cz\/wp-json\/wp\/v2\/comments?post=46390"}],"version-history":[{"count":0,"href":"https:\/\/www.europesays.com\/cz\/wp-json\/wp\/v2\/posts\/46390\/revisions"}],"wp:featuredmedia":[{"embeddable":true,"href":"https:\/\/www.europesays.com\/cz\/wp-json\/wp\/v2\/media\/46391"}],"wp:attachment":[{"href":"https:\/\/www.europesays.com\/cz\/wp-json\/wp\/v2\/media?parent=46390"}],"wp:term":[{"taxonomy":"category","embeddable":true,"href":"https:\/\/www.europesays.com\/cz\/wp-json\/wp\/v2\/categories?post=46390"},{"taxonomy":"post_tag","embeddable":true,"href":"https:\/\/www.europesays.com\/cz\/wp-json\/wp\/v2\/tags?post=46390"}],"curies":[{"name":"wp","href":"https:\/\/api.w.org\/{rel}","templated":true}]}}