{"id":46404,"date":"2026-04-05T19:10:09","date_gmt":"2026-04-05T19:10:09","guid":{"rendered":"https:\/\/www.europesays.com\/cz\/46404\/"},"modified":"2026-04-05T19:10:09","modified_gmt":"2026-04-05T19:10:09","slug":"nhl-rittich-s-palatem-maji-v-islanders-noveho-trenera-sport-cz","status":"publish","type":"post","link":"https:\/\/www.europesays.com\/cz\/46404\/","title":{"rendered":"NHL | Rittich s Pal\u00e1tem maj\u00ed v Islanders nov\u00e9ho tren\u00e9ra &#8211; Sport.cz"},"content":{"rendered":"<p><a href=\"https:\/\/news.google.com\/rss\/articles\/CBMimwFBVV95cUxPZWVkcGg3LVVaOE90WWN3c0szTUtPUzNNVXFkdWk0blNkSW1zNEtSaVB0QWtfZDBvWHh0d2NoWmZJTExhQlpiQUxBMDdLTnFnX1N6TVU4UE1UdVpiSXB6SUVOUUxQQXlGMzY0MVI1c3ROTnJLd1BwdmktQkt4dVRwYkpILXlVVndEY1ByeV9Kb01FeEotSkk4bGVuZw?oc=5\" target=\"_blank\" rel=\"nofollow noopener\">NHL | Rittich s Pal\u00e1tem maj\u00ed v Islanders nov\u00e9ho tren\u00e9ra<\/a>&nbsp;&nbsp;Sport.cz<a href=\"https:\/\/news.google.com\/rss\/articles\/CBMimAFBVV95cUxPNEhxZjFvcDh5SjhHMGlmZmFlcktycEhHS25kQjByMUhkR2gzR1BJeGxjUnN0aFVFWXRUR2w0QVlIVnlfZkI5OVlzMkxVbVlOWGRmcUptYkdUejRYTGVWZ3FrSVhBTEhqZDRMbXh5QUxlaFhuZkc3algyd2ZZRnRqTFNnVHpLSEtFNXh1QWtReklXZmdVd1NveQ?oc=5\" target=\"_blank\" rel=\"nofollow noopener\">Islanders propustili tren\u00e9ra Roye, Ritticha s Pal\u00e1tem m\u00e1 dostat do play off DeBoer<\/a>&nbsp;&nbsp;iDNES.cz<a href=\"https:\/\/news.google.com\/rss\/articles\/CBMimgFBVV95cUxNa0VMYUgzWDJlWWJkdXJ1TDlZNE5ROVJfSm1LZ05ReW05UEhEaVU1eTYyUjVSRmdzX1hjY0FaandUZnhoSjBMcWNyYS1HTGJoT01PZXZyeFA0R3Q5ZTVrdm50dWZVNFdCMldCMk9nZDFhUDdtaUo3Vy1UZnJIcmdXUDhWdFhEdXlfaXZ4YTJ0ay1hSUlKbmEtcWl3?oc=5\" target=\"_blank\" rel=\"nofollow noopener\">Zaj\u00edmav\u00fd tren\u00e9rsk\u00fd \u0159ez i na Long Islandu. Roy kon\u010d\u00ed, ot\u011b\u017ee p\u0159eb\u00edr\u00e1 DeBoer<\/a>&nbsp;&nbsp;NHL.CZ<a href=\"https:\/\/news.google.com\/rss\/articles\/CBMi0AFBVV95cUxNcVY2WVlGLVRFZjhwMEJZaHBrRk1YSTlzaUdOcTBsN3VuSUEyVDJmYklhVkdTOWJkOWdlNTl4cHFGUEEwT3BFU1hSSGstMGdEZ1dTWmlYLWJTMDJjVmdESDZvUmxHYjBjSUtLQzlnQ0I2Qlk4QUNHYjI1dzJ5clg4R1FZWjV2VEJVdkJhMVNqelgxbTRWVE91MkpiTHdiYU9VRG54ZlZwcTM4LVhTcDNwSWU3S2tYWndyUGFKaEZkUTFJUlRpQ2x2NDVHSW1kOXNl?oc=5\" target=\"_blank\" rel=\"nofollow noopener\">Pal\u00e1t s Rittichem maj\u00ed v Islanders nov\u00e9ho tren\u00e9ra. Brank\u00e1\u0159skou legendu st\u0159\u00edd\u00e1 DeBoer<\/a>&nbsp;&nbsp;Livesport<a href=\"https:\/\/news.google.com\/rss\/articles\/CBMiqgFBVV95cUxQLVJwSUIxaDZiMDFfNXNoNEM4bERZRmNoS1lZSUN6TWZTbzlsQzl6dDFLVm5JbmhaQ00wNVJydE9pZ2VCbG1YZ09XcTNMVHdVamNBc2JNM2FSU0FrNUVta0NoOUp0eUw1eTR1bUNwX2tTWnoxQzlVWGFhQTdpaDhKcmlqT25RazZVVVBTWXVIb2FiTE9HS08yMDF1LW1LNXI5VzRMYjFkVnhwUQ?oc=5\" target=\"_blank\" rel=\"nofollow noopener\">Rittich s Pal\u00e1tem maj\u00ed nov\u00e9ho tren\u00e9ra. Islanders dali pad\u00e1ka legend\u011b<\/a>&nbsp;&nbsp;tn.nova.cz<\/p>\n","protected":false},"excerpt":{"rendered":"NHL | Rittich s Pal\u00e1tem maj\u00ed v Islanders nov\u00e9ho tren\u00e9ra&nbsp;&nbsp;Sport.czIslanders propustili tren\u00e9ra Roye, Ritticha s Pal\u00e1tem m\u00e1 dostat&hellip;\n","protected":false},"author":2,"featured_media":46405,"comment_status":"","ping_status":"","sticky":false,"template":"","format":"standard","meta":{"footnotes":"","_share_on_mastodon":"0"},"categories":[15],"tags":[16213,29,16214,1553,449,94,93],"class_list":["post-46404","post","type-post","status-publish","format-standard","has-post-thumbnail","category-sport","tag-david-rittich","tag-hokej","tag-new-york-islanders","tag-nhl","tag-ondrej-palat","tag-sport","tag-sports"],"share_on_mastodon":{"url":"https:\/\/pubeurope.com\/@cz\/116353684048909562","error":""},"_links":{"self":[{"href":"https:\/\/www.europesays.com\/cz\/wp-json\/wp\/v2\/posts\/46404","targetHints":{"allow":["GET"]}}],"collection":[{"href":"https:\/\/www.europesays.com\/cz\/wp-json\/wp\/v2\/posts"}],"about":[{"href":"https:\/\/www.europesays.com\/cz\/wp-json\/wp\/v2\/types\/post"}],"author":[{"embeddable":true,"href":"https:\/\/www.europesays.com\/cz\/wp-json\/wp\/v2\/users\/2"}],"replies":[{"embeddable":true,"href":"https:\/\/www.europesays.com\/cz\/wp-json\/wp\/v2\/comments?post=46404"}],"version-history":[{"count":0,"href":"https:\/\/www.europesays.com\/cz\/wp-json\/wp\/v2\/posts\/46404\/revisions"}],"wp:featuredmedia":[{"embeddable":true,"href":"https:\/\/www.europesays.com\/cz\/wp-json\/wp\/v2\/media\/46405"}],"wp:attachment":[{"href":"https:\/\/www.europesays.com\/cz\/wp-json\/wp\/v2\/media?parent=46404"}],"wp:term":[{"taxonomy":"category","embeddable":true,"href":"https:\/\/www.europesays.com\/cz\/wp-json\/wp\/v2\/categories?post=46404"},{"taxonomy":"post_tag","embeddable":true,"href":"https:\/\/www.europesays.com\/cz\/wp-json\/wp\/v2\/tags?post=46404"}],"curies":[{"name":"wp","href":"https:\/\/api.w.org\/{rel}","templated":true}]}}