{"id":46490,"date":"2026-04-05T20:59:09","date_gmt":"2026-04-05T20:59:09","guid":{"rendered":"https:\/\/www.europesays.com\/cz\/46490\/"},"modified":"2026-04-05T20:59:09","modified_gmt":"2026-04-05T20:59:09","slug":"finale-batovo-mesto-po-roce-hosti-boje-o-baraz-berani-a-dukla-jsou-si-prozatim-rovni","status":"publish","type":"post","link":"https:\/\/www.europesays.com\/cz\/46490\/","title":{"rendered":"FIN\u00c1LE: Ba\u0165ovo m\u011bsto po roce host\u00ed boje o bar\u00e1\u017e! Berani a Dukla jsou si prozat\u00edm rovni"},"content":{"rendered":"<p>\n\t\t\t\t\t\tDnes | Michal Kobyl\u00edk\n\t\t\t\t\t<\/p>\n<p>\n\t\t\t\t\t\t\u00davodn\u00ed \u010d\u00e1st leto\u0161n\u00edho fin\u00e1le MAXA ligy v jihlavsk\u00e9 Hor\u00e1ck\u00e9 ar\u00e9n\u011b p\u0159inesla dva v\u00fdsledkov\u011b zcela odli\u0161n\u00e9 z\u00e1pasy. Zat\u00edmco ten ve \u010dtvrte\u010dn\u00ed skon\u010dil dom\u00e1c\u00edm triumfem, v p\u00e1tek se Zl\u00edn skv\u011bl\u00fdm v\u00fdkonem vr\u00e1til do hry a srovnal stav s\u00e9rie. Nyn\u00ed je na programu dvojice utk\u00e1n\u00ed v Trinity Bank Ar\u00e9n\u011b Lu\u010fka \u010cajky s poutav\u00fdm doprovodn\u00fdm programem v tradi\u010dn\u00ed beran\u00ed fanz\u00f3n\u011b! Oba z\u00e1pasy za\u010d\u00ednaj\u00ed v 17:00, fanz\u00f3na bude otev\u0159ena od 15:30!\n\t\t\t\t\t<\/p>\n<p>\t\t\t\t\tFin\u00e1lov\u00e1 beran\u00ed fanz\u00f3na<\/p>\n<p>K v\u00fdjime\u010dn\u00e9 s\u00e9rii pat\u0159\u00ed v\u00fdjime\u010dn\u00e9 z\u00e1zem\u00ed pro v\u0161echny n\u00e1v\u0161t\u011bvn\u00edky Trinity Bank Ar\u00e9ny Lu\u010fka \u010cajky! Po oba z\u00e1pasy budou ke zhl\u00e9dnut\u00ed dal\u0161\u00ed ze s\u00e9rie v\u00fdstav origin\u00e1ln\u00edch zl\u00ednsk\u00fdch dres\u016f \u2013 ta pond\u011bln\u00ed nese n\u00e1zev \u201eHrdinov\u00e9 fin\u00e1le\u201c, v \u00fater\u00fd pak \u201eZl\u00edn\u0161t\u00ed na draftu\u201c!&#13;\n<\/p>\n<p>Na Velikono\u010dn\u00ed pond\u011bl\u00ed se mohou fanou\u0161ci Beran\u016f mimo jin\u00e9 t\u011b\u0161it na autogrami\u00e1du dvou slavn\u00fdch zl\u00ednsk\u00fdch matador\u016f Jaroslava Bala\u0161t\u00edka a Miroslava Ok\u00e1la! Autogrami\u00e1da prob\u011bhne ve fanz\u00f3n\u011b od 15:30 do 16:35.&#13;\n<\/p>\n<p>A p\u0159est\u00e1vkov\u00e9 sout\u011b\u017ee? V pond\u011bl\u00ed hokejov\u00fd kv\u00edz a hod pukem s Trinity Bank, v \u00fater\u00fd pak st\u0159elba na br\u00e1nu s maskotem Beranem a obl\u00edben\u00e1 tombola a Tref Jackpot s DATARTEM!&#13;\n<\/p>\n<p><a href=\"https:\/\/vstupenky.beranizlin.cz\/event\/RI-OKNA-Berani-Zlin-HC-Dukla-Jihlava?imedium=timeline\" rel=\"nofollow noopener\" target=\"_blank\"><img decoding=\"async\" src=\"https:\/\/www.europesays.com\/cz\/wp-content\/uploads\/2026\/03\/Vstupenky-Clanek-2026.jpg\" alt=\"\"\/><\/a>&#13;\n<\/p>\n<p>Ohl\u00e9dnut\u00ed za jihlavskou kapitolou fin\u00e1le<\/p>\n<p>Jak u\u017e b\u00fdv\u00e1 v play-off zvykem,&#13;<br \/>\ndva \u00favodn\u00ed duely t\u011b\u017eko celkov\u011b srovnat. V prvn\u00edm duelu se Berani dlouho&#13;<br \/>\nhledali a b\u011bhem druh\u00e9 t\u0159etiny vedla Dukla u\u017e 4:0! &#13;<br \/>\n\tDaniela Hufa vyst\u0159\u00eddal&#13;<br \/>\nv brankovi\u0161ti poprv\u00e9 po dvou m\u011bs\u00edc\u00edch &#13;<br \/>\n\tMarek \u010ciliak a Zl\u00edn to vzal&#13;<br \/>\njako impuls \u2013 ve druh\u00e9 t\u0159etin\u011b dom\u00e1c\u00ed p\u0159est\u0159\u00edlel, ale vedlo to jen&#13;<br \/>\nk \u00faprav\u011b sk\u00f3re na 1:4, v posledn\u00ed period\u011b Jihlava rozhodla o sv\u00e9m&#13;<br \/>\nprvn\u00edm v\u00edt\u011bzstv\u00ed v s\u00e9rii.&#13;\n<\/p>\n<p>\t\u201eOd p\u0159edkola m\u00e1me potvrzeno, \u017ee v mu\u017estvu je s\u00edla. Potvrdilo se v s\u00e9rii se Slavi\u00ed, potom i s Kol\u00ednem, i kdy\u017e to byly t\u011b\u017ek\u00e9 z\u00e1pasy. Te\u010f m\u00e1me proti sob\u011b Jihlavu, z jejich ledu se vrac\u00edme za vyrovnan\u00e9ho stavu, do dal\u0161\u00edch z\u00e1pas\u016f je to v\u00fdborn\u00e1 startovac\u00ed \u010d\u00e1ra.&#8220;<\/p>\n<p>Richard Jar\u016f\u0161ek, \u00fato\u010dn\u00edk RI OKNA Berani Zl\u00edn&#13;\n\t<\/p>\n<p>P\u00e1te\u010dn\u00ed z\u00e1pas byl drav\u011bj\u0161\u00ed, v\u00edce&#13;<br \/>\nst\u0159el si vy\u017e\u00e1dalo &#13;<br \/>\n\tv\u00edce blok\u016f, v \u010dem\u017e byli Berani \u00fasp\u011b\u0161n\u011bj\u0161\u00ed,&#13;<br \/>\nz celkov\u00e9ho po\u010dtu &#13;<br \/>\n\t12 vylou\u010den\u00ed vze\u0161ly 3 p\u0159esilovkov\u00e9 g\u00f3ly, jeden&#13;<br \/>\njihlavsk\u00fd a dva zl\u00ednsk\u00e9. Ve zl\u00ednsk\u00e9 br\u00e1n\u011b z\u016fstal \u010ciliak a Jihlava musela&#13;<br \/>\nst\u0159\u00eddat sv\u00e9 brank\u00e1\u0159e b\u011bhem druh\u00e9 t\u0159etiny, kdy po zran\u011bn\u00ed \u0161estadvacetilet\u00e9ho &#13;<br \/>\n\tAdama&#13;<br \/>\nBerana&#13;<br \/>\n\t nastoupil stejn\u011b mlad\u00fd rusk\u00fd g\u00f3lman Maxim Zhukov se zn\u00e1mou&#13;<br \/>\nvset\u00ednskou minulost\u00ed. Zl\u00edn\u0161t\u00ed toho vyu\u017eili a sk\u00f3re 2:1 z prvn\u00ed t\u0159etiny&#13;<br \/>\nupravili do t\u0159\u00edg\u00f3lov\u00e9ho n\u00e1skoku! Trefa v \u00favodu t\u0159et\u00ed periody na okam\u017eik&#13;<br \/>\nvr\u00e1tila dom\u00e1c\u00ed do hry, vz\u00e1p\u011bt\u00ed ale host\u00e9 ve \u017elutomodr\u00e9m vedli 5:2 a ani&#13;<br \/>\nz\u00e1v\u011bre\u010dn\u00fd tlak Dukly u\u017e zvrat nep\u0159inesl. Berani po g\u00f3lu do odkryt\u00e9 klece&#13;<br \/>\nvyhr\u00e1li 6:3.&#13;\n<\/p>\n<p>\t\t\u201eEgo nech\u00e1v\u00e1me doma, je n\u00e1m jedno, kdo d\u00e1 g\u00f3l, pracujeme jeden za jednoho, mak\u00e1me pro t\u00fdm. Atmosf\u00e9ra ve Zl\u00edn\u011b je neskute\u010dn\u00e1, osobn\u011b to srovn\u00e1m s tou brn\u011bnskou, kdy\u017e jsem loni hr\u00e1l za Kometu. Kone\u010dn\u011b pozn\u00e1v\u00e1m ten pocit jako zl\u00ednsk\u00fd hr\u00e1\u010d.\u201c<\/p>\n<p>Tom\u00e1\u0161 Rach\u016fnek, \u00fato\u010dn\u00edk RI OKNA Berani Zl\u00edn&#13;\n\t\t<\/p>\n<p>Jak vidno, Berani a Dukla jsou si rovni&#13;<br \/>\nve st\u0159eleck\u00e9 aktivit\u011b&#13;<br \/>\n\t\t i v p\u0159esnosti na buly. Zl\u00ednsk\u00fd celek&#13;<br \/>\nplat\u00ed st\u00e1le za &#13;<br \/>\n\t\tdefenzivn\u011bj\u0161\u00ed t\u00fdm s ob\u011btav\u00fdmi bloka\u0159i, ale i tam&#13;<br \/>\ndok\u00e1\u017e\u00ed Vyso\u010dan\u00e9 dr\u017eet krok, v prvn\u00edm utk\u00e1n\u00ed zhatili v\u00edce st\u0159el ne\u017e ho\u0161i od&#13;<br \/>\nD\u0159evnice, i kdy\u017e byl po\u010det pokus\u016f t\u00e9m\u011b\u0159 srovnateln\u00fd. Naplno ve fin\u00e1lov\u00e9m boji&#13;<br \/>\njsou ji\u017e &#13;<br \/>\n\t\tv\u0161ichni \u010dty\u0159i g\u00f3lmani, co\u017e potvrdilo perfektn\u00ed p\u0159ipravenost&#13;<br \/>\nobou brank\u00e1\u0159sk\u00fdch dvojek.&#13;\n\t<\/p>\n<p>L\u00edd\u0159i fin\u00e1lov\u00fdch statistik<\/p>\n<p>Ve zl\u00ednsk\u00e9m k\u00e1dru jsou ji\u017e body ze&#13;<br \/>\nz\u00e1pas\u016f rozd\u011bleny mezi v\u0161echny lajny, tou dominantn\u00ed v\u0161ak z\u016fst\u00e1v\u00e1 velezku\u0161en\u00e1&#13;<br \/>\nprvn\u00ed \u00fato\u010dn\u00e1 linie kapit\u00e1na &#13;<br \/>\n\t\tPetra Hol\u00edka s Richardem Jar\u016f\u0161kem&#13;<br \/>\n\t\ta Tom\u00e1\u0161em Rach\u016fnkem na k\u0159\u00eddlech \u2013 toto trio Zl\u00ednu v play-off&#13;<br \/>\np\u0159ineslo ji\u017e &#13;<br \/>\n\t\t12 g\u00f3l\u016f! Jejich hlavn\u00edmi konkurenty v bord\u00f3 dresu&#13;<br \/>\nDukly jsou aktivn\u00ed mlad\u00edci &#13;<br \/>\n\t\tMarcel \u0160tefan\u010d\u00edk s Matou\u0161em Men\u0161\u00edkem&#13;<br \/>\n\t\ta tak\u00e9 jihlavsk\u00e1 st\u00e1lice Tom\u00e1\u0161 Harkabus. Z obrann\u00fdch lini\u00ed pak&#13;<br \/>\nhroz\u00ed produktivn\u00ed bek &#13;<br \/>\n\t\tJan Strej\u010dek.&#13;\n\t<\/p>\n<p>\t\t\u201eS\u00e9rie m\u016f\u017ee b\u00fdt dlouh\u00e1, na sedm z\u00e1pas\u016f. Chceme vyhr\u00e1t, ale za\u010d\u00edn\u00e1me venku, mus\u00edme v\u00edt\u011bzit tedy i na led\u011b soupe\u0159e. To se n\u00e1m v p\u00e1tek poda\u0159ilo a srovnali jsme stav s\u00e9rie. Hufino m\u00e1 za sebou zhruba 17 play-off utk\u00e1n\u00ed, ze \u010dtvrte\u010dn\u00ed prohry ho samoz\u0159ejm\u011b nikdo nevin\u00ed\u2026rozhodli jsme se v p\u00e1tek nasadit \u010cila, je to tren\u00e9rsk\u00e1 volba a jsme spokojen\u00ed, \u017ee vy\u0161la.\u201c<\/p>\n<p>Richard Kapu\u0161, asistent tren\u00e9ra A-t\u00fdmu RI OKNA Berani Zl\u00edn&#13;\n\t\t<\/p>\n<p>V defenziv\u011b si konkuruj\u00ed dv\u011b dvojice elitn\u00edch bloka\u0159\u016f \u2013 proti V\u00e1clavu Veberovi a Janu \u0160tibingrovi stoj\u00ed v\u0161estrann\u00fd Filip Dund\u00e1\u010dek a jihlavsk\u00fd odchovanec Luk\u00e1\u0161 Mare\u0161. Jak u\u017e bylo \u0159e\u010deno, v brankovi\u0161t\u00edch bojovali v\u0161ichni \u010dty\u0159i fin\u00e1lov\u00ed brank\u00e1\u0159i, je\u0161t\u011b se v\u0161ak \u010dek\u00e1 na konfrontaci Hufa se Zhukovem, tito maskovan\u00ed bojovn\u00edci spolu byli na led\u011b naposled v prosinci.&#13;\n\t\t<\/p>\n<p>3. utk\u00e1n\u00ed fin\u00e1le MAXA ligy mezi&#13;<br \/>\nRI OKNA Berani Zl\u00edn a HC Dukla Jihlava se odehraje z\u00edtra od 17:00 ve zl\u00ednsk\u00e9&#13;<br \/>\nTrinity Bank Ar\u00e9n\u011b Lu\u010fka \u010cajky, 4. utk\u00e1n\u00ed se odehraje tamt\u00e9\u017e o den pozd\u011bji&#13;<br \/>\nv tent\u00fd\u017e \u010das. Beran\u00ed fanz\u00f3na otev\u00edr\u00e1 v 15:30!&#13;<br \/>\n\t\t\t&#13;\n\t\t<\/p>\n<p>\tStatistiky t\u00fdm\u016f p\u0159ed fin\u00e1le play-off<\/p>\n","protected":false},"excerpt":{"rendered":"Dnes | Michal Kobyl\u00edk \u00davodn\u00ed \u010d\u00e1st leto\u0161n\u00edho fin\u00e1le MAXA ligy v jihlavsk\u00e9 Hor\u00e1ck\u00e9 ar\u00e9n\u011b p\u0159inesla dva v\u00fdsledkov\u011b zcela&hellip;\n","protected":false},"author":2,"featured_media":46491,"comment_status":"","ping_status":"","sticky":false,"template":"","format":"standard","meta":{"footnotes":"","_share_on_mastodon":"0"},"categories":[15],"tags":[2659,3529,2657,29,3530,94,93,2564],"class_list":["post-46490","post","type-post","status-publish","format-standard","has-post-thumbnail","category-sport","tag-extraliga-cr","tag-hc-psg-zlin","tag-hockey","tag-hokej","tag-hokej-ve-zline","tag-sport","tag-sports","tag-zlin"],"share_on_mastodon":{"url":"https:\/\/pubeurope.com\/@cz\/116354112809319711","error":""},"_links":{"self":[{"href":"https:\/\/www.europesays.com\/cz\/wp-json\/wp\/v2\/posts\/46490","targetHints":{"allow":["GET"]}}],"collection":[{"href":"https:\/\/www.europesays.com\/cz\/wp-json\/wp\/v2\/posts"}],"about":[{"href":"https:\/\/www.europesays.com\/cz\/wp-json\/wp\/v2\/types\/post"}],"author":[{"embeddable":true,"href":"https:\/\/www.europesays.com\/cz\/wp-json\/wp\/v2\/users\/2"}],"replies":[{"embeddable":true,"href":"https:\/\/www.europesays.com\/cz\/wp-json\/wp\/v2\/comments?post=46490"}],"version-history":[{"count":0,"href":"https:\/\/www.europesays.com\/cz\/wp-json\/wp\/v2\/posts\/46490\/revisions"}],"wp:featuredmedia":[{"embeddable":true,"href":"https:\/\/www.europesays.com\/cz\/wp-json\/wp\/v2\/media\/46491"}],"wp:attachment":[{"href":"https:\/\/www.europesays.com\/cz\/wp-json\/wp\/v2\/media?parent=46490"}],"wp:term":[{"taxonomy":"category","embeddable":true,"href":"https:\/\/www.europesays.com\/cz\/wp-json\/wp\/v2\/categories?post=46490"},{"taxonomy":"post_tag","embeddable":true,"href":"https:\/\/www.europesays.com\/cz\/wp-json\/wp\/v2\/tags?post=46490"}],"curies":[{"name":"wp","href":"https:\/\/api.w.org\/{rel}","templated":true}]}}