{"id":47026,"date":"2026-04-06T14:29:13","date_gmt":"2026-04-06T14:29:13","guid":{"rendered":"https:\/\/www.europesays.com\/cz\/47026\/"},"modified":"2026-04-06T14:29:13","modified_gmt":"2026-04-06T14:29:13","slug":"praha-loni-investovala-do-obnovy-vodohospodarske-infrastruktury-temer-39-miliardy-korun","status":"publish","type":"post","link":"https:\/\/www.europesays.com\/cz\/47026\/","title":{"rendered":"Praha loni investovala do obnovy vodohospod\u00e1\u0159sk\u00e9 infrastruktury t\u00e9m\u011b\u0159 3,9 miliardy korun"},"content":{"rendered":"<p>\u00dast\u0159edn\u00ed \u010dist\u00edrna odpadn\u00edch vod. Foto: archiv <\/p>\n<p>\nRada hl. m. Prahy ned\u00e1vno projednala pln\u011bn\u00ed Pl\u00e1nu obnovy vodohospod\u00e1\u0159sk\u00e9 infrastruktury zaji\u0161\u0165ovan\u00e9 Pra\u017eskou vodohospod\u00e1\u0159skou spole\u010dnost\u00ed (PVS) za obdob\u00ed od 1.\u00a0ledna do 31.\u00a0prosince 2025.\u00a0Metropole za toto obdob\u00ed prost\u0159ednictv\u00edm zm\u00edn\u011bn\u00e9 m\u011bstsk\u00e9 spole\u010dnosti investovalo do obnovy vodovod\u016f, kanalizac\u00ed a dal\u0161\u00edch d\u016fle\u017eit\u00fdch \u010d\u00e1st\u00ed vodohospod\u00e1\u0159sk\u00e9 infrastruktury na \u00fazem\u00ed metropole celkem 3,9\u00a0miliardy\u00a0korun.\n<\/p>\n<p>\u201eP\u0159edstavuje to v\u00edce ne\u017e 90\u00a0procent pl\u00e1novan\u00fdch prost\u0159edk\u016f. Tyto investice financovan\u00e9 z\u00a0vodn\u00e9ho a sto\u010dn\u00e9ho sm\u011b\u0159uj\u00ed p\u0159edev\u0161\u00edm do obnovy vodovod\u016f, kanalizac\u00ed a dal\u0161\u00edch kl\u00ed\u010dov\u00fdch \u010d\u00e1st\u00ed m\u011bstsk\u00e9 infrastruktury,\u201c uvedl n\u00e1m\u011bstek prim\u00e1tora Prahy pro oblast infrastruktury Michal Hroza (TOP 09). Podle n\u011bj byl pl\u00e1n investic napln\u011bn na sto procent.<\/p>\n<p>Obnova vodohospod\u00e1\u0159sk\u00e9 infrastruktury zahrnuje akce, kter\u00e9 jsou financovan\u00e9 z\u00a0p\u0159\u00edjm\u016f za vodn\u00e9 a sto\u010dn\u00e9, a vych\u00e1z\u00ed z\u00a0Ro\u010dn\u00edho pl\u00e1nu obnovy, rekonstrukce, modernizace a rozvoje vodohospod\u00e1\u0159sk\u00e9ho majetku zaji\u0161\u0165ovan\u00e9ho PVS na rok 2025\u00a0\u2013 kone\u010dn\u00e9ho n\u00e1vrhu, kter\u00fd schv\u00e1lilo veden\u00ed hlavn\u00edho m\u011bsta loni v\u00a0dubnu.<\/p>\n<p>Celkov\u00e9 pl\u00e1novan\u00e9 n\u00e1klady na investice na rok 2025\u00a0\u010dinily 4,3\u00a0miliardy korun. Finan\u010dn\u00ed zdroje na tyto investice vych\u00e1zely z\u00a0v\u00fd\u0161e vodn\u00e9ho a sto\u010dn\u00e9ho na lo\u0148sk\u00fd rok, d\u00e1le byly finan\u010dn\u00ed zdroje nav\u00fd\u0161eny o\u00a0dotaci od St\u00e1tn\u00edho fondu \u017eivotn\u00edho prost\u0159ed\u00ed \u010cesk\u00e9 republiky v\u00a0p\u0159edpokl\u00e1dan\u00e9 v\u00fd\u0161i 18,2\u00a0milionu korun a o\u00a0p\u0159evod nevy\u010derpan\u00fdch finan\u010dn\u00edch prost\u0159edk\u016f z\u00a0n\u00e1jemn\u00e9ho z\u00a0p\u0159edchoz\u00edch let ve v\u00fd\u0161i 671,2\u00a0milionu\u00a0korun.<\/p>\n<p>\u00a0<\/p>\n","protected":false},"excerpt":{"rendered":"\u00dast\u0159edn\u00ed \u010dist\u00edrna odpadn\u00edch vod. Foto: archiv Rada hl. m. Prahy ned\u00e1vno projednala pln\u011bn\u00ed Pl\u00e1nu obnovy vodohospod\u00e1\u0159sk\u00e9 infrastruktury zaji\u0161\u0165ovan\u00e9&hellip;\n","protected":false},"author":2,"featured_media":47027,"comment_status":"","ping_status":"","sticky":false,"template":"","format":"standard","meta":{"footnotes":"","_share_on_mastodon":"0"},"categories":[30],"tags":[17837,98,99,17835,17836],"class_list":["post-47026","post","type-post","status-publish","format-standard","has-post-thumbnail","category-praha","tag-infrestruktura","tag-prague","tag-praha","tag-pvs","tag-vodohospodarske"],"share_on_mastodon":{"url":"https:\/\/pubeurope.com\/@cz\/116358241768961605","error":""},"_links":{"self":[{"href":"https:\/\/www.europesays.com\/cz\/wp-json\/wp\/v2\/posts\/47026","targetHints":{"allow":["GET"]}}],"collection":[{"href":"https:\/\/www.europesays.com\/cz\/wp-json\/wp\/v2\/posts"}],"about":[{"href":"https:\/\/www.europesays.com\/cz\/wp-json\/wp\/v2\/types\/post"}],"author":[{"embeddable":true,"href":"https:\/\/www.europesays.com\/cz\/wp-json\/wp\/v2\/users\/2"}],"replies":[{"embeddable":true,"href":"https:\/\/www.europesays.com\/cz\/wp-json\/wp\/v2\/comments?post=47026"}],"version-history":[{"count":0,"href":"https:\/\/www.europesays.com\/cz\/wp-json\/wp\/v2\/posts\/47026\/revisions"}],"wp:featuredmedia":[{"embeddable":true,"href":"https:\/\/www.europesays.com\/cz\/wp-json\/wp\/v2\/media\/47027"}],"wp:attachment":[{"href":"https:\/\/www.europesays.com\/cz\/wp-json\/wp\/v2\/media?parent=47026"}],"wp:term":[{"taxonomy":"category","embeddable":true,"href":"https:\/\/www.europesays.com\/cz\/wp-json\/wp\/v2\/categories?post=47026"},{"taxonomy":"post_tag","embeddable":true,"href":"https:\/\/www.europesays.com\/cz\/wp-json\/wp\/v2\/tags?post=47026"}],"curies":[{"name":"wp","href":"https:\/\/api.w.org\/{rel}","templated":true}]}}