{"id":47583,"date":"2026-04-07T07:06:12","date_gmt":"2026-04-07T07:06:12","guid":{"rendered":"https:\/\/www.europesays.com\/cz\/47583\/"},"modified":"2026-04-07T07:06:12","modified_gmt":"2026-04-07T07:06:12","slug":"ceska-hygiena-v-rozkladu-jsme-na-tom-hur-nez-pred-pandemii-covidu","status":"publish","type":"post","link":"https:\/\/www.europesays.com\/cz\/47583\/","title":{"rendered":"\u010cesk\u00e1 hygiena v\u00a0rozkladu. \u201eJsme na tom h\u016f\u0159 ne\u017e p\u0159ed pandemi\u00ed covidu\u201c"},"content":{"rendered":"<p class=\"e_bV\">Anal\u00fdzu si tak\u00e9 m\u016f\u017eete poslechnout v\u00a0audioverzi.<\/p>\n<p class=\"e_bV\">Nedostatek pen\u011bz na z\u00e1kladn\u00ed provoz hygienick\u00fdch stanic. M\u00e1lo l\u00e9ka\u0159\u016f. Rozt\u0159\u00ed\u0161t\u011bnost syst\u00e9mu ochrany ve\u0159ejn\u00e9ho zdrav\u00ed.<\/p>\n<p class=\"e_bV\">\u0160est let po vypuknut\u00ed pandemie covidu-19\u00a0se p\u0159edn\u00ed hygienici v\u00a0zemi shoduj\u00ed, \u017ee pokud by ve sv\u011bt\u011b propukla n\u00e1kaza novou formou viru, byli bychom na tom je\u0161t\u011b h\u016f\u0159 ne\u017e v\u00a0roce 2020.<\/p>\n<p class=\"e_bV\">Hygienick\u00e9 stanice, kl\u00ed\u010dov\u00fd org\u00e1n ochrany ve\u0159ejn\u00e9ho zdrav\u00ed, maj\u00ed letos na provoz o\u00a0v\u00edce ne\u017e 30\u00a0procent m\u00e9n\u011b ne\u017e loni. Oproti roku 2019\u00a0jde o\u00a0pokles o\u00a0v\u00edce ne\u017e 60\u00a0procent.<\/p>\n<p>\u201eVyjdeme tak do z\u00e1\u0159\u00ed\u201c<\/p>\n<p class=\"e_bV\">\u201eJsme te\u010f v\u00a0podstat\u011b za hranic\u00ed mo\u017en\u00e9ho. T\u00e9m\u011b\u0159 t\u0159etinu aut jsme odstavili. Budeme zam\u011bstnance rozv\u00e1\u017eet na kontroly ve v\u011bt\u0161\u00edm po\u010dtu. T\u00edm ale ztrat\u00edme v\u00edce \u010dasu,\u201c \u0159\u00edk\u00e1 \u0159editel Krajsk\u00e9 hygienick\u00e9 stanice Jihomoravsk\u00e9ho kraje David K\u0159iv\u00e1nek.<\/p>\n<p class=\"e_bV\">Jeho stanice dostala loni 17\u00a0milion\u016f korun na provoz. Letos mus\u00ed vyj\u00edt s\u00a0deseti. P\u0159itom je\u0161t\u011b v\u00a0roce 2019\u00a0m\u011bli na provoz 24\u00a0milion\u016f. \u201eHroz\u00ed, \u017ee nebudeme m\u00edt za co vyjet, budeme muset uzav\u0159\u00edt n\u011bkter\u00e9 budovy a\u00a0lidi poslat na p\u0159ek\u00e1\u017eky. Nebude mo\u017en\u00e9 d\u011blat z\u00e1kladn\u00ed opravy budov. Vyj\u00edt bychom mohli tak do z\u00e1\u0159\u00ed, ale t\u011b\u017eko p\u0159edpov\u00eddat,\u201c \u0159\u00edk\u00e1 K\u0159iv\u00e1nek.<\/p>\n<p class=\"e_bV\">Kdy\u017e K\u0159iv\u00e1nek nastupoval p\u0159ed v\u00edce ne\u017e dvaceti lety, m\u011bla Krajsk\u00e1 hygienick\u00e1 stanice 380\u00a0lid\u00ed. To bylo je\u0161t\u011b p\u0159ed slou\u010den\u00edm s\u00a0okresn\u00edmi hygienami. Dnes m\u00e1 dohromady 250\u00a0zam\u011bstnanc\u016f. \u201eKa\u017ed\u00fd m\u011bs\u00edc podepisuji jednu a\u017e dv\u011b v\u00fdpov\u011bdi lid\u00ed, kter\u00e9 bych tu r\u00e1d m\u011bl. Neust\u00e1le n\u011bkoho zau\u010dujeme a\u00a0t\u00edm ztr\u00e1c\u00edme hodn\u011b energie,\u201c \u0159\u00edk\u00e1 K\u0159iv\u00e1nek.<\/p>\n<p class=\"e_bV\">Pr\u016fm\u011brn\u00fd plat v\u00a0hygienick\u00e9 slu\u017eb\u011b je 43\u00a0tis\u00edc korun hrub\u00e9ho. L\u00e9ka\u0159\u016f, kter\u00e9 hygiena pot\u0159ebuje, m\u00e1 K\u0159iv\u00e1nek jen v\u00a0\u0159\u00e1du jednotek. A\u00a0v\u011bt\u0161inu u\u017e v\u00a0pokro\u010dil\u00e9m v\u011bku. Celkov\u011b je v\u011bkov\u00fd pr\u016fm\u011br v\u0161ech jeho zam\u011bstnanc\u016f 55\u00a0let.<\/p>\n<p class=\"e_bV\">Kdy\u017e ministr Adam Vojt\u011bch (za ANO) sed\u011bl ve stejn\u00e9m k\u0159esle b\u011bhem pandemie covidu-19, sliboval hygien\u00e1m, kter\u00e9 si dlouhodob\u011b st\u011b\u017eovaly na nedostatek zam\u011bstnanc\u016f, 140\u00a0lid\u00ed nav\u00edc. Tehdy je dostaly. Jen\u017ee b\u011bhem p\u016fsoben\u00ed minul\u00e9ho ministra Vlastimila V\u00e1lka (TOP 09) o\u00a0n\u011b zase p\u0159i\u0161ly.<\/p>\n<p class=\"e_bV\">U\u017e tehdy se za\u010daly tak\u00e9 sni\u017eovat pen\u00edze na provoz. \u201eZa posledn\u00ed \u010dty\u0159i roky p\u0159i\u0161ly hygieny o\u00a01,2\u00a0miliardy korun. S\u00a0takov\u00fdm poklesem financov\u00e1n\u00ed se nejvy\u0161\u0161\u00ed mo\u017en\u00e1 kvalita udr\u017eet ned\u00e1,\u201c \u0159\u00edk\u00e1 poradce ministra Adama Vojt\u011bcha Rastislav Ma\u010far.<\/p>\n<p class=\"e_bV\">Ma\u010far na Ministerstvu zdravotnictv\u00ed vede t\u00fdm, kter\u00fd od ledna p\u0159ipravuje reformu ochrany ve\u0159ejn\u00e9ho zdrav\u00ed. Zdravotn\u00ed \u00fastavy a\u00a0hygienick\u00e9 stanice by se m\u011bly slou\u010dit pod centr\u00e1ln\u00ed \u00fa\u0159ad, kter\u00fd bude p\u0159\u00edmo pod\u0159\u00edzen vl\u00e1d\u011b. Pr\u00e1v\u011b Ma\u010far pro Seznam Zpr\u00e1vy popsal sou\u010dasn\u00fd stav hygienick\u00e9 slu\u017eby jako \u201ev rozkladu\u201c, s\u00a0nedostatkem lid\u00ed i\u00a0pen\u011bz.<\/p>\n<p><img fetchpriority=\"high\" height=\"1333\"   width=\"2000\" src=\"https:\/\/www.europesays.com\/cz\/wp-content\/uploads\/2026\/04\/RLGd.jpeg\" loading=\"eager\" decoding=\"sync\" class=\"e_aa e_Z\"\/>Foto: David Neff<\/p>\n<p class=\"e_bV\">Rastislav Ma\u010far.<\/p>\n<p class=\"e_bV\">Jen\u017ee pokles provozn\u00edch prost\u0159edk\u016f pro hygieny sou\u010dasn\u00e1 vl\u00e1da nezastavila. Naopak ho prohloubila. \u201eDozv\u011bd\u011bl jsem se to v\u00a0lednu a\u00a0tak\u00e9 jsem byl nemile p\u0159ekvapen\u00fd. Tak velk\u00e1 redukce financ\u00ed na provoz p\u0159i u\u017e tak v\u00fdrazn\u00e9m sn\u00ed\u017een\u00ed rozpo\u010dtu samoz\u0159ejm\u011b k\u00a0ni\u010demu dobr\u00e9mu nevede,\u201c \u0159\u00edk\u00e1 Ma\u010far.<\/p>\n<p>Prymula: Kvalita p\u016fjde dol\u016f<\/p>\n<p class=\"e_bV\">Podle epidemiologa Romana Prymuly je sn\u00ed\u017een\u00ed provozn\u00edch n\u00e1klad\u016f \u0161patnou zpr\u00e1vou. \u201ePokud nem\u00e1m pen\u00edze na provoz, m\u016f\u017eu velmi omezen\u011b vykon\u00e1vat kontroln\u00ed \u010dinnost a\u00a0mus\u00ed se to jednozna\u010dn\u011b projevit na kvalit\u011b,\u201c \u0159\u00edk\u00e1 Prymula.<\/p>\n<p class=\"e_bV\">To u\u017e se podle jednoho z\u00a0\u0159editel\u016f krajsk\u00e9 hygienick\u00e9 stanice, kter\u00fd si nep\u0159\u00e1l zve\u0159ejnit jm\u00e9no, d\u011bje. \u201eV podstat\u011b jedeme po povrchu, nem\u00e1me prostor j\u00edt do hloubky. M\u00e1me tak\u00e9 probl\u00e9m dodr\u017eet z\u00e1konn\u00e9 lh\u016fty,\u201c \u0159\u00edk\u00e1.<\/p>\n<p class=\"e_bV\">Hygieny maj\u00ed nav\u00edc podle n\u011bj vymezenou nedostate\u010dnou \u010d\u00e1stku na testov\u00e1n\u00ed. \u201ePokud v\u00e1m p\u0159ijde st\u00ed\u017enost na hluk, typicky t\u0159eba komunikace nebo dr\u00e1ha, jedno m\u011b\u0159en\u00ed hluku \u0159\u00e1dov\u011b stoj\u00ed 40\u00a0a\u017e 50\u00a0tis\u00edc korun. A\u00a0te\u010f si p\u0159edstavte, \u017ee v\u00e1m p\u0159ijde takov\u00fdch st\u00ed\u017enost\u00ed deset a\u00a0v\u00edte, \u017ee \u010d\u00e1stka, kterou nesm\u00edte p\u0159ekro\u010dit, jsou t\u0159i miliony korun na rok. Mus\u00edme tak\u00e9 testovat nemoci z\u00a0povol\u00e1n\u00ed, typicky svalovou z\u00e1t\u011b\u017e. Takov\u00e9 vy\u0161et\u0159en\u00ed stoj\u00ed 40\u00a0tis\u00edc korun,\u201c dod\u00e1v\u00e1 \u0159editel.<\/p>\n<p><a data-dot=\"mol-article-card-media\" aria-hidden=\"true\" tabindex=\"-1\" href=\"https:\/\/www.seznamzpravy.cz\/clanek\/domaci-zivot-v-cesku-v-ockovani-se-skrtat-nebude-pokud-budu-ministr-rika-vojtech-302198\" class=\"e_n f_lY\" rel=\"nofollow noopener\" target=\"_blank\"><img height=\"2304\"   width=\"4096\" src=\"https:\/\/www.europesays.com\/cz\/wp-content\/uploads\/2026\/03\/1773835090_483_6df7.jpeg\" loading=\"eager\" decoding=\"sync\" class=\"e_aa e_Z\"\/><\/a><\/p>\n<p class=\"e_bV\">Ministerstvo zdravotnictv\u00ed d\u016fvod sn\u00ed\u017een\u00ed ofici\u00e1ln\u011b nevysv\u011btlilo. \u201eProblematika rozpo\u010dtov\u00e9ho ur\u010den\u00ed a\u00a0financov\u00e1n\u00ed krajsk\u00fdch hygienick\u00fdch stanic spad\u00e1 do gesce Ministerstva financ\u00ed jako\u017eto spr\u00e1vce st\u00e1tn\u00edho rozpo\u010dtu,\u201c napsal resort ve sv\u00e9 odpov\u011bdi.<\/p>\n<p class=\"e_bV\">Ministerstvo financ\u00ed p\u0159izn\u00e1v\u00e1, \u017ee stanice dostanou letos o\u00a0n\u011bco v\u00edce na platy, co\u017e se stalo na \u00fakor ostatn\u00edch v\u00fddaj\u016f. Odm\u00edt\u00e1 v\u0161ak, \u017ee by rozhodovalo o\u00a0sn\u00ed\u017een\u00ed provozn\u00edch v\u00fddaj\u016f. \u201eRozhodnut\u00ed bylo v\u00a0kompetenci Ministerstva zdravotnictv\u00ed,\u201c \u0159ekl mluv\u010d\u00ed Ministerstva financ\u00ed Stefan Fous.<\/p>\n<p>Hlavn\u00ed hygieni\u010dka: St\u00e1t se nepou\u010dil<\/p>\n<p class=\"e_bV\">\u201eZat\u00edm to nepoci\u0165ujeme, ale kdy\u017e nebudeme m\u00edt na benzin\u2026\u201c kr\u010d\u00ed rameny \u0159editel Krajsk\u00e9 hygienick\u00e9 stanice Pardubick\u00e9ho kraje Luk\u00e1\u0161 Kristl. I\u00a0on se pot\u00fdk\u00e1 s\u00a0fluktuac\u00ed lid\u00ed, i\u00a0on m\u00e1 jen n\u011bkolik l\u00e9ka\u0159\u016f. \u201e\u010c\u00e1st u\u017e je v\u00a0d\u016fchodov\u00e9m v\u011bku,\u201c p\u0159izn\u00e1v\u00e1 Kristl a\u00a0uzn\u00e1v\u00e1, \u017ee kdyby nyn\u00ed p\u0159i\u0161la pandemie, byla by situace hor\u0161\u00ed ne\u017e b\u011bhem covidu-19.<\/p>\n<p class=\"e_bV\">To ostatn\u011b p\u0159iznala v\u00a0ned\u00e1vn\u00e9m rozhovoru pro Seznam Zpr\u00e1vy i\u00a0hlavn\u00ed hygieni\u010dka Barbora Mackov\u00e1, kter\u00e1 pr\u00e1v\u011b dlouhodob\u00fdm podfinancov\u00e1n\u00edm vysv\u011btlovala opo\u017ed\u011bn\u00e9 varov\u00e1n\u00ed ve\u0159ejnosti p\u0159i ned\u00e1vn\u00e9m stahov\u00e1n\u00ed kontaminovan\u00e9ho kojeneck\u00e9ho ml\u00e9ka.<\/p>\n<p class=\"e_bV\">\u201eMy jsme se bohu\u017eel jako st\u00e1t nepou\u010dili ani z\u00a0pandemie covidu-19.\u00a0I\u00a0tenkr\u00e1t byly p\u0159\u00edsliby, \u017ee se pos\u00edl\u00ed hygienick\u00e1 slu\u017eba, \u017ee se zajist\u00ed, aby m\u011bla dostatek person\u00e1lu, kvalitn\u00ed z\u00e1zem\u00ed. Od t\u00e9 doby je n\u00e1m naopak sni\u017eov\u00e1n rozpo\u010det,\u201c \u0159ekla Mackov\u00e1 a\u00a0dodala: \u201eNepos\u00edlili jsme cel\u00fd syst\u00e9m a\u00a0v t\u00e9hle chv\u00edli bychom byli v\u00a0je\u0161t\u011b slo\u017eit\u011bj\u0161\u00ed situaci, ne\u017e jsme byli b\u011bhem pandemie covidu-19.\u201c<\/p>\n<p class=\"e_bV\">S t\u00edm souhlas\u00ed i\u00a0Prymula. \u201ePerson\u00e1ln\u00ed situace je podle m\u00e9ho hor\u0161\u00ed ne\u017e p\u0159ed covidem, proto\u017ee zejm\u00e9na l\u00e9ka\u0159i ode\u0161li do nemocnic, kde jsou na pozic\u00edch nemocni\u010dn\u00edch hygienik\u016f a\u00a0jsou zaplaceni podstatn\u011b l\u00e9pe ne\u017e v\u00a0syst\u00e9mu ve\u0159ejn\u00e9ho zdrav\u00ed. Tohle nen\u00ed \u0161\u0165astn\u00e1 cesta, dlouhodob\u011b se n\u00e1m to m\u016f\u017ee vymst\u00edt,\u201c \u0159ekl Prymula, kter\u00fd uzn\u00e1v\u00e1, \u017ee st\u00e1t sice zlep\u0161il technologick\u00e9 vybaven\u00ed hygienick\u00fdch stanic, ostatn\u00ed sliby ale podle n\u011bj nesplnil.<\/p>\n<p><img height=\"5401\"   width=\"8102\" src=\"https:\/\/www.europesays.com\/cz\/wp-content\/uploads\/2026\/04\/dsc-9360.jpeg\" loading=\"eager\" decoding=\"sync\" class=\"e_aa e_Z\"\/>Foto: Jan Mihali\u010dek, Seznam Zpr\u00e1vy<\/p>\n<p class=\"e_bV\">Roman Prymula.<\/p>\n<p class=\"e_bV\">Podle Rastislava Ma\u010fara ani zv\u00fd\u0161en\u00ed plat\u016f nebude sta\u010dit. \u201ePlatov\u011b jim pan ministr v\u00a0r\u00e1mci mo\u017enost\u00ed polep\u0161il, ale st\u00e1le to pro zdravotn\u00edky nen\u00ed finan\u010dn\u011b atraktivn\u00ed a\u00a0konkurenceschopn\u00e9 zam\u011bstn\u00e1n\u00ed,\u201c \u0159ekl Ma\u010far.<\/p>\n<p>NK\u00da chyst\u00e1 kontrolu a\u00a0prov\u011b\u0159\u00ed roli ministerstva<\/p>\n<p class=\"e_bV\">Hospoda\u0159en\u00ed hygienick\u00fdch stanic se z\u00e1rove\u0148 ocit\u00e1 pod drobnohledem Nejvy\u0161\u0161\u00edho kontroln\u00edho \u00fa\u0159adu (NK\u00da), kter\u00fd v\u00a0nich po patn\u00e1cti letech chyst\u00e1 prov\u011brku. A\u00a0bude tak\u00e9 zkoumat, jak Ministerstvo zdravotnictv\u00ed jednotliv\u00e9 stanice koordinuje.<\/p>\n<p class=\"e_bV\">\u201eIniciativa vznikla na z\u00e1klad\u011b vlastn\u00ed anal\u00fdzy rizik, kter\u00e9 kontrolo\u0159i u\u00a0Krajsk\u00fdch hygienick\u00fdch stanic identifikovali, a\u00a0s p\u0159ihl\u00e9dnut\u00edm k\u00a0v\u00fdsledk\u016fm p\u0159edchoz\u00edch kontrol,\u201c \u0159\u00edk\u00e1 mluv\u010d\u00ed NK\u00da V\u00e1clav Ke\u0161ner.<\/p>\n<p class=\"e_bV\">Kontrolo\u0159i u\u00a0stanic v\u00a0roce 2011\u00a0popsali nap\u0159\u00edklad poru\u0161en\u00ed z\u00e1kona o\u00a0\u00fa\u010detnictv\u00ed, z\u00e1kona o\u00a0majetku st\u00e1tu, z\u00e1kona o\u00a0ve\u0159ejn\u00fdch zak\u00e1zk\u00e1ch a\u00a0z\u00e1kona o\u00a0rozpo\u010dtov\u00fdch pravidlech. Nedostatky se t\u00fdkaly i\u00a0\u00fadaj\u016f o\u00a0nemovitostech evidovan\u00fdch v\u00a0katastru nemovitost\u00ed.<\/p>\n<p class=\"e_bV\">\u201eStanice jsme prov\u011b\u0159ovali tak\u00e9 v\u00a0kontrole zam\u011b\u0159en\u00e9 na informa\u010dn\u00ed podporu protiepidemick\u00fdch \u010dinnost\u00ed. V\u00a0t\u00e9 se uk\u00e1zalo, \u017ee Ministerstvo zdravotnictv\u00ed nep\u0159ipravilo informa\u010dn\u00ed podporu pro \u0159e\u0161en\u00ed epidemick\u00fdch situac\u00ed. Krajsk\u00e9 hygienick\u00e9 stanice nebyly a\u017e do druh\u00e9 poloviny roku 2020\u00a0dostate\u010dn\u011b vybaveny v\u00fdpo\u010detn\u00ed technikou a\u00a0nem\u011bly jednotn\u00e9 komunika\u010dn\u00ed propojen\u00ed. D\u016fsledkem byla nep\u0159ipravenost a\u00a0neschopnost KHS dob\u0159e zvl\u00e1dat epidemick\u00e9 situace. Hlavn\u00ed hygienik \u010cR nekoordinoval pr\u00e1ce na rozvoji informa\u010dn\u00edch syst\u00e9m\u016f, kter\u00e9 by vedly k\u00a0p\u0159ipravenosti v\u00a0oblasti protiepidemick\u00fdch \u010dinnost\u00ed,\u201c shrnuje d\u0159\u00edv\u011bj\u0161\u00ed v\u00fdsledky kontrol Ke\u0161ner.<\/p>\n<p>\u201eChystan\u00e1 reforma? Letos ji u\u017e nestihneme dokon\u010dit\u201c<\/p>\n<p class=\"e_bV\">Nad\u011bj\u00ed pro ochranu ve\u0159ejn\u00e9ho zdrav\u00ed je chystan\u00e1 reforma. Mluv\u00ed se o\u00a0n\u00ed u\u017e dek\u00e1dy, ale prosadit ji nedok\u00e1zal \u017e\u00e1dn\u00fd ministr. \u010c\u00e1ste\u010dn\u011b reforma narazila i\u00a0u hejtman\u016f. Adam Vojt\u011bch se o\u00a0to pokus\u00ed napodruh\u00e9.<\/p>\n<p class=\"e_bV\">Osloven\u00ed \u0159editel\u00e9 stanic se k\u00a0chystan\u00e9 reform\u011b stav\u011bj\u00ed sp\u00ed\u0161 opatrn\u011b a\u00a0n\u011bkte\u0159\u00ed zmi\u0148uj\u00ed, \u017ee zat\u00edm nemaj\u00ed dost informac\u00ed. Hlavn\u00ed podle nich bude, jestli na vznik nov\u00e9ho \u00fa\u0159adu d\u00e1 vl\u00e1da dostatek pen\u011bz. A\u00a0pr\u00e1v\u011b tomu n\u011bkte\u0159\u00ed nev\u011b\u0159\u00ed.<\/p>\n<p class=\"e_bV\">Podle experta na zdravotnickou politiku Pavla Vep\u0159eka je situace ochrany ve\u0159ejn\u00e9ho zdrav\u00ed v\u00a0\u010cesku \u201etristn\u00ed\u201c a\u00a0ministerstvo by m\u011blo co nejd\u0159\u00edve p\u0159edlo\u017eit pl\u00e1n reformy a\u00a0za\u010d\u00edt ho stanic\u00edm vysv\u011btlovat. \u201eDo l\u00e9ta by bylo dobr\u00e9, aby materi\u00e1l opustil ministerstvo a\u00a0putoval do vl\u00e1dy,\u201c \u0159\u00edk\u00e1 Vep\u0159ek.<\/p>\n<p class=\"e_bV\">Jen\u017ee podle Ma\u010fara se cel\u00e1 reforma letos nestihne p\u0159ipravit.  \u201eJe to obrovsk\u00e1 zm\u011bna t\u00fdkaj\u00edc\u00ed se tis\u00edc\u016f zam\u011bstnanc\u016f a\u00a0rozpo\u010dtu v\u00a0miliard\u00e1ch, vy\u017eaduj\u00edc\u00ed velk\u00e9 z\u00e1sahy i\u00a0do legislativy. Skupina, kterou vedu, se sch\u00e1z\u00ed od ledna. Letos to cel\u00e9 dokon\u010den\u00e9 nebude,\u201c p\u0159ipou\u0161t\u00ed Ma\u010far.<\/p>\n","protected":false},"excerpt":{"rendered":"Anal\u00fdzu si tak\u00e9 m\u016f\u017eete poslechnout v\u00a0audioverzi. Nedostatek pen\u011bz na z\u00e1kladn\u00ed provoz hygienick\u00fdch stanic. M\u00e1lo l\u00e9ka\u0159\u016f. Rozt\u0159\u00ed\u0161t\u011bnost syst\u00e9mu ochrany&hellip;\n","protected":false},"author":2,"featured_media":47584,"comment_status":"","ping_status":"","sticky":false,"template":"","format":"standard","meta":{"footnotes":"","_share_on_mastodon":"0"},"categories":[10],"tags":[646,2435,17,21,1268,4436,343,16,10687,17947,17946,18,19,22,20],"class_list":["post-47583","post","type-post","status-publish","format-standard","has-post-thumbnail","category-zpravy","tag-adam-vojtech","tag-covid-19","tag-headlines","tag-hlavni-udalosti","tag-hygiena","tag-krajska-hygienicka-stanice-khs","tag-ministerstvo-zdravotnictvi-mzcr","tag-news","tag-pandemie","tag-rastislav-madar","tag-roman-prymula","tag-top-news","tag-top-stories","tag-udalosti-dne","tag-zpravy"],"share_on_mastodon":{"url":"https:\/\/pubeurope.com\/@cz\/116362162174103249","error":""},"_links":{"self":[{"href":"https:\/\/www.europesays.com\/cz\/wp-json\/wp\/v2\/posts\/47583","targetHints":{"allow":["GET"]}}],"collection":[{"href":"https:\/\/www.europesays.com\/cz\/wp-json\/wp\/v2\/posts"}],"about":[{"href":"https:\/\/www.europesays.com\/cz\/wp-json\/wp\/v2\/types\/post"}],"author":[{"embeddable":true,"href":"https:\/\/www.europesays.com\/cz\/wp-json\/wp\/v2\/users\/2"}],"replies":[{"embeddable":true,"href":"https:\/\/www.europesays.com\/cz\/wp-json\/wp\/v2\/comments?post=47583"}],"version-history":[{"count":0,"href":"https:\/\/www.europesays.com\/cz\/wp-json\/wp\/v2\/posts\/47583\/revisions"}],"wp:featuredmedia":[{"embeddable":true,"href":"https:\/\/www.europesays.com\/cz\/wp-json\/wp\/v2\/media\/47584"}],"wp:attachment":[{"href":"https:\/\/www.europesays.com\/cz\/wp-json\/wp\/v2\/media?parent=47583"}],"wp:term":[{"taxonomy":"category","embeddable":true,"href":"https:\/\/www.europesays.com\/cz\/wp-json\/wp\/v2\/categories?post=47583"},{"taxonomy":"post_tag","embeddable":true,"href":"https:\/\/www.europesays.com\/cz\/wp-json\/wp\/v2\/tags?post=47583"}],"curies":[{"name":"wp","href":"https:\/\/api.w.org\/{rel}","templated":true}]}}