{"id":47982,"date":"2026-04-07T12:53:09","date_gmt":"2026-04-07T12:53:09","guid":{"rendered":"https:\/\/www.europesays.com\/cz\/47982\/"},"modified":"2026-04-07T12:53:09","modified_gmt":"2026-04-07T12:53:09","slug":"ctyrleta-divka-se-v-ceskem-raji-pripletla-pod-kola-nezletile-cyklistce-vysetruje-to-policie","status":"publish","type":"post","link":"https:\/\/www.europesays.com\/cz\/47982\/","title":{"rendered":"\u010cty\u0159let\u00e1 d\u00edvka se v\u00a0\u010cesk\u00e9m r\u00e1ji p\u0159ipletla pod kola nezletil\u00e9 cyklistce. Vy\u0161et\u0159uje to policie"},"content":{"rendered":"<p class=\"c_bz\">Ne\u010dekan\u00e1 kolize se stala v\u00a0ned\u011bli 5.\u00a0dubna na cyklostezce na Mal\u00e9 Sk\u00e1le v\u00a0\u010d\u00e1sti Vranov\u00e9 na Jablonecku pobl\u00ed\u017e \u010disti\u010dky odpadn\u00edch vod.<\/p>\n<p class=\"c_bz\">\u201e\u010cty\u0159let\u00e1 d\u00edvka n\u00e1hle vb\u011bhla na cyklostezku v\u00a0okam\u017eiku, kdy m\u00edstem proj\u00ed\u017ed\u011bla nezletil\u00e1 cyklistka doprov\u00e1zen\u00e1 rodi\u010di rovn\u011b\u017e jedouc\u00edmi na kolech. D\u00edvka narazila do zadn\u00edho kola nezletil\u00e9 cyklistky, upadla a\u00a0zranila se,\u201c popsala mluv\u010d\u00ed policie Dagmar Sochorov\u00e1.<\/p>\n<p class=\"c_bz\">Cyklist\u00e9 spole\u010dn\u011b s\u00a0rodinou mal\u00e9ho d\u011bv\u010dete po\u010dkali na p\u0159\u00edjezd z\u00e1chran\u00e1\u0159\u016f.<\/p>\n<p><a data-dot=\"atm-link\" target=\"_self\" href=\"https:\/\/www.novinky.cz\/clanek\/krimi-ridic-cervene-dodavky-na-kutnohorsku-srazil-cyklistu-a-ujel-40571770\" class=\"c_N\" rel=\"nofollow noopener\"><img fetchpriority=\"high\" height=\"2304\" width=\"4096\" src=\"https:\/\/www.europesays.com\/cz\/wp-content\/uploads\/2026\/04\/1775566389_361_ilustracni-nehoda-xnehoda-cyklista-auto.jpeg\" loading=\"eager\" decoding=\"sync\" class=\"c_t c_r\"\/><\/a><\/p>\n<p class=\"c_bz\">\u201eMohu potvrdit, \u017ee jsme na m\u00edst\u011b o\u0161et\u0159ili nezletilou osobu. Utrp\u011bla lehk\u00e9 poran\u011bn\u00ed a\u00a0n\u00e1sledn\u011b jsme ji p\u0159evezli do jabloneck\u00e9 nemocnice,\u201c doplnil k\u00a0ud\u00e1losti mluv\u010d\u00ed z\u00e1chrann\u00e9 slu\u017eby Michael Georgiev.<\/p>\n<p class=\"c_bz\">Rodina na kolech pak z\u00a0m\u00edsta odjela a\u00a0nepo\u010dkala na p\u0159\u00edjezd policie, kter\u00e1 celou ud\u00e1lost vy\u0161et\u0159uje. Policist\u00e9 tak neznaj\u00ed nezletilou cyklistku, do jej\u00edho\u017e kola d\u00edt\u011b narazilo, a\u00a0proto \u017e\u00e1daj\u00ed jej\u00ed rodi\u010de, aby se na policii p\u0159ihl\u00e1sili a\u00a0pomohli kolizi objasnit.<\/p>\n<p class=\"c_bz\">\u201eStejn\u011b tak \u017e\u00e1d\u00e1me sv\u011bdky uveden\u00e9 ud\u00e1losti, aby se p\u0159ihl\u00e1sili na telefonu 974\u00a0474\u00a0254\u00a0nebo na bezplatn\u00e9 lince 158,\u201c vyz\u00fdv\u00e1 policejn\u00ed mluv\u010d\u00ed.<\/p>\n<p><a data-dot=\"atm-link\" target=\"_self\" href=\"https:\/\/www.novinky.cz\/clanek\/krimi-chlapec-se-v-praze-zritil-ze-skaly-narocna-zachranna-akce-trvala-desitky-minut-40571618\" class=\"c_N\" rel=\"nofollow noopener\"><img height=\"1080\" width=\"1920\" src=\"https:\/\/www.europesays.com\/cz\/wp-content\/uploads\/2026\/04\/prokopak-zriceni-chlapec.jpeg\" loading=\"eager\" decoding=\"sync\" class=\"c_t c_r\"\/><\/a><\/p>\n","protected":false},"excerpt":{"rendered":"Ne\u010dekan\u00e1 kolize se stala v\u00a0ned\u011bli 5.\u00a0dubna na cyklostezce na Mal\u00e9 Sk\u00e1le v\u00a0\u010d\u00e1sti Vranov\u00e9 na Jablonecku pobl\u00ed\u017e \u010disti\u010dky odpadn\u00edch&hellip;\n","protected":false},"author":2,"featured_media":47983,"comment_status":"","ping_status":"","sticky":false,"template":"","format":"standard","meta":{"footnotes":"","_share_on_mastodon":"0"},"categories":[7],"tags":[43,42,12696,4803,41,40,1671,18096,1296],"class_list":["post-47982","post","type-post","status-publish","format-standard","has-post-thumbnail","category-cesko","tag-ceska-republika","tag-cesko","tag-cesky-raj","tag-cykliste","tag-czech-republic","tag-czechia","tag-liberecky-kraj","tag-mala-skala","tag-zraneni"],"share_on_mastodon":{"url":"https:\/\/pubeurope.com\/@cz\/116363526359591536","error":""},"_links":{"self":[{"href":"https:\/\/www.europesays.com\/cz\/wp-json\/wp\/v2\/posts\/47982","targetHints":{"allow":["GET"]}}],"collection":[{"href":"https:\/\/www.europesays.com\/cz\/wp-json\/wp\/v2\/posts"}],"about":[{"href":"https:\/\/www.europesays.com\/cz\/wp-json\/wp\/v2\/types\/post"}],"author":[{"embeddable":true,"href":"https:\/\/www.europesays.com\/cz\/wp-json\/wp\/v2\/users\/2"}],"replies":[{"embeddable":true,"href":"https:\/\/www.europesays.com\/cz\/wp-json\/wp\/v2\/comments?post=47982"}],"version-history":[{"count":0,"href":"https:\/\/www.europesays.com\/cz\/wp-json\/wp\/v2\/posts\/47982\/revisions"}],"wp:featuredmedia":[{"embeddable":true,"href":"https:\/\/www.europesays.com\/cz\/wp-json\/wp\/v2\/media\/47983"}],"wp:attachment":[{"href":"https:\/\/www.europesays.com\/cz\/wp-json\/wp\/v2\/media?parent=47982"}],"wp:term":[{"taxonomy":"category","embeddable":true,"href":"https:\/\/www.europesays.com\/cz\/wp-json\/wp\/v2\/categories?post=47982"},{"taxonomy":"post_tag","embeddable":true,"href":"https:\/\/www.europesays.com\/cz\/wp-json\/wp\/v2\/tags?post=47982"}],"curies":[{"name":"wp","href":"https:\/\/api.w.org\/{rel}","templated":true}]}}