{"id":48036,"date":"2026-04-07T13:54:10","date_gmt":"2026-04-07T13:54:10","guid":{"rendered":"https:\/\/www.europesays.com\/cz\/48036\/"},"modified":"2026-04-07T13:54:10","modified_gmt":"2026-04-07T13:54:10","slug":"cesky-golman-opet-zazaril-v-anglii-ma-na-premier-league-rika-jeho-respektovany-trener","status":"publish","type":"post","link":"https:\/\/www.europesays.com\/cz\/48036\/","title":{"rendered":"\u010cesk\u00fd g\u00f3lman op\u011bt zaz\u00e1\u0159il v\u00a0Anglii. M\u00e1 na Premier League, \u0159\u00edk\u00e1 jeho respektovan\u00fd tren\u00e9r"},"content":{"rendered":"<p class=\"b_by\">Ocen\u011bn\u00ed l\u00e9tala i\u00a0od dal\u0161\u00edch. \u201eVid\u011bl jsem kluky zat\u00edm jen ve dvou z\u00e1pasech, proto jsem zat\u00edm opatrn\u00fd ve sv\u00fdch \u00fasudc\u00edch. Ale z\u00a0toho, co jsem vid\u011bl, tak Radek m\u00e1 v\u0161echny atributy, aby byl brank\u00e1\u0159em v\u00a0Premier League,\u201c poznamenal velezku\u0161en\u00fd tren\u00e9r Roy Hodgson, kter\u00fd Bristol do\u010dasn\u011b p\u0159evzal.<\/p>\n<p class=\"b_by\">V\u00ed, o\u00a0\u010dem mluv\u00ed. V\u017edy\u0165 osmasedmdes\u00e1tilet\u00fd strat\u00e9g odkou\u010doval ve slovutn\u00e9 Premier League 418\u00a0utk\u00e1n\u00ed. St\u00e1l na lavi\u010dce Liverpoolu, Crystal Palace, Fulhamu, Blackburnu, West Bromwiche nebo Watfordu. Vedl i\u00a0anglickou reprezentaci. Jeho slova maj\u00ed v\u00e1hu.<\/p>\n<p><a data-dot=\"atm-link\" target=\"_self\" href=\"https:\/\/www.sport.cz\/clanek\/fotbal-premier-league-vitek-vychytal-za-bristol-desate-ciste-konto-5432303\" class=\"b_V g_in\" rel=\"nofollow noopener\"><img fetchpriority=\"high\" height=\"1068\" width=\"1425\" src=\"https:\/\/www.europesays.com\/cz\/wp-content\/uploads\/2026\/04\/fotbal-vitek.jpeg\" loading=\"eager\" decoding=\"sync\" class=\"b_B b_z\"\/><\/a><\/p>\n<p class=\"b_by\">\u201eChcete, aby v\u00e1\u0161 g\u00f3lman byl v\u00a0dobr\u00e9 fyzick\u00e9 kondici, zastavoval st\u0159ely, ovl\u00e1dal pokutov\u00e9 \u00fazem\u00ed a\u00a0m\u011bl dobrou rozehr\u00e1vku. To v\u0161e spl\u0148uje,\u201c poznamenal Hodgson.<\/p>\n<p class=\"b_by\">Po reprezenta\u010dn\u00ed pauze hr\u00e1l Bristol nejprve v\u00a0p\u00e1tek na p\u016fd\u011b Charltonu a\u00a0vyhr\u00e1l 2:1, V\u00edtek chytal dob\u0159e. Ov\u0161em v\u00a0pond\u011bl\u00ed proti Sheffieldu United podal je\u0161t\u011b v\u00fdrazn\u011bj\u0161\u00ed v\u00fdkon. Po relativn\u011b klidn\u00e9 prvn\u00ed p\u016fli udr\u017eel po zm\u011bn\u011b stran \u010dist\u00e9 konto n\u011bkolika v\u00fdborn\u00fdmi z\u00e1sahy. Celkem si p\u0159ipsal sedm z\u00e1krok\u016f. O\u00a0mu\u017ei utk\u00e1n\u00ed nebylo pochyb.<\/p>\n<p class=\"b_by\">\u201eRadek je neuv\u011b\u0159iteln\u00fd, obrovsky n\u00e1m pom\u00e1h\u00e1. V\u00a0posledn\u00edch dvou z\u00e1pasech byl naprosto fantastick\u00fd. Uleh\u010duje n\u00e1m \u017eivot i\u00a0t\u00edm, \u017ee v\u00edme, \u017ee si porad\u00ed s\u00a0centry, kter\u00e9 p\u0159ed br\u00e1nu let\u00ed,\u201c podotkl dal\u0161\u00ed z\u00a0V\u00edtkov\u00fdch spoluhr\u00e1\u010d\u016f Max Bird.<\/p>\n<p class=\"b_by\">V\u00edtek je v\u00a0Bristolu na hostov\u00e1n\u00ed z\u00a0Manchester United, se kter\u00fdm m\u00e1 smlouvu do roku 2028.\u00a0Po sezon\u011b se tak bude \u0159e\u0161it, co s\u00a0n\u00edm bude d\u00e1l. Fanou\u0161ci Bristolu by byli nejrad\u011bji, kdyby z\u016fstal. Po pond\u011bln\u00ed v\u00fdh\u0159e ho vyvol\u00e1vali a\u00a0zp\u00edvali \u201eSuper Radek V\u00edtek v\u00a0brance\u201c.<\/p>\n<p class=\"b_by\">V\u00edtek je jedni\u010dkou Bristolu a\u00a0do br\u00e1ny se vr\u00e1til, i\u00a0kdy\u017e kv\u016fli zran\u011bn\u00ed na p\u0159elomu roku zhruba na m\u011bs\u00edc vypadl ze hry. Chyt\u00e1 po celou dobu dob\u0159e a\u00a0spolehliv\u011b, n\u011bkolikr\u00e1t u\u017e byl vyzdvihov\u00e1n. V\u00a0rozhovoru pro BBC v\u00a0minul\u00e9m t\u00fddnu p\u0159iznal, \u017ee je v\u00a0kontaktu s\u00a0tren\u00e9rem brank\u00e1\u0159\u016f v\u00a0Manchesteru United, komunikaci a\u00a0zp\u011btnou vazbu od Craiga Mawsona si pochvaluje.<\/p>\n<p class=\"b_by\">Vyj\u00e1d\u0159il se i\u00a0k budoucnosti. By\u0165 logicky nep\u0159\u00edli\u0161 ob\u0161\u00edrn\u011b. \u201eMoment\u00e1ln\u011b se soust\u0159ed\u00edm na to, abych byl co nejsiln\u011bj\u0161\u00ed ve zb\u00fdvaj\u00edc\u00edch z\u00e1pasech za Bristol. Chci odehr\u00e1t maximum a\u00a0vytvo\u0159it si pozici pro p\u0159\u00ed\u0161t\u00ed sezonu. Pak budu komunikovat s\u00a0Manchesterem United a\u00a0uvid\u00edme, co pro m\u011b bude nejlep\u0161\u00ed. Ale chci hr\u00e1t fotbal. Nechci jen tak sed\u011bt na lavi\u010dce,\u201c \u0159ekl V\u00edtek.<\/p>\n<p><a data-dot=\"atm-link\" target=\"_self\" href=\"https:\/\/www.sport.cz\/clanek\/nazory-komentare-made-in-england-rozhodnuti-chelsea-ublizuje-enzovi-i-tymu-van-dijk-je-pretizeny-5432281\" class=\"b_V g_in\" rel=\"nofollow noopener\"><img height=\"738\" width=\"985\" src=\"https:\/\/www.europesays.com\/cz\/wp-content\/uploads\/2026\/04\/enzo-fernandez.jpeg\" loading=\"eager\" decoding=\"sync\" class=\"b_B b_z\"\/><\/a><\/p>\n","protected":false},"excerpt":{"rendered":"Ocen\u011bn\u00ed l\u00e9tala i\u00a0od dal\u0161\u00edch. \u201eVid\u011bl jsem kluky zat\u00edm jen ve dvou z\u00e1pasech, proto jsem zat\u00edm opatrn\u00fd ve sv\u00fdch&hellip;\n","protected":false},"author":2,"featured_media":48037,"comment_status":"","ping_status":"","sticky":false,"template":"","format":"standard","meta":{"footnotes":"","_share_on_mastodon":"0"},"categories":[15],"tags":[2110,18112,326,4190,18111,94,93],"class_list":["post-48036","post","type-post","status-publish","format-standard","has-post-thumbnail","category-sport","tag-anglie","tag-bristol-city-fc","tag-fotbal","tag-manchester-united-fc","tag-radek-vitek","tag-sport","tag-sports"],"share_on_mastodon":{"url":"https:\/\/pubeurope.com\/@cz\/116363766201214050","error":""},"_links":{"self":[{"href":"https:\/\/www.europesays.com\/cz\/wp-json\/wp\/v2\/posts\/48036","targetHints":{"allow":["GET"]}}],"collection":[{"href":"https:\/\/www.europesays.com\/cz\/wp-json\/wp\/v2\/posts"}],"about":[{"href":"https:\/\/www.europesays.com\/cz\/wp-json\/wp\/v2\/types\/post"}],"author":[{"embeddable":true,"href":"https:\/\/www.europesays.com\/cz\/wp-json\/wp\/v2\/users\/2"}],"replies":[{"embeddable":true,"href":"https:\/\/www.europesays.com\/cz\/wp-json\/wp\/v2\/comments?post=48036"}],"version-history":[{"count":0,"href":"https:\/\/www.europesays.com\/cz\/wp-json\/wp\/v2\/posts\/48036\/revisions"}],"wp:featuredmedia":[{"embeddable":true,"href":"https:\/\/www.europesays.com\/cz\/wp-json\/wp\/v2\/media\/48037"}],"wp:attachment":[{"href":"https:\/\/www.europesays.com\/cz\/wp-json\/wp\/v2\/media?parent=48036"}],"wp:term":[{"taxonomy":"category","embeddable":true,"href":"https:\/\/www.europesays.com\/cz\/wp-json\/wp\/v2\/categories?post=48036"},{"taxonomy":"post_tag","embeddable":true,"href":"https:\/\/www.europesays.com\/cz\/wp-json\/wp\/v2\/tags?post=48036"}],"curies":[{"name":"wp","href":"https:\/\/api.w.org\/{rel}","templated":true}]}}