{"id":48911,"date":"2026-04-08T10:54:08","date_gmt":"2026-04-08T10:54:08","guid":{"rendered":"https:\/\/www.europesays.com\/cz\/48911\/"},"modified":"2026-04-08T10:54:08","modified_gmt":"2026-04-08T10:54:08","slug":"hanychova-zmlacena-jak-pes-zasah-odborniku-nutny","status":"publish","type":"post","link":"https:\/\/www.europesays.com\/cz\/48911\/","title":{"rendered":"Hanychov\u00e1 zml\u00e1cen\u00e1 jak pes? Z\u00e1sah odborn\u00edk\u016f nutn\u00fd!"},"content":{"rendered":"<p>Hned na za\u010d\u00e1tku sv\u00e9ho videa proto rad\u011bji v\u0161echny varovala slovy: \u201eNelekejte se, furt je\u0161t\u011b nevypad\u00e1m \u00fapln\u011b v topu tak, jak bych si p\u0159edstavovala. Nebol\u00ed to, jen je to nep\u0159\u00edjemn\u00e9, t\u00e1hne to.\u201c<\/p>\n<p>K z\u00e1kroku se p\u0159itom Hanychov\u00e1 neodhodlala ze dne na den. Sama p\u0159iznala, \u017ee ho dlouho odkl\u00e1dala a n\u011bkolikr\u00e1t couvla doslova na posledn\u00ed chv\u00edli. \u201eO operaci v\u00ed\u010dek jsem p\u0159em\u00fd\u0161lela hrozn\u011b dlouho. N\u011bkolikr\u00e1t jsem byla objednan\u00e1 na r\u016fzn\u00e9 kliniky. P\u00e1r hodin p\u0159ed z\u00e1krokem jsem to v\u017edycky zru\u0161ila,\u201c sv\u011b\u0159ila se.<\/p>\n<p>    <a href=\"https:\/\/www.ahaonline.cz\/clanek\/zhave-drby\/232894\/krach-manzelstvi-hanychove-agata-priznala-milence.html\" rel=\"nofollow noopener\" target=\"_blank\"><\/p>\n<p>        <img decoding=\"async\" src=\"https:\/\/www.europesays.com\/cz\/wp-content\/uploads\/2026\/04\/9784682.jpg\" alt=\"Krach man\u017eelstv\u00ed Hanychov\u00e9! Ag\u00e1ta p\u0159iznala milence\" title=\"Krach man\u017eelstv\u00ed Hanychov\u00e9! Ag\u00e1ta p\u0159iznala milence\" height=\"140\" width=\"220\" class=\"lazyload \" loading=\"lazy\" \/><\/p>\n<p>    <\/a><\/p>\n<p>I kdy\u017e to p\u016fvodn\u011b vypadalo, \u017ee operace prob\u011bhne u\u017e na podzim, musela ji odlo\u017eit. P\u0159edopera\u010dn\u00ed vy\u0161et\u0159en\u00ed toti\u017e odhalilo zv\u00fd\u0161en\u00e9 CRP, tedy hodnotu, kter\u00e1 m\u016f\u017ee signalizovat z\u00e1n\u011bt v t\u011ble. Z\u00e1krok tak l\u00e9ka\u0159i posunuli a\u017e na jaro.<\/p>\n<p>Ag\u00e1ta te\u010f uk\u00e1zala realitu p\u00e1r dn\u00ed po operaci a reakce na sebe nenechaly \u010dekat. N\u011bkte\u0159\u00ed fanou\u0161ci si neodpustili r\u00fdpance a tvrdili, \u017ee z\u00e1krok v\u016fbec nepot\u0159ebovala. Jin\u00ed ji naopak podpo\u0159ili a ocenili, \u017ee do toho \u0161la.<\/p>\n<p>Jist\u00e9 ale je, \u017ee podobn\u00fd stav n\u011bkolik dn\u00ed po operaci nen\u00ed ni\u010d\u00edm v\u00fdjime\u010dn\u00fdm. Otoky, mod\u0159iny i nep\u0159\u00edjemn\u00e9 pnut\u00ed pat\u0159\u00ed k b\u011b\u017en\u00e9mu hojen\u00ed. Kone\u010dn\u00fd v\u00fdsledek se uk\u00e1\u017ee a\u017e s odstupem \u010dasu.<\/p>\n<p>    <a href=\"https:\/\/www.ahaonline.cz\/clanek\/zhave-drby\/232829\/zilkova-o-slozitem-vztahu-s-kordulou-stydi-se.html\" rel=\"nofollow noopener\" target=\"_blank\"><\/p>\n<p>        <img decoding=\"async\" src=\"https:\/\/www.europesays.com\/cz\/wp-content\/uploads\/2026\/04\/9160944.jpg\" alt=\"\u017dilkov\u00e1 o slo\u017eit\u00e9m vztahu s Kordulou: Styd\u00ed se\" title=\"\u017dilkov\u00e1 o slo\u017eit\u00e9m vztahu s Kordulou: Styd\u00ed se\" height=\"140\" width=\"220\" class=\"lazyload \" loading=\"lazy\" \/><\/p>\n<p>    <\/a><\/p>\n<p>\u00a0 \u00a0<\/p>\n","protected":false},"excerpt":{"rendered":"Hned na za\u010d\u00e1tku sv\u00e9ho videa proto rad\u011bji v\u0161echny varovala slovy: \u201eNelekejte se, furt je\u0161t\u011b nevypad\u00e1m \u00fapln\u011b v topu&hellip;\n","protected":false},"author":2,"featured_media":28968,"comment_status":"","ping_status":"","sticky":false,"template":"","format":"standard","meta":{"footnotes":"","_share_on_mastodon":"0"},"categories":[14],"tags":[18289,79,18290,18292,18291,3877,80,163],"class_list":["post-48911","post","type-post","status-publish","format-standard","has-post-thumbnail","category-zabava","tag-agata-haynchova","tag-entertainment","tag-modriny","tag-operace-vicek","tag-podlitiny","tag-veronika-zilkova","tag-zabava","tag-zhave-drby"],"share_on_mastodon":{"url":"https:\/\/pubeurope.com\/@cz\/116368720870044466","error":""},"_links":{"self":[{"href":"https:\/\/www.europesays.com\/cz\/wp-json\/wp\/v2\/posts\/48911","targetHints":{"allow":["GET"]}}],"collection":[{"href":"https:\/\/www.europesays.com\/cz\/wp-json\/wp\/v2\/posts"}],"about":[{"href":"https:\/\/www.europesays.com\/cz\/wp-json\/wp\/v2\/types\/post"}],"author":[{"embeddable":true,"href":"https:\/\/www.europesays.com\/cz\/wp-json\/wp\/v2\/users\/2"}],"replies":[{"embeddable":true,"href":"https:\/\/www.europesays.com\/cz\/wp-json\/wp\/v2\/comments?post=48911"}],"version-history":[{"count":0,"href":"https:\/\/www.europesays.com\/cz\/wp-json\/wp\/v2\/posts\/48911\/revisions"}],"wp:featuredmedia":[{"embeddable":true,"href":"https:\/\/www.europesays.com\/cz\/wp-json\/wp\/v2\/media\/28968"}],"wp:attachment":[{"href":"https:\/\/www.europesays.com\/cz\/wp-json\/wp\/v2\/media?parent=48911"}],"wp:term":[{"taxonomy":"category","embeddable":true,"href":"https:\/\/www.europesays.com\/cz\/wp-json\/wp\/v2\/categories?post=48911"},{"taxonomy":"post_tag","embeddable":true,"href":"https:\/\/www.europesays.com\/cz\/wp-json\/wp\/v2\/tags?post=48911"}],"curies":[{"name":"wp","href":"https:\/\/api.w.org\/{rel}","templated":true}]}}