{"id":49747,"date":"2026-04-09T08:04:09","date_gmt":"2026-04-09T08:04:09","guid":{"rendered":"https:\/\/www.europesays.com\/cz\/49747\/"},"modified":"2026-04-09T08:04:09","modified_gmt":"2026-04-09T08:04:09","slug":"v-pisku-vyroste-vyrobni-hala-primoca-za-tri-ctvrte-miliardy","status":"publish","type":"post","link":"https:\/\/www.europesays.com\/cz\/49747\/","title":{"rendered":"V P\u00edsku vyroste v\u00fdrobn\u00ed hala Primoca za t\u0159i \u010dtvrt\u011b miliardy"},"content":{"rendered":"<p class=\"e_bV\">\u010cl\u00e1nek si tak\u00e9 m\u016f\u017eete poslechnout v\u00a0audioverzi.<\/p>\n<p class=\"e_bV\">T\u0159i sta\u00a0bezpilotn\u00edch letadel ro\u010dn\u011b a\u00a0k tomu nov\u00e9 reprezentativn\u00ed s\u00eddlo spole\u010dnosti. Spole\u010dnost Primoco z\u00edskala stavebn\u00ed povolen\u00ed pro v\u00fdstavbu sv\u00e9ho nov\u00e9ho v\u00fdrobn\u00edho z\u00e1vodu.<\/p>\n<p class=\"e_bV\">Hala o\u00a0rozloze v\u00edce ne\u017e \u010dty\u0159i a\u00a0p\u016fl tis\u00edce metr\u016f \u010dtvere\u010dn\u00edch bude z\u00e1rove\u0148 slou\u017eit jako showroom a\u00a0v\u00fdcvikov\u00e9 centrum pro piloty. Dopln\u00ed ji administrativn\u00ed budova inspirovan\u00e1 tvarem rozv\u00edraj\u00edc\u00edch se k\u0159\u00eddel, kde bude m\u00edt firma nov\u00e9 s\u00eddlo. Za n\u00e1vrhem projektu stoj\u00ed studio Qarta Architektura.<\/p>\n<p class=\"e_bV\">\u201eOd akvizice leti\u0161t\u011b v\u00a0P\u00edsku-Kra\u0161ovic\u00edch v\u00a0roce 2019\u00a0urazila spole\u010dnost Primoco mimo\u0159\u00e1dnou cestu. Z\u00a0dom\u00e1c\u00edho v\u00fdrobce bezpilotn\u00edch letoun\u016f jsme se stali glob\u00e1ln\u00edm hr\u00e1\u010dem, kter\u00fd dod\u00e1v\u00e1 sv\u00e9 technologie nejvysp\u011blej\u0161\u00edm zem\u00edm sv\u011bta. Nov\u00e9 z\u00e1zem\u00ed v\u00a0P\u00edsku bude nejen odpov\u00eddat tomuto r\u016fstu, ale d\u00edky sv\u00e9 architektonick\u00e9 kvalit\u011b bude p\u0159edstavovat modern\u00ed v\u00fdrobn\u00ed z\u00e1vod 21.\u00a0stolet\u00ed,\u201c \u0159\u00edk\u00e1 zakladatel Primoco UAV Ladislav Semetkovsk\u00fd.<\/p>\n<p class=\"e_bV\">Primoco vyr\u00e1b\u00ed pokro\u010dil\u00e9 bezpilotn\u00ed letouny (UAV) vlastn\u00ed konstrukce, prim\u00e1rn\u011b model Primoco UAV One 150.\u00a0Tyto stroje maj\u00ed rozp\u011bt\u00ed k\u0159\u00eddel t\u00e9m\u011b\u0159 p\u011bt\u00a0metr\u016f, dolet necel\u00fdch 2000\u00a0kilometr\u016f a\u00a0dobu letu a\u017e 15\u00a0hodin. Nav\u00edc maj\u00ed certifikaci podle vojensk\u00e9ho standardu NATO.<\/p>\n<p class=\"e_bV\">D\u00edky nov\u00e9 hale firma v\u00fdrazn\u011b roz\u0161\u00ed\u0159\u00ed sv\u00e9 kapacity. Zat\u00edmco dnes ro\u010dn\u011b vyr\u00e1b\u00ed 50\u00a0a\u017e 60\u00a0letadel, u\u017e za dva roky by to m\u011bl b\u00fdt a\u017e p\u011btin\u00e1sobek. V\u00fdstavba haly bude financov\u00e1na ze zisk\u016f spole\u010dnosti Primoco, spole\u010dnost tak\u00e9 po\u010d\u00edt\u00e1 s\u00a0t\u00edm, \u017ee ve v\u00fdrob\u011b p\u0159ibude 80\u00a0a\u017e 100\u00a0lid\u00ed.<\/p>\n<p><a data-dot=\"mol-article-card-media\" aria-hidden=\"true\" tabindex=\"-1\" href=\"https:\/\/www.seznamzpravy.cz\/clanek\/ekonomika-byznys-rozhovory-ceske-drony-ponesou-zbrane-primoco-chysta-novinku-a-rozsiruje-vyrobu-301078\" class=\"e_n f_lY\" rel=\"nofollow noopener\" target=\"_blank\"><img fetchpriority=\"high\" height=\"741\"   width=\"1318\" src=\"https:\/\/www.europesays.com\/cz\/wp-content\/uploads\/2026\/03\/1773167833_200_primoco.jpeg\" loading=\"eager\" decoding=\"sync\" class=\"e_aa e_Z\"\/><\/a>Letouny pro \u010dty\u0159i\u00a0kontinenty <\/p>\n<p class=\"e_bV\">V\u00fdznamnou v\u00fdhodou lokality je bl\u00edzkost leti\u0161t\u011b v\u00a0P\u00edsku-Kra\u0161ovic\u00edch, kde ji\u017e prob\u00edh\u00e1 v\u00fdstavba hang\u00e1ru a\u00a0v\u00fdcvikov\u00fdch prostor. Tyto objekty by m\u011bly b\u00fdt dokon\u010deny v\u00a0prvn\u00ed polovin\u011b roku 2026.<\/p>\n<p class=\"e_bV\">\u201eJsme r\u00e1di, \u017ee m\u011bsto P\u00edsek mohlo poskytnout pozemky a\u00a0vytvo\u0159it podm\u00ednky pro realizaci projektu jedn\u00e9 z\u00a0technologicky nejvysp\u011blej\u0161\u00edch spole\u010dnost\u00ed v\u00a0Evrop\u011b. V\u011b\u0159\u00edme, \u017ee nov\u00fd z\u00e1vod p\u0159inese regionu nejen ekonomick\u00fd p\u0159\u00ednos, ale i\u00a0dal\u0161\u00ed rozvoj inovac\u00ed a\u00a0kvalifikovan\u00fdch pracovn\u00edch m\u00edst,\u201c \u0159\u00edk\u00e1 starosta m\u011bsta P\u00edsek Michal \u010capek.<\/p>\n<p class=\"e_bV\">Spole\u010dnost Primoco dosud vyrobila v\u00edce ne\u017e 250\u00a0letoun\u016f One 150, kter\u00e9 aktu\u00e1ln\u011b operuj\u00ed na \u010dty\u0159ech kontinentech.<\/p>\n","protected":false},"excerpt":{"rendered":"\u010cl\u00e1nek si tak\u00e9 m\u016f\u017eete poslechnout v\u00a0audioverzi. T\u0159i sta\u00a0bezpilotn\u00edch letadel ro\u010dn\u011b a\u00a0k tomu nov\u00e9 reprezentativn\u00ed s\u00eddlo spole\u010dnosti. Spole\u010dnost Primoco&hellip;\n","protected":false},"author":2,"featured_media":49748,"comment_status":"","ping_status":"","sticky":false,"template":"","format":"standard","meta":{"footnotes":"","_share_on_mastodon":"0"},"categories":[10],"tags":[9954,17,21,3209,16,9952,18,19,22,2132,20],"class_list":["post-49747","post","type-post","status-publish","format-standard","has-post-thumbnail","category-zpravy","tag-bezpilotni-letadla","tag-headlines","tag-hlavni-udalosti","tag-letouny","tag-news","tag-primoco-uav","tag-top-news","tag-top-stories","tag-udalosti-dne","tag-vyroba","tag-zpravy"],"share_on_mastodon":{"url":"https:\/\/pubeurope.com\/@cz\/116373714705986489","error":""},"_links":{"self":[{"href":"https:\/\/www.europesays.com\/cz\/wp-json\/wp\/v2\/posts\/49747","targetHints":{"allow":["GET"]}}],"collection":[{"href":"https:\/\/www.europesays.com\/cz\/wp-json\/wp\/v2\/posts"}],"about":[{"href":"https:\/\/www.europesays.com\/cz\/wp-json\/wp\/v2\/types\/post"}],"author":[{"embeddable":true,"href":"https:\/\/www.europesays.com\/cz\/wp-json\/wp\/v2\/users\/2"}],"replies":[{"embeddable":true,"href":"https:\/\/www.europesays.com\/cz\/wp-json\/wp\/v2\/comments?post=49747"}],"version-history":[{"count":0,"href":"https:\/\/www.europesays.com\/cz\/wp-json\/wp\/v2\/posts\/49747\/revisions"}],"wp:featuredmedia":[{"embeddable":true,"href":"https:\/\/www.europesays.com\/cz\/wp-json\/wp\/v2\/media\/49748"}],"wp:attachment":[{"href":"https:\/\/www.europesays.com\/cz\/wp-json\/wp\/v2\/media?parent=49747"}],"wp:term":[{"taxonomy":"category","embeddable":true,"href":"https:\/\/www.europesays.com\/cz\/wp-json\/wp\/v2\/categories?post=49747"},{"taxonomy":"post_tag","embeddable":true,"href":"https:\/\/www.europesays.com\/cz\/wp-json\/wp\/v2\/tags?post=49747"}],"curies":[{"name":"wp","href":"https:\/\/api.w.org\/{rel}","templated":true}]}}