{"id":50429,"date":"2026-04-09T21:12:12","date_gmt":"2026-04-09T21:12:12","guid":{"rendered":"https:\/\/www.europesays.com\/cz\/50429\/"},"modified":"2026-04-09T21:12:12","modified_gmt":"2026-04-09T21:12:12","slug":"opozice-svolala-schuzi-proti-vlade-hned-se-ji-to-vratilo","status":"publish","type":"post","link":"https:\/\/www.europesays.com\/cz\/50429\/","title":{"rendered":"Opozice svolala sch\u016fzi proti vl\u00e1d\u011b. Hned se j\u00ed to vr\u00e1tilo"},"content":{"rendered":"<p>&#13;<br \/>\n\t\u0160\u00e9f poslanc\u016f ODS Marek Benda ve \u010dtvrtek doru\u010dil do kancel\u00e1\u0159e p\u0159edsedy Sn\u011bmovny Tomia Okamury podpisy pot\u0159ebn\u00e9 ke svol\u00e1n\u00ed mimo\u0159\u00e1dn\u00e9 sch\u016fze. Podle jednac\u00edho \u0159\u00e1du mus\u00ed p\u0159edseda doln\u00ed komory na \u017e\u00e1dost opozice takovou sch\u016fzi svolat. Opozice chce na jedn\u00e1n\u00ed otev\u0159\u00edt \u010dty\u0159i t\u00e9mata, kter\u00e1 podle n\u00ed vy\u017eaduj\u00ed okam\u017eitou politickou debatu. \u201eShodli jsme se na \u010dty\u0159ech bodech, kter\u00e9 by se m\u011bly na mimo\u0159\u00e1dn\u00e9 sch\u016fzi \u0159e\u0161it,\u201c uvedl p\u0159edseda poslaneck\u00e9ho klubu TOP 09 Jan Jakob.<\/p>\n<p>&#13;<\/p>\n<p>\t\t\t\t<a href=\"https:\/\/www.parlamentnilisty.cz\/profily\/profil.aspx?id=107\" rel=\"nofollow noopener\" target=\"_blank\"><br \/>\n\t\t\t\t\t<img decoding=\"async\" src=\"https:\/\/www.europesays.com\/cz\/wp-content\/uploads\/2026\/03\/107-3008_profil_top.jpg\" alt=\"\" style=\"width: 100%\"\/><\/a><\/p>\n<p>&#13;<br \/>\n\tMezi hlavn\u00ed t\u00e9mata pat\u0159\u00ed pl\u00e1n vl\u00e1dy zm\u011bnit financov\u00e1n\u00ed ve\u0159ejnopr\u00e1vn\u00edch m\u00e9di\u00ed a ekonomick\u00e1 situace v zemi. Podle Bendy opozice o\u010dek\u00e1v\u00e1, \u017ee vl\u00e1dn\u00ed koalice program sch\u016fze nakonec neschv\u00e1l\u00ed. P\u0159esto chce jedn\u00e1n\u00ed vyu\u017e\u00edt k tomu, aby jej\u00ed p\u0159edstavitel\u00e9 vystoupili s projevy je\u0161t\u011b p\u0159ed hlasov\u00e1n\u00edm o programu. \u201eChaos panuje ve v\u0161ech sf\u00e9r\u00e1ch, je to bizarn\u00ed,\u201c \u0159ekl Benda ve Sn\u011bmovn\u011b,<a href=\"https:\/\/www.idnes.cz\/zpravy\/domaci\/opozice-vyvola-mimoradnou-schuzi-i-kvuli-financovani-televize-a-rozhlasu.A260409_084150_domaci_kop\" rel=\"nofollow noopener\" target=\"_blank\"> jak informuje iDNES.cz.<\/a><\/p>\n<p>&#13;<br \/>\n\tJedn\u00edm z hlavn\u00edch spor\u016f mezi vl\u00e1dou a opozic\u00ed je pl\u00e1n koalice zru\u0161it koncesion\u00e1\u0159sk\u00e9 poplatky pro \u010ceskou televizi a \u010cesk\u00fd rozhlas. Vl\u00e1da u\u017e d\u0159\u00edve nazna\u010dila, \u017ee by zm\u011bna financov\u00e1n\u00ed ve\u0159ejnopr\u00e1vn\u00edch m\u00e9di\u00ed mohla za\u010d\u00edt platit od roku 2027. O konkr\u00e9tn\u00ed podob\u011b nov\u00e9ho modelu se nyn\u00ed diskutuje, p\u0159i\u010dem\u017e gener\u00e1ln\u00ed \u0159editel \u010cesk\u00e9 televize Hynek Chud\u00e1rek se m\u00e1 setkat s ministrem kultury Otou Klemp\u00ed\u0159em, kter\u00fd by m\u011bl p\u0159edstavit podrobnosti vl\u00e1dn\u00edho z\u00e1m\u011bru.<\/p>\n<p>&#13;<br \/>\n\tOpozi\u010dn\u00ed strany v\u0161ak pl\u00e1n vl\u00e1dy ost\u0159e kritizuj\u00ed a nevylu\u010duj\u00ed p\u0159i jeho projedn\u00e1v\u00e1n\u00ed rozs\u00e1hl\u00e9 obstrukce. P\u0159edseda ODS Martin Kupka uvedl, \u017ee jeho strana je p\u0159ipravena vyu\u017e\u00edt v\u0161echny parlamentn\u00ed prost\u0159edky, aby p\u0159ijet\u00ed n\u00e1vrhu zabr\u00e1nila. \u201eBudeme blokovat jedn\u00e1n\u00ed, kter\u00e9 bude iniciovat sou\u010dasn\u00e1 vl\u00e1dn\u00ed koalice ke zru\u0161en\u00ed poplatk\u016f. Jsme p\u0159ipraveni nocovat v Poslaneck\u00e9 sn\u011bmovn\u011b, znovu vyt\u00e1hneme spac\u00e1ky,\u201c \u0159ekl Kupka. Podle n\u011bj by takov\u00e9 rozhodnut\u00ed mohlo ohrozit fungov\u00e1n\u00ed ve\u0159ejnopr\u00e1vn\u00edch m\u00e9di\u00ed.<\/p>\n<p>&#13;<\/p>\n<p>\t\t\t\t<a href=\"https:\/\/www.parlamentnilisty.cz\/profily\/profil.aspx?id=121527\" rel=\"nofollow noopener\" target=\"_blank\"><br \/>\n\t\t\t\t\t<img decoding=\"async\" src=\"https:\/\/www.europesays.com\/cz\/wp-content\/uploads\/2026\/02\/131184-kupka_profil_top.jpg\" alt=\"\" style=\"width: 100%\"\/><\/a><\/p>\n<p>&#13;<\/p>\n<p>\t\t\t\t<a href=\"https:\/\/www.parlamentnilisty.cz\/profily\/profil.aspx?id=121527\" rel=\"nofollow noopener\" target=\"_blank\"><br \/>\n\t\t\t\t\t<img decoding=\"async\" src=\"https:\/\/www.europesays.com\/cz\/wp-content\/uploads\/2026\/02\/131184-kupka_profil_top.jpg\" alt=\"\" style=\"width: 100%\"\/><\/a><\/p>\n<p>&#13;<br \/>\n\tPodobn\u011b se vyj\u00e1d\u0159il tak\u00e9 p\u0159edseda hnut\u00ed Starostov\u00e9 a nez\u00e1visl\u00ed V\u00edt Raku\u0161an, podle kter\u00e9ho je opozice p\u0159ipravena pou\u017e\u00edt ve\u0161ker\u00e9 parlamentn\u00ed n\u00e1stroje. \u201eVyu\u017eijeme ve\u0161ker\u00fdch instrument\u016f, abychom to nedovolili,\u201c uvedl ji\u017e d\u0159\u00edve. Na dotaz, zda by mohlo doj\u00edt i k obstrukc\u00edm, Raku\u0161an odpov\u011bd\u011bl, \u017ee jeho hnut\u00ed tuto mo\u017enost nevylu\u010duje.<\/p>\n<p>&#13;<\/p>\n<p>\t\t\t\t<a href=\"https:\/\/www.parlamentnilisty.cz\/profily\/profil.aspx?id=113425\" rel=\"nofollow noopener\" target=\"_blank\"><br \/>\n\t\t\t\t\t<img decoding=\"async\" src=\"https:\/\/www.europesays.com\/cz\/wp-content\/uploads\/2026\/03\/121563-raku\u0161an_profil_top.jpg\" alt=\"\" style=\"width: 100%\"\/><\/a><\/p>\n<p>&#13;<br \/>\n\tNovin\u00e1\u0159ka Alena Mar\u0161\u00e1lkov\u00e1 opozi\u010dn\u00edm politik\u016fm p\u0159ipom\u00edn\u00e1 jejich dvoj\u00ed metr, kdy\u017e proti obstrukc\u00edm tehdej\u0161\u00ed opozice Fialova vl\u00e1da ost\u0159e vystupovala s t\u00edm, \u017ee si stejn\u011b prosad\u00ed, co bude cht\u00edt, proto\u017ee m\u00e1 v\u011bt\u0161inu.<\/p>\n<p>&#13;<br \/>\n\t\u201eOpozi\u010dn\u00ed aktivist\u00e9 jsou v r\u00e1\u017ei. My ta ve\u0159ejnopr\u00e1vn\u00ed m\u00e9dia ned\u00e1me! Pot\u00e9, co lidoveck\u00fd poslanec Jure\u010dka ozn\u00e1mil n\u00e1rodu, \u017ee p\u016fjdou klidn\u011b i na barik\u00e1dy, od\u00e9es\u00e1k Kupka zase chyst\u00e1 spac\u00e1ky. Nev\u00edm, nev\u00edm, jestli by z takov\u00e9 hysterie m\u011bla jejich k\u00e1mo\u0161ka Pekarov\u00e1 Adamov\u00e1 radost, proto\u017ee tvrd\u011b zast\u00e1vala a prosazovala n\u00e1zor, \u017ee opozice m\u00e1 ti\u0161e sed\u011bt v kout\u011b a \u0161oupat nohama,\u201c vzpom\u00edn\u00e1 Mar\u0161\u00e1lkov\u00e1.<\/p>\n<p>&#13;<br \/>\n\tP\u0159ipom\u00edn\u00e1 je\u0161t\u011b slova tehdej\u0161\u00ed ministryn\u011b obrany Jany \u010cernochov\u00e9: \u201eM\u016f\u017eete d\u011blat, co chcete, my si stejn\u011b prosad\u00edme v\u0161echno, co pot\u0159ebujeme!\u201c cituje Mar\u0161\u00e1lkov\u00e1.<\/p>\n<p>&#13;<br \/>\n\tMimo\u0159\u00e1dn\u00e1 sch\u016fze podle n\u00ed bude jen zbyte\u010dn\u00fd cirkus, kde se stejn\u011b nic nevy\u0159e\u0161\u00ed a Babi\u0161ova vl\u00e1da bude d\u00e1le plnit sv\u016fj program, v\u010detn\u011b zru\u0161en\u00ed poplatk\u016f. \u201eMimo\u0159\u00e1dn\u00e1 sch\u016fze, to budou jen des\u00edtky hodin ml\u00e1cen\u00ed pr\u00e1zdn\u00e9 sl\u00e1my, ur\u00e1\u017eek, slovn\u00edch \u00fatok\u016f, hysterie a zmaru. Babi\u0161ova vl\u00e1da m\u00e1 ve Sn\u011bmovn\u011b 108 mand\u00e1t\u016f, zm\u011bnu financov\u00e1n\u00ed ve\u0159ejnopr\u00e1vn\u00edch m\u00e9di\u00ed m\u00e1 ve sv\u00e9m vl\u00e1dn\u00edm prohl\u00e1\u0161en\u00ed a ANO, v\u00edt\u011bz voleb, to m\u011blo ve volebn\u00edm programu. ANO sestavilo vl\u00e1du, ANO pln\u00ed p\u0159edvolebn\u00ed sliby a vl\u00e1da pln\u00ed sv\u00e9 prohl\u00e1\u0161en\u00ed,\u201c pokra\u010duje Mar\u0161\u00e1lkov\u00e1.<\/p>\n<p>&#13;<br \/>\n\tOpozice by podle n\u00ed m\u011bla pochopit, jak dopadly volby a podle toho se chovat. \u201eTen politick\u00fd cirkus u\u017e opravdu p\u0159est\u00e1v\u00e1 lidi bavit. Voli\u010di rozdali karty a opozice to ani po p\u016fl roce nen\u00ed schopna akceptovat. Nejlep\u0161\u00ed by bylo, kdyby si opozi\u010dn\u00ed aktivist\u00e9 ud\u011blali n\u011bkde v lese barik\u00e1du a p\u00e1r noc\u00ed u n\u00ed ve spac\u00e1ku p\u0159espali. Ud\u011blali by tak n\u011bco pro sv\u00e9 a hlavn\u011b na\u0161e zdrav\u00ed. Ty jejich sil\u00e1ck\u00e9 \u0159e\u010di u\u017e lidi, samoz\u0159ejm\u011b vyjma jejich voli\u010d\u016f, nezaj\u00edmaj\u00ed,\u201c m\u00e1 jasno novin\u00e1\u0159ka.<\/p>\n<p>&#13;\n\t<\/p>\n<p>&#13;<\/p>\n<p>    Psali jsme:<\/p>\n<p>\u00a0<\/p>\n<p>Zdroje:<\/p>\n<p>https:\/\/www.idnes.cz\/zpravy\/domaci\/opozice-vyvola-mimoradnou-schuzi-i-kvuli-financovani-televize-a-rozhlasu.A260409_084150_domaci_kop<\/p>\n<p>        L\u00edbil se V\u00e1m tento \u010dl\u00e1nek?<\/p>\n<p>Nez\u00e1vislost na\u0161\u00ed redakce m\u016f\u017eete podpo\u0159it pen\u011b\u017eit\u00fdm darem v jak\u00e9koliv v\u00fd\u0161i bankovn\u00edm p\u0159evodem na \u00fa\u010det:<\/p>\n<p class=\"fs-3 fw-bolder mb-2\">131-981500247\/0100<\/p>\n<p class=\"mb-0 small\">QR k\u00f3d obsahuje \u00fadaje k platb\u011b, v\u00fd\u0161i \u010d\u00e1stky si ur\u010dete sami.<\/p>\n<p>        <img loading=\"lazy\" decoding=\"async\" class=\"img-fluid\" src=\"https:\/\/www.europesays.com\/cz\/wp-content\/uploads\/2026\/03\/qr-platba.jpg\" alt=\"QR k\u00f3d pro platbu\" width=\"250\" height=\"250\"\/><\/p>\n","protected":false},"excerpt":{"rendered":"&#13; \u0160\u00e9f poslanc\u016f ODS Marek Benda ve \u010dtvrtek doru\u010dil do kancel\u00e1\u0159e p\u0159edsedy Sn\u011bmovny Tomia Okamury podpisy pot\u0159ebn\u00e9 ke&hellip;\n","protected":false},"author":2,"featured_media":50430,"comment_status":"","ping_status":"","sticky":false,"template":"","format":"standard","meta":{"footnotes":"","_share_on_mastodon":"0"},"categories":[10],"tags":[2296,1812,17,21,3772,7558,16,1193,3576,6467,18,19,22,20],"class_list":["post-50429","post","type-post","status-publish","format-standard","has-post-thumbnail","category-zpravy","tag-benda","tag-ct","tag-headlines","tag-hlavni-udalosti","tag-kupka","tag-marsalkova","tag-news","tag-opozice","tag-poplatky","tag-rakusan","tag-top-news","tag-top-stories","tag-udalosti-dne","tag-zpravy"],"share_on_mastodon":{"url":"https:\/\/pubeurope.com\/@cz\/116376813115348813","error":""},"_links":{"self":[{"href":"https:\/\/www.europesays.com\/cz\/wp-json\/wp\/v2\/posts\/50429","targetHints":{"allow":["GET"]}}],"collection":[{"href":"https:\/\/www.europesays.com\/cz\/wp-json\/wp\/v2\/posts"}],"about":[{"href":"https:\/\/www.europesays.com\/cz\/wp-json\/wp\/v2\/types\/post"}],"author":[{"embeddable":true,"href":"https:\/\/www.europesays.com\/cz\/wp-json\/wp\/v2\/users\/2"}],"replies":[{"embeddable":true,"href":"https:\/\/www.europesays.com\/cz\/wp-json\/wp\/v2\/comments?post=50429"}],"version-history":[{"count":0,"href":"https:\/\/www.europesays.com\/cz\/wp-json\/wp\/v2\/posts\/50429\/revisions"}],"wp:featuredmedia":[{"embeddable":true,"href":"https:\/\/www.europesays.com\/cz\/wp-json\/wp\/v2\/media\/50430"}],"wp:attachment":[{"href":"https:\/\/www.europesays.com\/cz\/wp-json\/wp\/v2\/media?parent=50429"}],"wp:term":[{"taxonomy":"category","embeddable":true,"href":"https:\/\/www.europesays.com\/cz\/wp-json\/wp\/v2\/categories?post=50429"},{"taxonomy":"post_tag","embeddable":true,"href":"https:\/\/www.europesays.com\/cz\/wp-json\/wp\/v2\/tags?post=50429"}],"curies":[{"name":"wp","href":"https:\/\/api.w.org\/{rel}","templated":true}]}}