{"id":50984,"date":"2026-04-10T11:50:10","date_gmt":"2026-04-10T11:50:10","guid":{"rendered":"https:\/\/www.europesays.com\/cz\/50984\/"},"modified":"2026-04-10T11:50:10","modified_gmt":"2026-04-10T11:50:10","slug":"klempir-celi-dalsi-kritice-nevyhlasil-projekt-pro-ceske-knihovny","status":"publish","type":"post","link":"https:\/\/www.europesays.com\/cz\/50984\/","title":{"rendered":"Klemp\u00ed\u0159 \u010del\u00ed dal\u0161\u00ed kritice. Nevyhl\u00e1sil projekt pro \u010desk\u00e9 knihovny"},"content":{"rendered":"<p class=\"e_bV\">Informovala o\u00a0tom Moravsk\u00e1 zemsk\u00e1 knihovna v\u00a0Brn\u011b, kter\u00e1 projekt vyhla\u0161ovala z\u00a0pov\u011b\u0159en\u00ed Ministerstva kultury. Podle n\u011bj je d\u016fvodem rozpo\u010dtov\u00e9 provizorium, kter\u00e9 trvalo od za\u010d\u00e1tku roku do 20.\u00a0b\u0159ezna a\u00a0neumo\u017enilo v\u00fdzvu vypsat v\u00a0obvykl\u00e9m term\u00ednu.<\/p>\n<p class=\"e_bV\">Ministra kultury Otu Klemp\u00ed\u0159e za Motoristy sob\u011b kv\u016fli zastaven\u00ed projektu nyn\u00ed kritizuj\u00ed n\u011bkter\u00e9 knihovny, nakladatel\u00e9, spisovatel\u00e9 \u010di jeho p\u0159edch\u016fdce Martin Baxa z\u00a0ODS.<\/p>\n<p class=\"e_bV\">Projekt fungoval t\u00e9m\u011b\u0159 t\u0159i des\u00edtky let a\u00a0podle nakladatel\u016f i\u00a0dal\u0161\u00edch lid\u00ed z\u00a0oboru byl jedn\u00edm z\u00a0nejsmyslupln\u011bj\u0161\u00edch zp\u016fsob\u016f podpory \u010desk\u00e9 literatury, <a data-dot=\"atm-link\" target=\"_blank\" rel=\"noopener nofollow\" href=\"https:\/\/www.novinky.cz\/clanek\/kultura-ministr-klempir-zavadi-dny-volneho-vstupu-do-dalsich-muzei-40572124\" class=\"e_n\">napsal<\/a> server Novinky.cz. Knihovn\u00e1m umo\u017e\u0148oval z\u00edsk\u00e1vat vybran\u00e9 tuzemsk\u00e9 tituly, kter\u00e9 by si ze sv\u00e9ho rozpo\u010dtu nemohly dovolit\u00a0\u2013 nap\u0159\u00edklad um\u011bleckou literaturu, ilustrovanou beletrii pro d\u011bti a\u00a0ml\u00e1de\u017e \u010di v\u011bdeck\u00e9 a\u00a0dal\u0161\u00ed publikace.<\/p>\n<p class=\"e_bV\">Podle <a data-dot=\"atm-link\" target=\"_blank\" rel=\"noopener nofollow\" href=\"https:\/\/www.info.cz\/zpravodajstvi-a-komentare\/klempir-zrusil-ceskou-knihovnu-kdy-zasahne-babis\" class=\"e_n\">webu Info.cz<\/a> byl proces zhruba takov\u00fd, \u017ee odborn\u00e1 komise jmenovan\u00e1 ministerstvem vytipovala z\u00a0kni\u017en\u00ed produkce uplynul\u00e9ho obdob\u00ed men\u0161inov\u00e9 tituly dom\u00e1c\u00edch autor\u016f nebo knihy vyd\u00e1van\u00e9 mal\u00fdmi nakladateli s\u00a0omezenou mo\u017enost\u00ed distribuce, u\u00a0nich\u017e by byla \u0161koda, kdyby zapadly. Tyto knihy si n\u00e1sledn\u011b objedn\u00e1valy registrovan\u00e9 knihovny v\u00a0r\u00e1mci stanoven\u00e9ho finan\u010dn\u00edho limitu. <\/p>\n<p class=\"e_bV\">Loni se do projektu p\u0159ihl\u00e1silo 606\u00a0knihoven, z\u00a0nich\u017e 19\u00a0spadalo pod vysok\u00e9 \u0161koly. Ka\u017ed\u00e1 mohla koupit knihy zhruba za 7000\u00a0korun, celkem podle serveru takto zakoupily t\u00e9m\u011b\u0159 18\u00a0tis\u00edc publikac\u00ed za 4,7\u00a0milionu korun. Knihy kupovalo ministerstvo a\u00a0pak je p\u0159ed\u00e1valo knihovn\u00e1m.<\/p>\n<p class=\"e_bV\">Mluv\u010d\u00ed Ministerstva kultury Barbora \u0160\u0165astn\u00e1 <a data-dot=\"atm-link\" target=\"_blank\" rel=\"noopener nofollow\" href=\"https:\/\/denikn.cz\/2026959\/klempiruv-urad-zastavil-projekty-na-podporu-knihoven-vlade-o-kulturu-vubec-nejde-zni-z-oboru\/\" class=\"e_n\">\u0159ekla<\/a> Den\u00edku N, \u017ee projekt nebyl zastaven, n\u00fdbr\u017e p\u0159eru\u0161en. \u201eZ\u00e1rove\u0148 se nebr\u00e1n\u00edme obnoven\u00ed projektu v\u00a0n\u00e1sleduj\u00edc\u00edm roce, pokud to rozpo\u010dtov\u00e9 podm\u00ednky umo\u017en\u00ed,\u201c dodala.<\/p>\n<p><a data-dot=\"mol-article-card-media\" aria-hidden=\"true\" tabindex=\"-1\" href=\"https:\/\/www.seznamzpravy.cz\/clanek\/audio-podcast-5-59-rozpaky-nad-klempirem-v-cem-ministr-kultury-neladi-s-babisovymi-naroky-303383\" class=\"e_n f_lY\" rel=\"nofollow noopener\" target=\"_blank\"><img fetchpriority=\"high\" height=\"2304\"   width=\"4096\" src=\"https:\/\/www.europesays.com\/cz\/wp-content\/uploads\/2026\/04\/1775821810_429_oto-klempir-velikonoce.jpeg\" loading=\"eager\" decoding=\"sync\" class=\"e_aa e_Z\"\/><\/a><\/p>\n<p class=\"e_bV\">Podle osloven\u00fdch knihoven zastaven\u00ed projektu omez\u00ed pestrost kni\u017en\u00ed nab\u00eddky a\u00a0nejv\u00edc postihne knihovny v\u00a0men\u0161\u00edch m\u011bstech \u010di obc\u00edch. \u201eBude to ochuzen\u00ed o\u00a0kvalitn\u00ed \u010deskou beletrii nekomer\u010dn\u00edho r\u00e1zu, kter\u00e1 do knihovny tak\u00e9 pat\u0159\u00ed,\u201c \u0159ekl Den\u00edku N \u0159editel M\u011bstsk\u00e9 knihovny B\u0159eclav Jaroslav \u010cech.<\/p>\n<p class=\"e_bV\">Knihovn\u00edk\u016fm t\u00e9\u017e vad\u00ed, \u017ee se o\u00a0zru\u0161en\u00ed programu dozv\u011bd\u011bli a\u017e v\u00a0t\u011bchto dnech. Podle mluv\u010d\u00ed Moravsk\u00e9 zemsk\u00e9 knihovny Anny Mr\u00e1zov\u00e9 se informace dostala ke knihovn\u00e1m v\u00a0nejbli\u017e\u0161\u00edm mo\u017en\u00e9m term\u00ednu pot\u00e9, co skon\u010dilo rozpo\u010dtov\u00e9 provizorium a\u00a0situace se za\u010dala \u0159e\u0161it.<\/p>\n<p class=\"e_bV\">Krok ministerstva kritizuje i\u00a0Asociace spisovatel\u016f. \u201eProjekt \u010cesk\u00e1 knihovna umo\u017e\u0148oval knihovn\u00e1m n\u00e1kup kvalitn\u00edch a\u00a0nekomer\u010dn\u00edch titul\u016f, kter\u00e9 by si jinak nemohly dovolit. Tento krok ministerstva je dal\u0161\u00edm varovn\u00fdm sign\u00e1lem ukazuj\u00edc\u00edm na to, \u017ee t\u00e9to vl\u00e1d\u011b o\u00a0kulturu v\u016fbec nejde,\u201c uvedla asociace na facebooku.<\/p>\n<p class=\"e_bV\">Exministr kultury Baxa z\u00a0ODS na s\u00edti X <a data-dot=\"atm-link\" target=\"_blank\" rel=\"noopener nofollow\" href=\"https:\/\/x.com\/MartinBaxa2\/status\/2042232427846697151\" class=\"e_n\">vyzval<\/a> sv\u00e9ho n\u00e1stupce Klemp\u00ed\u0159e, aby n\u011bkolik milion\u016f korun na n\u00e1kup kvalitn\u00ed \u010desk\u00e9 literatury pro ve\u0159ejn\u00e9 a\u00a0univerzitn\u00ed knihovny v\u00a0rozpo\u010dtu na\u0161el. \u201eTo je fakt skv\u011bl\u00fd projekt v\u00a0zemi, kde lidi hodn\u011b a\u00a0r\u00e1di \u010dtou,\u201c argumentoval. <\/p>\n<p><a data-dot=\"mol-article-card-media\" aria-hidden=\"true\" tabindex=\"-1\" href=\"https:\/\/www.seznamzpravy.cz\/clanek\/kultura-komentar-ministr-proti-aktivismu-klempir-predvadi-imitaci-politiky-303214\" class=\"e_n f_lY\" rel=\"nofollow noopener\" target=\"_blank\"><img height=\"1800\"   width=\"3200\" src=\"https:\/\/www.europesays.com\/cz\/wp-content\/uploads\/2026\/04\/1775821810_242_d0c6.jpeg\" loading=\"eager\" decoding=\"sync\" class=\"e_aa e_Z\"\/><\/a><\/p>\n<p class=\"e_bV\">V leto\u0161n\u00edm rozpo\u010dtu se pro kulturu po\u010d\u00edt\u00e1 se\u00a017,6\u00a0miliardy korun. Loni Ministerstvo kultury hospoda\u0159ilo s\u00a0dosud nejvy\u0161\u0161\u00ed \u010d\u00e1stkou 21,52\u00a0miliardy.<\/p>\n<p class=\"e_bV\">Mluv\u010d\u00ed M\u011bstsk\u00e9 knihovny v\u00a0Praze Lenka Hanzl\u00edkov\u00e1 upozornila na to, \u017ee ministerstvo letos stoplo i\u00a0sestersk\u00fd projekt Cizojazy\u010dn\u00e1 literatura. \u201eJde o\u00a0slu\u017ebu, d\u00edky kter\u00e9 maj\u00ed i\u00a0lid\u00e9 v\u00a0\u010cesku p\u0159\u00edstup ke kvalitn\u00ed literatu\u0159e v\u00a0ciz\u00edch jazyc\u00edch,\u201c uvedla. <\/p>\n<p class=\"e_bV\">Asociace spisovatel\u016f zase v\u00a0p\u00e1tek dopoledne zve\u0159ejnila informaci, \u017ee ministerstvo pro leto\u0161ek nevypsalo druh\u00e9 kolo podpory vyd\u00e1v\u00e1n\u00ed knih. \u201eZa asociaci to nen\u00ed \u0161\u0165astn\u00fd krok, proto\u017ee se jedn\u00e1 o\u00a0jednu z\u00a0nej\u00fa\u010dinn\u011bj\u0161\u00edch forem podpory kvalitn\u00edch knih,\u201c uvedl spolek. Podle n\u011bj dotace nebudou na \u010deskou a\u00a0p\u0159ekladovou literaturu, d\u011btsk\u00e9 knihy ani komiks.<\/p>\n","protected":false},"excerpt":{"rendered":"Informovala o\u00a0tom Moravsk\u00e1 zemsk\u00e1 knihovna v\u00a0Brn\u011b, kter\u00e1 projekt vyhla\u0161ovala z\u00a0pov\u011b\u0159en\u00ed Ministerstva kultury. Podle n\u011bj je d\u016fvodem rozpo\u010dtov\u00e9 provizorium,&hellip;\n","protected":false},"author":2,"featured_media":50985,"comment_status":"","ping_status":"","sticky":false,"template":"","format":"standard","meta":{"footnotes":"","_share_on_mastodon":"0"},"categories":[7],"tags":[43,42,41,40,11652,2082,3920,2644,9134],"class_list":["post-50984","post","type-post","status-publish","format-standard","has-post-thumbnail","category-cesko","tag-ceska-republika","tag-cesko","tag-czech-republic","tag-czechia","tag-knihovny","tag-literatura","tag-ministerstvo-kultury-mkcr","tag-oto-klempir","tag-skrty"],"share_on_mastodon":{"url":"https:\/\/pubeurope.com\/@cz\/116380265716783397","error":""},"_links":{"self":[{"href":"https:\/\/www.europesays.com\/cz\/wp-json\/wp\/v2\/posts\/50984","targetHints":{"allow":["GET"]}}],"collection":[{"href":"https:\/\/www.europesays.com\/cz\/wp-json\/wp\/v2\/posts"}],"about":[{"href":"https:\/\/www.europesays.com\/cz\/wp-json\/wp\/v2\/types\/post"}],"author":[{"embeddable":true,"href":"https:\/\/www.europesays.com\/cz\/wp-json\/wp\/v2\/users\/2"}],"replies":[{"embeddable":true,"href":"https:\/\/www.europesays.com\/cz\/wp-json\/wp\/v2\/comments?post=50984"}],"version-history":[{"count":0,"href":"https:\/\/www.europesays.com\/cz\/wp-json\/wp\/v2\/posts\/50984\/revisions"}],"wp:featuredmedia":[{"embeddable":true,"href":"https:\/\/www.europesays.com\/cz\/wp-json\/wp\/v2\/media\/50985"}],"wp:attachment":[{"href":"https:\/\/www.europesays.com\/cz\/wp-json\/wp\/v2\/media?parent=50984"}],"wp:term":[{"taxonomy":"category","embeddable":true,"href":"https:\/\/www.europesays.com\/cz\/wp-json\/wp\/v2\/categories?post=50984"},{"taxonomy":"post_tag","embeddable":true,"href":"https:\/\/www.europesays.com\/cz\/wp-json\/wp\/v2\/tags?post=50984"}],"curies":[{"name":"wp","href":"https:\/\/api.w.org\/{rel}","templated":true}]}}