{"id":52298,"date":"2026-04-11T23:48:11","date_gmt":"2026-04-11T23:48:11","guid":{"rendered":"https:\/\/www.europesays.com\/cz\/52298\/"},"modified":"2026-04-11T23:48:11","modified_gmt":"2026-04-11T23:48:11","slug":"divoke-play-off-majitel-pardubic-psal-mail-trener-sparty-videl-podraz","status":"publish","type":"post","link":"https:\/\/www.europesays.com\/cz\/52298\/","title":{"rendered":"Divok\u00e9 play off: majitel Pardubic psal mail, tren\u00e9r Sparty vid\u011bl podraz"},"content":{"rendered":"<p class=\"e_bV\">Emoce kolem s\u00e9rie <a data-dot=\"atm-tag-link\" href=\"https:\/\/www.seznamzpravy.cz\/tag\/hc-dynamo-pardubice-75124\" class=\"e_n atm-tag-link\" rel=\"nofollow noopener\" target=\"_blank\">Pardubic <\/a>se <a data-dot=\"atm-tag-link\" href=\"https:\/\/www.seznamzpravy.cz\/tag\/hc-sparta-praha-75112\" class=\"e_n atm-tag-link\" rel=\"nofollow noopener\" target=\"_blank\">Spartou <\/a>se \u010d\u00edm d\u00e1l t\u00edm v\u00edc \u0161roubuj\u00ed. Sparta se dostala do situace, kterou zn\u00e1, u\u017e j\u00ed dvakr\u00e1t \u010delila. V\u00a0Pardubic\u00edch prohr\u00e1la, t\u00edm p\u00e1dem dal\u0161\u00ed nezdar znamen\u00e1 vy\u0159azen\u00ed z\u00a0play off. Jen\u017ee proti Kladnu i\u00a0Plzni dok\u00e1zala b\u00fdt v\u00a0takov\u00e9 chv\u00edli nejlep\u0161\u00ed. Zabrala, pak v\u017edycky vyhr\u00e1vala.<\/p>\n<p><a data-dot=\"mol-article-card-media\" aria-hidden=\"true\" tabindex=\"-1\" href=\"https:\/\/www.seznamzpravy.cz\/clanek\/sport-hokej-umyslne-prohrany-zapas-vysetrovala-i-nhl-a-menila-kvuli-nemu-pravidla-303597\" class=\"e_n f_lY\" rel=\"nofollow noopener\" target=\"_blank\"><img height=\"1635\"   width=\"2908\" src=\"https:\/\/www.europesays.com\/cz\/wp-content\/uploads\/2026\/04\/alexander-daigle.jpeg\" loading=\"lazy\" decoding=\"async\" class=\"e_aa e_Z e_T\"\/><\/a><\/p>\n<p class=\"e_bV\">Jen\u017ee p\u00e1t\u00e9 <a data-dot=\"atm-tag-link\" href=\"https:\/\/www.seznamzpravy.cz\/tag\/play-off-extraligy-107555\" class=\"e_n atm-tag-link\" rel=\"nofollow noopener\" target=\"_blank\">semifin\u00e1le <\/a>bylo hodn\u011b specifick\u00e9. Ne ani tak v\u00fdsledkem, sp\u00ed\u0161 atmosf\u00e9rou, kter\u00e1 ho obalila.<\/p>\n<p class=\"e_bV\">Dnem se linul p\u0159\u00edb\u011bh o\u00a0tom, jak pardubick\u00fd majitel Petr D\u011bdek adresoval \u0161\u00e9fovi extraligy Martinovi Loukotovi po posledn\u00edm utk\u00e1n\u00ed v\u00a0Praze mail. Stoj\u00ed v\u00a0n\u011bm, \u017ee ho klub vyzve ofici\u00e1ln\u011b k\u00a0rezignaci, proto\u017ee nereaguje na podn\u011bty. D\u011bdkovi vadily ur\u00e1\u017eky sv\u00e9 osoby v\u00a0O2\u00a0aren\u011b.<\/p>\n<p class=\"e_bV\">Dopis, kter\u00fd nen\u00ed gramaticky \u00fapln\u011b dokonal\u00fd, zve\u0159ejnil v\u00a0sobotu odpoledne den\u00edk Sport. Po posledn\u00edm utk\u00e1n\u00ed se do D\u011bdka pustil tren\u00e9r Sparty Jaroslav Nedv\u011bd.<\/p>\n<p class=\"e_bV\">Rozebral z\u00e1pas, vypadalo to, \u017ee odejde do autobusu za sv\u00fdm t\u00fdmem. <\/p>\n<p class=\"e_bV\">Ale na nevinn\u00fd dopl\u0148uj\u00edc\u00ed dotaz, kter\u00fd se v\u011bnoval h\u0159e, spustil: \u201eBohu\u017eel do toho vstoupili v\u00a0prodlou\u017een\u00ed rozhod\u010d\u00ed. \u0160\u00edlenej v\u00fdkon. S\u00a0pokutou samoz\u0159ejm\u011b po\u010d\u00edt\u00e1m. Medi\u00e1ln\u00ed jednostrann\u00fd c\u00edlen\u00fd tlak ze strany Pardubic, kter\u00fd asi nem\u00e1 na sv\u011bdom\u00ed sportovn\u00ed \u00fasek, ale m\u00e1te ho na krku trochu vy (sm\u011brem k\u00a0novin\u00e1\u0159\u016fm) se obr\u00e1til v\u00a0to, \u017ee borci nev\u011bd\u00ed, co p\u00edskat.\u201c<\/p>\n<p class=\"e_bV\">Rozhod\u010d\u00ed se v\u00a0extralize nesm\u00ed v\u00a0den, kdy se hraje utk\u00e1n\u00ed, hodnotit. Kdo se k\u00a0nim vyj\u00e1d\u0159\u00ed, dostane podle pravidel pokutu 10\u00a0tis\u00edc korun. Proto Nedv\u011bdova nar\u00e1\u017eka, \u017ee s\u00a0n\u00ed po\u010d\u00edt\u00e1.<\/p>\n<p class=\"e_bV\">Veden\u00ed sout\u011b\u017ee m\u016f\u017ee ale sazebn\u00edk i\u00a0zvedat a\u00a0b\u011bhem ned\u011ble ur\u010dit\u011b bude \u0159e\u0161it, jak Nedv\u011bda \u201eodm\u011bn\u00ed\u201c. Kou\u010d Sparty toti\u017e pokra\u010doval: \u201eRozhod\u010d\u00ed jsou tak v\u00a0prd***, \u017ee odp\u00edskaj\u00ed zakopnut\u00ed o\u00a0hokejku, kter\u00fdch p\u0159edt\u00edm sedmn\u00e1ctkr\u00e1t nev\u0161imnou.\u201c<\/p>\n<p>My jsme si nikdy na nic nest\u011b\u017eovali, ale s\u00e1m za sebe a\u00a0za v\u0161echny kluky, co tam d\u0159ou, \u0159eknu, \u017ee to je podraz.<\/p>\n<p>Jaroslav Nedv\u011bd, tren\u00e9r Sparty<\/p>\n<p class=\"e_bV\">D\u00e1l vypo\u010d\u00edt\u00e1val chyby, kter\u00e9 z\u00a0jeho pohledu v\u00fdrazn\u011b po\u0161kodily jeho t\u00fdm. A\u00a0hodn\u011b mu vadil v\u00edt\u011bzn\u00fd g\u00f3l Pardubic, kde reklamoval vykopnut\u00ed hokejky brank\u00e1\u0159e. Ironi\u00ed je, \u017ee v\u00a0minul\u00e9m z\u00e1pase po podobn\u011b sporn\u00e9 situaci vst\u0159elila v\u00edt\u011bzn\u00fd g\u00f3l Sparta.<\/p>\n<p class=\"e_bV\">\u201eJestli se bude takhle p\u00edskat d\u00e1l? Nechci vid\u011bt, co se bude d\u00edt v\u00a0Praze. To si tady pan majitel asi vyslechne n\u011bjak\u00fd pok\u0159iky. My jsme si nikdy na nic nest\u011b\u017eovali, ale s\u00e1m za sebe a\u00a0za v\u0161echny kluky, co tam d\u0159ou, \u0159eknu, \u017ee to je podraz,\u201c pokra\u010doval, \u017ee v\u00a0pond\u011bl\u00ed v\u00a0O2\u00a0aren\u011b patrn\u011b Petr D\u011bdek usly\u0161\u00ed dal\u0161\u00ed peprn\u00e1 slova na svoji adresu.<\/p>\n<p><img height=\"1200\"   width=\"1800\" src=\"https:\/\/www.europesays.com\/cz\/wp-content\/uploads\/2026\/04\/nedved.jpeg\" loading=\"lazy\" decoding=\"async\" class=\"e_aa e_Z e_T\"\/>Foto: Profimedia.cz<\/p>\n<p class=\"e_bV\">Jaroslav Nedv\u011bd vzal po p\u00e1t\u00e9m z\u00e1pase play off pozornost na sebe siln\u00fdmi v\u00fdroky.<\/p>\n<p class=\"e_bV\">Sm\u011brem k\u00a0pardubick\u00e9mu majiteli pak p\u0159idal: \u201eJestli na m\u011b takov\u00fd mail s\u00a0hrub\u00fdmi chybami m\u016f\u017ee ud\u011blat tlak? Ne. Maturitu m\u00e1m, v\u00edm, co se jak p\u00ed\u0161e. Z\u00a0toho nervy nem\u00e1m j\u00e1, ani hr\u00e1\u010di. Ale bohu\u017eel rozhod\u010d\u00ed jo. Je skand\u00e1l, co ud\u011blali.\u201c<\/p>\n<p class=\"e_bV\">Vedle n\u011bj post\u00e1val pardubick\u00fd tren\u00e9r Filip Pe\u0161\u00e1n, kter\u00fd st\u0159\u00eddav\u011b pozoroval Nedv\u011bda i\u00a0shluk novin\u00e1\u0159\u016f. Posunky se dorozum\u00edval s\u00a0tiskov\u00fdm mluv\u010d\u00edm, jestli m\u00e1 reagovat. Kdy\u017e dostal mo\u017enost, zda m\u016f\u017ee slova kolegy komentovat, zavrt\u011bl hlavou: \u201eNe, nebudu je komentovat.\u201c<\/p>\n<p>Statistika favorizuje Pardubice<\/p>\n<p class=\"e_bV\">Pardubice vyhr\u00e1ly z\u00e1pas \u010d\u00edslo p\u011bt, kter\u00fd m\u00e1 za stavu 2:2\u00a0v\u00a0play off z\u00e1sadn\u00ed v\u00fdznam. Od roku 2018\u00a0v\u00a0extralize takov\u00e1 situace nastala v\u00a018\u00a0p\u0159\u00edpadech. Kdo p\u00e1t\u00e9 utk\u00e1n\u00ed zvl\u00e1dl, v\u011bt\u0161inou usp\u011bl v\u00a0cel\u00e9 s\u00e9rii a\u00a0postoupil. \u00dasp\u011b\u0161nost tady \u010din\u00ed 83\u00a0%. V\u00a0NHL se taky v\u017edycky vyzdvihuje magie z\u00e1pasu \u010d\u00edslo p\u011bt.<\/p>\n<p class=\"e_bV\">\u201eNe, tohle v\u016fbec neberu,\u201c odv\u011btil \u00fato\u010dn\u00edk Tom\u00e1\u0161 Vondr\u00e1\u010dek, kter\u00fd v\u00a0prodlou\u017een\u00ed vst\u0159elil v\u00edt\u011bzn\u00fd g\u00f3l Pardubic. \u201eBudu se ur\u010dit\u011b soust\u0159edit, abychom vyhr\u00e1li p\u0159\u00ed\u0161t\u00ed z\u00e1pas a\u00a0n\u011bjak\u00e9 statistiky nebo kouzla tady ne\u0159e\u0161\u00edm,\u201c p\u0159idal.<\/p>\n<p class=\"e_bV\">Pravidla se tady mo\u017en\u00e1 mohou m\u011bnit s\u00a0emocemi, kter\u00e9 do hry vstoupily o\u00a0v\u00edkendu. By\u0165 Jaroslav Nedv\u011bd tvrd\u00ed, \u017ee se nic nem\u011bn\u00ed: \u201eNo to my jsme nachystan\u00fd,\u201c pousm\u00e1l se. \u201eKluci budou celou cestu v\u00a0autobusu nad\u00e1vat, dob\u0159e se nave\u010de\u0159\u00ed a\u00a0jdeme na dal\u0161\u00ed z\u00e1pas,\u201c doplnil.<\/p>\n<p class=\"e_bV\">Dlouho by \u0161lo debatovat, jestli v\u00a0p\u00e1t\u00e9m z\u00e1pase byla tak v\u00fdjime\u010dn\u00e1 Sparta, kterou n\u011bkolikr\u00e1t vychytal Roman Will, nebo byl tak dominantn\u00ed Roman \u010cervenka. Pardubick\u00fd l\u00eddr tentokr\u00e1t nenahr\u00e1val, ale p\u00e1lil. Dal dva g\u00f3ly, mohl d\u00e1t i\u00a0t\u0159et\u00ed v\u00a0prodlou\u017een\u00ed, tam u\u017e zase ale hledal l\u00e9pe postaven\u00e9 spoluhr\u00e1\u010de.<\/p>\n<p class=\"e_bV\">Z hokejov\u00e9ho pohledu sledujeme velk\u00e9 mistrovstv\u00ed, boj.<\/p>\n<p class=\"e_bV\">\u201eNen\u00ed bl\u00ed\u017e,\u201c odm\u00edtl \u010cervenka t\u00e9ma, \u017ee u\u017e jsou Pardubice na posledn\u00edm schodu, kdy sta\u010d\u00ed jednou vyhr\u00e1t a\u00a0jdou do fin\u00e1le proti T\u0159inci. \u201eKdy\u017e vyhrajete v\u00a0prodlou\u017een\u00ed, emoce samoz\u0159ejm\u011b m\u00e1te. Ale mus\u00edme se krotit,\u201c zahl\u00e1sil.<\/p>\n<p><a data-dot=\"mol-article-card-media\" aria-hidden=\"true\" tabindex=\"-1\" href=\"https:\/\/www.seznamzpravy.cz\/clanek\/sport-hokej-pardubicka-hala-za-15-miliard-konkurenci-nema-byt-praha-ale-londyn-303226\" class=\"e_n f_lY\" rel=\"nofollow noopener\" target=\"_blank\"><img height=\"1891\"   width=\"3362\" src=\"https:\/\/www.europesays.com\/cz\/wp-content\/uploads\/2026\/04\/1775951291_197_hala.jpeg\" loading=\"lazy\" decoding=\"async\" class=\"e_aa e_Z e_T\"\/><\/a><\/p>\n<p class=\"e_bV\">Uk\u00e1zal dobr\u00fd p\u0159ehled, \u017ee se vyzn\u00e1 v\u00a0tom, jak um\u00ed hr\u00e1t Sparta pod hrozbou vy\u0159azen\u00ed: \u201ePoj\u010fme si \u0159\u00edct na rovinu, \u017ee Sparta nehraje stejn\u00fd hokej jak na za\u010d\u00e1tku play off. Semknuli se, oto\u010dili dv\u011b s\u00e9rie. Takov\u00e9 situace jsem u\u017e taky za\u017eil, v\u00edm, co s\u00a0t\u00fdmem ud\u011blaj\u00ed. V\u011b\u0159\u00edm ale, \u017ee my v\u00a0O2\u00a0aren\u011b odehrajeme nejlep\u0161\u00ed z\u00e1pas s\u00e9rie.\u201c<\/p>\n<p class=\"e_bV\">Ot\u00e1zkou te\u010f je, v\u00a0jak divok\u00e9 atmosf\u00e9\u0159e se bitva dvou nejbohat\u0161\u00edch t\u00fdm\u016f \u010ceska odehraje. Do soboty sporn\u00e9 verdikty z\u016fstaly na led\u011b a\u00a0v\u00e1lka mezi dv\u011bma mocn\u00fdmi kluby taky. Od v\u00edkendu se p\u0159enesla d\u00e1l.<\/p>\n","protected":false},"excerpt":{"rendered":"Emoce kolem s\u00e9rie Pardubic se Spartou se \u010d\u00edm d\u00e1l t\u00edm v\u00edc \u0161roubuj\u00ed. Sparta se dostala do situace, kterou&hellip;\n","protected":false},"author":2,"featured_media":52299,"comment_status":"","ping_status":"","sticky":false,"template":"","format":"standard","meta":{"footnotes":"","_share_on_mastodon":"0"},"categories":[15],"tags":[4992,3541,29,4851,12718,8854,139,19069,94,93,2729],"class_list":["post-52298","post","type-post","status-publish","format-standard","has-post-thumbnail","category-sport","tag-hc-dynamo-pardubice","tag-hc-sparta-praha","tag-hokej","tag-jaroslav-nedved","tag-petr-dedek","tag-play-off-extraligy","tag-roman-cervenka","tag-roman-will","tag-sport","tag-sports","tag-tipsport-extraliga"],"share_on_mastodon":{"url":"https:\/\/pubeurope.com\/@cz\/116388751195550766","error":""},"_links":{"self":[{"href":"https:\/\/www.europesays.com\/cz\/wp-json\/wp\/v2\/posts\/52298","targetHints":{"allow":["GET"]}}],"collection":[{"href":"https:\/\/www.europesays.com\/cz\/wp-json\/wp\/v2\/posts"}],"about":[{"href":"https:\/\/www.europesays.com\/cz\/wp-json\/wp\/v2\/types\/post"}],"author":[{"embeddable":true,"href":"https:\/\/www.europesays.com\/cz\/wp-json\/wp\/v2\/users\/2"}],"replies":[{"embeddable":true,"href":"https:\/\/www.europesays.com\/cz\/wp-json\/wp\/v2\/comments?post=52298"}],"version-history":[{"count":0,"href":"https:\/\/www.europesays.com\/cz\/wp-json\/wp\/v2\/posts\/52298\/revisions"}],"wp:featuredmedia":[{"embeddable":true,"href":"https:\/\/www.europesays.com\/cz\/wp-json\/wp\/v2\/media\/52299"}],"wp:attachment":[{"href":"https:\/\/www.europesays.com\/cz\/wp-json\/wp\/v2\/media?parent=52298"}],"wp:term":[{"taxonomy":"category","embeddable":true,"href":"https:\/\/www.europesays.com\/cz\/wp-json\/wp\/v2\/categories?post=52298"},{"taxonomy":"post_tag","embeddable":true,"href":"https:\/\/www.europesays.com\/cz\/wp-json\/wp\/v2\/tags?post=52298"}],"curies":[{"name":"wp","href":"https:\/\/api.w.org\/{rel}","templated":true}]}}