{"id":52838,"date":"2026-04-12T15:34:11","date_gmt":"2026-04-12T15:34:11","guid":{"rendered":"https:\/\/www.europesays.com\/cz\/52838\/"},"modified":"2026-04-12T15:34:11","modified_gmt":"2026-04-12T15:34:11","slug":"iran-ma-porad-tisice-balistickych-raket-v-ukrytech-uz-je-uvolnuje","status":"publish","type":"post","link":"https:\/\/www.europesays.com\/cz\/52838\/","title":{"rendered":"\u00cdr\u00e1n m\u00e1 po\u0159\u00e1d tis\u00edce balistick\u00fdch raket v\u00a0\u00fakrytech. U\u017e je uvol\u0148uje"},"content":{"rendered":"<p class=\"c_bz\">Americk\u00fd ministr obrany Pete Hegseth tento t\u00fdden uvedl, \u017ee odpalovac\u00ed za\u0159\u00edzen\u00ed a\u00a0rakety \u201ebyly vy\u010derp\u00e1ny a\u00a0zdecimov\u00e1ny a\u00a0z v\u011bt\u0161\u00ed \u010d\u00e1sti jsou zcela neefektivn\u00ed\u201c. Americk\u00e9 zpravodajsk\u00e9 zdroje ale podle listu <a data-dot=\"atm-link\" target=\"_blank\" rel=\"noopener nofollow\" href=\"https:\/\/www.wsj.com\/world\/middle-east\/iran-has-thousands-of-missiles-and-could-retrieve-launchers-u-s-intelligence-finds-eaa230ec?mod=WSJ_home_mediumtopper_pos_1\" class=\"c_N\">The Wall Street Journal <\/a>p\u0159in\u00e1\u0161ej\u00ed trochu jin\u00fd obr\u00e1zek. \u00cdr\u00e1n podle nich m\u016f\u017ee \u010d\u00e1st sv\u00fdch raketov\u00fdch sil obnovit.<\/p>\n<p class=\"c_bz\">Ameri\u010dt\u00ed p\u0159edstavitel\u00e9 sice uv\u00e1d\u011bj\u00ed, \u017ee v\u00edce ne\u017e polovina odpalovac\u00edch za\u0159\u00edzen\u00ed byla zni\u010dena, po\u0161kozena nebo je uv\u011bzn\u011bna v\u00a0podzem\u00ed, mnoho z\u00a0nich ale m\u016f\u017ee b\u00fdt vykop\u00e1no \u010di opraveno.<\/p>\n<p class=\"c_bz\">Podle izraelsk\u00fdch obrann\u00fdch sil zni\u010dil Izrael asi dv\u011b st\u011b z\u00a0odhadovan\u00fdch 470\u00a0odpalovac\u00edch za\u0159\u00edzen\u00ed, napsal list <a data-dot=\"atm-link\" target=\"_blank\" rel=\"noopener nofollow\" href=\"https:\/\/www.timesofisrael.com\/us-intel-said-to-assess-iran-can-recover-underground-launchers-fire-thousands-of-missiles\/\" class=\"c_N\">The Times of Israel<\/a>. Dal\u0161\u00edch 80\u00a0je jich neschopn\u00fdch pou\u017eit\u00ed, nebo\u0165 jsou v\u00a0podzemn\u00edch bunkrech, jejich\u017e vstupy jsou zavalen\u00e9. Ty se v\u0161ak mohou b\u011bhem dvout\u00fddenn\u00edho p\u0159\u00edm\u011b\u0159\u00ed opravit.<\/p>\n<p><a data-dot=\"atm-link\" target=\"_self\" href=\"https:\/\/www.novinky.cz\/clanek\/zahranicni-blizky-a-stredni-vychod-iran-nedokaze-vylovit-miny-nakladene-v-hormuzskem-prulivu-40572757\" class=\"c_N\" rel=\"nofollow noopener\"><img fetchpriority=\"high\" height=\"1284\" width=\"2283\" src=\"https:\/\/www.europesays.com\/cz\/wp-content\/uploads\/2026\/04\/1775915287_865_844d.jpeg\" loading=\"eager\" decoding=\"sync\" class=\"c_t c_r\"\/><\/a><\/p>\n<p class=\"c_bz\">\u201e\u00cdr\u00e1nci uk\u00e1zali zaznamen\u00e1n\u00edhodnou schopnost inovovat a\u00a0rychle obnovovat sv\u00e9 s\u00edly,\u201c upozornil b\u00fdval\u00fd analytik CIA Kenneth Pollack, kter\u00fd nyn\u00ed p\u016fsob\u00ed v\u00a0Institutu pro St\u0159edn\u00ed v\u00fdchod. \u201eJako protivn\u00edk vzbuzuj\u00ed mnohem v\u011bt\u0161\u00ed respekt ne\u017e v\u011bt\u0161ina bl\u00edzkov\u00fdchodn\u00edch arm\u00e1d krom\u011b Izraelc\u016f,\u201c dodal.<\/p>\n<p>Zb\u00fdv\u00e1 tis\u00edc raket st\u0159edn\u00edho doletu <\/p>\n<p class=\"c_bz\">By\u0165 byla zni\u010dena polovina balistick\u00fdch raket, \u00cdr\u00e1n m\u00e1 po\u0159\u00e1d v\u00a0arzen\u00e1lu n\u011bkolik tis\u00edc balistick\u00fdch raket kr\u00e1tk\u00e9ho a\u00a0st\u0159edn\u00edho doletu, ozn\u00e1mili ameri\u010dt\u00ed a\u00a0izrael\u0161t\u00ed p\u0159edstavitel\u00e9. \u010c\u00e1st je jich v\u00a0podzem\u00ed. Podle Izraele zb\u00fdv\u00e1 Teher\u00e1nu v\u00edce ne\u017e tis\u00edc z\u00a0odhadovan\u00fdch 2500\u00a0balistick\u00fdch raket st\u0159edn\u00edho doletu.<\/p>\n<p class=\"c_bz\">Mluv\u010d\u00ed americk\u00e9ho velitelstv\u00ed CENTCOM, pod kter\u00e9 oblast Bl\u00edzk\u00e9ho v\u00fdchodu spad\u00e1, odm\u00edtl komentovat tato \u010d\u00edsla.<\/p>\n<p class=\"c_bz\">List The Wall Street Journal upozor\u0148uje, \u017ee v\u00a0konfliktu \u010delil \u00cdr\u00e1n jen \u00fatok\u016fm ze vzduchu. U\u017e v\u00e1lka v\u00a0Z\u00e1livu s\u00a0Ir\u00e1kem v\u00a0roce 1991\u00a0v\u0161ak uk\u00e1zala, \u017ee ke zni\u010den\u00ed balistick\u00fdch raket bylo nutn\u00e9 vyslat t\u00fdmy speci\u00e1ln\u00edch sil, proto\u017ee byly odpalov\u00e1ny z\u00a0mobiln\u00edch ramp.<\/p>\n<p class=\"c_bz\">Izrael otev\u0159en\u011b p\u0159izn\u00e1v\u00e1, \u017ee nem\u016f\u017ee zcela vymazat schopnost \u00cdr\u00e1nu vypalovat balistick\u00e9 rakety, ale \u017ee v\u00a0posledn\u00edch dnech konfliktu jich \u00cdr\u00e1n u\u017e vypaloval ka\u017ed\u00fd den tak deset a\u017e patn\u00e1ct, co\u017e je v\u00fdrazn\u00fd pokles ve srovn\u00e1n\u00ed s\u00a0prvn\u00edmi dny konfliktu.<\/p>\n<p class=\"c_bz\">\u00cdr\u00e1nu tak\u00e9 zb\u00fdv\u00e1 men\u0161\u00ed z\u00e1soba st\u0159el s\u00a0plochou dr\u00e1hou letu, kter\u00e9 p\u0159\u00edli\u0161 v\u00a0konfliktu nenasazoval, ale mohl by je p\u0159\u00edpadn\u011b pou\u017e\u00edt proti lod\u00edm v\u00a0Persk\u00e9m z\u00e1livu. I\u00a0dron\u016f mu zbyla jen polovina, ale m\u016f\u017ee dal\u0161\u00ed z\u00edskat z\u00a0Ruska.<\/p>\n<p>Hlavn\u00ed bylo zni\u010dit tov\u00e1rny<\/p>\n<p class=\"c_bz\">Podle izraelsk\u00e9 arm\u00e1dy je pro \u00cdr\u00e1n nejv\u00e1\u017en\u011bj\u0161\u00ed ranou, \u017ee byly zni\u010deny tov\u00e1rny na v\u00fdrobu zbran\u00ed, tak\u017ee nyn\u00ed nemohou vyr\u00e1b\u011bt \u017e\u00e1dn\u00e9 rakety. Bez Ruska a\u00a0\u010c\u00edny nen\u00ed Teher\u00e1n s\u00a0to sv\u016fj raketov\u00fd program nyn\u00ed obnovit. \u010c\u00edna mu je\u0161t\u011b p\u0159ed v\u00e1lkou ochotn\u011b pom\u00e1hala obnovit arzen\u00e1l raket, kdy\u017e mu dodala prekurzory pro v\u00fdrobu paliva pro rakety s\u00a0tuh\u00fdmi pohonn\u00fdmi hmotami.<\/p>\n<p class=\"c_bz\">Aby \u00cdr\u00e1n nemohl obnovit sv\u00e9 raketov\u00e9 s\u00edly, musej\u00ed d\u00e1l fungovat tvrd\u00e9 sankce. \u00cdr\u00e1n ov\u0161em klade p\u0159i jedn\u00e1n\u00ed o\u00a0p\u0159\u00edm\u011b\u0159\u00ed mimo\u0159\u00e1dn\u00fd d\u016fraz na zru\u0161en\u00ed sankc\u00ed, co\u017e by mu usnadnilo dost\u00e1vat do zem\u011b v\u00fdrobky dvoj\u00edho ur\u010den\u00ed. Nav\u00edc by z\u00edskal pen\u00edze na obnovu zni\u010den\u00fdch za\u0159\u00edzen\u00ed, mezi nimi\u017e jsou pr\u00e1v\u011b tov\u00e1rny na v\u00fdrobu balistick\u00fdch raket a\u00a0paliv pro n\u011b.<\/p>\n<p><a data-dot=\"atm-link\" target=\"_self\" href=\"https:\/\/www.novinky.cz\/clanek\/ekonomika-iranskym-bankam-hrozi-bankrot-zeme-je-na-pokraji-zhrouceni-40572747\" class=\"c_N\" rel=\"nofollow noopener\"><img height=\"2304\" width=\"4096\" src=\"https:\/\/www.europesays.com\/cz\/wp-content\/uploads\/2026\/04\/1775915288_474_e34f.jpeg\" loading=\"eager\" decoding=\"sync\" class=\"c_t c_r\"\/><\/a><\/p>\n","protected":false},"excerpt":{"rendered":"Americk\u00fd ministr obrany Pete Hegseth tento t\u00fdden uvedl, \u017ee odpalovac\u00ed za\u0159\u00edzen\u00ed a\u00a0rakety \u201ebyly vy\u010derp\u00e1ny a\u00a0zdecimov\u00e1ny a\u00a0z v\u011bt\u0161\u00ed \u010d\u00e1sti&hellip;\n","protected":false},"author":2,"featured_media":52839,"comment_status":"","ping_status":"","sticky":false,"template":"","format":"standard","meta":{"footnotes":"","_share_on_mastodon":"0"},"categories":[11],"tags":[356,464,808,7825,10181,2613,54,113,53,52],"class_list":["post-52838","post","type-post","status-publish","format-standard","has-post-thumbnail","category-svet","tag-balisticka-raketa","tag-drony","tag-iran","tag-konflikt-usa-izrael-iran","tag-nalety","tag-raketa","tag-svet","tag-usa","tag-world","tag-world-news"],"share_on_mastodon":{"url":"https:\/\/pubeurope.com\/@cz\/116392471082878486","error":""},"_links":{"self":[{"href":"https:\/\/www.europesays.com\/cz\/wp-json\/wp\/v2\/posts\/52838","targetHints":{"allow":["GET"]}}],"collection":[{"href":"https:\/\/www.europesays.com\/cz\/wp-json\/wp\/v2\/posts"}],"about":[{"href":"https:\/\/www.europesays.com\/cz\/wp-json\/wp\/v2\/types\/post"}],"author":[{"embeddable":true,"href":"https:\/\/www.europesays.com\/cz\/wp-json\/wp\/v2\/users\/2"}],"replies":[{"embeddable":true,"href":"https:\/\/www.europesays.com\/cz\/wp-json\/wp\/v2\/comments?post=52838"}],"version-history":[{"count":0,"href":"https:\/\/www.europesays.com\/cz\/wp-json\/wp\/v2\/posts\/52838\/revisions"}],"wp:featuredmedia":[{"embeddable":true,"href":"https:\/\/www.europesays.com\/cz\/wp-json\/wp\/v2\/media\/52839"}],"wp:attachment":[{"href":"https:\/\/www.europesays.com\/cz\/wp-json\/wp\/v2\/media?parent=52838"}],"wp:term":[{"taxonomy":"category","embeddable":true,"href":"https:\/\/www.europesays.com\/cz\/wp-json\/wp\/v2\/categories?post=52838"},{"taxonomy":"post_tag","embeddable":true,"href":"https:\/\/www.europesays.com\/cz\/wp-json\/wp\/v2\/tags?post=52838"}],"curies":[{"name":"wp","href":"https:\/\/api.w.org\/{rel}","templated":true}]}}