{"id":54540,"date":"2026-04-14T11:39:11","date_gmt":"2026-04-14T11:39:11","guid":{"rendered":"https:\/\/www.europesays.com\/cz\/54540\/"},"modified":"2026-04-14T11:39:11","modified_gmt":"2026-04-14T11:39:11","slug":"modernizovany-mercedes-eqs-dostal-knipl-a-dojezd-pres-900-kilometru","status":"publish","type":"post","link":"https:\/\/www.europesays.com\/cz\/54540\/","title":{"rendered":"Modernizovan\u00fd Mercedes EQS dostal knipl a\u00a0dojezd p\u0159es 900\u00a0kilometr\u016f"},"content":{"rendered":"<p class=\"c_bz\">Modernizace elektrick\u00e9 limuz\u00edny Mercedes-Benz EQS se zam\u011b\u0159ila p\u0159edev\u0161\u00edm na techniku. V\u016fz tak pou\u017e\u00edv\u00e1 800V architekturu, nov\u00e9 elektrick\u00e9 motory s\u00a0dvourychlostn\u00ed p\u0159evodovkou na zadn\u00ed n\u00e1prav\u011b a\u00a0tak\u00e9 nov\u00e9 baterie, kter\u00e9 maj\u00ed optimalizovanou chemii a\u00a0v\u011bt\u0161\u00ed kapacitu, ov\u0161em p\u0159i zachov\u00e1n\u00ed velikosti.<\/p>\n<p class=\"c_bz\">Modely EQS 450+, EQS 500\u00a0a\u00a0EQS 500 4Matic nab\u00eddnou baterii o\u00a0kapacit\u011b 122\u00a0kWh nam\u00edsto 118\u00a0kWh. Z\u00e1kladn\u00ed model EQS 450+ s\u00a0pohonem pouze zadn\u00edch kol p\u0159itom nov\u011b slibuje dojezd a\u017e 926\u00a0kilometr\u016f, co\u017e p\u0159edstavuje zlep\u0161en\u00ed o\u00a0cca 13\u00a0%.<\/p>\n<p class=\"c_bz\">S pou\u017eit\u00edm 800V architektury do\u0161lo tak\u00e9 k\u00a0vylep\u0161en\u00ed nab\u00edjen\u00ed, kter\u00e9 je nov\u011b podporov\u00e1no p\u0159i v\u00fdkonu a\u017e 350\u00a0kW. Ji\u017e b\u011bhem 10\u00a0minut je tak mo\u017en\u00e9 z\u00edskat na dostate\u010dn\u011b v\u00fdkonn\u00fdch nab\u00edje\u010dk\u00e1ch dojezd a\u017e 320\u00a0kilometr\u016f. Na pomalej\u0161\u00edch 400V nab\u00edje\u010dk\u00e1ch je baterie virtu\u00e1ln\u011b rozd\u011blena a\u00a0ka\u017ed\u00e1 polovina se nab\u00edj\u00ed p\u0159i v\u00fdkonu 175\u00a0kW.<\/p>\n<p><a data-dot=\"atm-link\" target=\"_self\" href=\"https:\/\/www.novinky.cz\/clanek\/auto-eqs-predbehlo-dobu-o-deset-let-vysvetluje-si-mercedes-chladne-prijeti-elektricke-limuziny-40529122\" class=\"c_N\" rel=\"nofollow noopener\"><img fetchpriority=\"high\" height=\"2304\" width=\"4096\" src=\"https:\/\/www.europesays.com\/cz\/wp-content\/uploads\/2026\/04\/mercedes-benz-eqs-mercedes-benz-elektromobil.jpeg\" loading=\"eager\" decoding=\"sync\" class=\"c_t c_r\"\/><\/a><\/p>\n<p class=\"c_bz\">Automobilka tak\u00e9 vylep\u0161ila syst\u00e9m rekuperace, nov\u011b nab\u00edzej\u00edc\u00ed v\u00fdkon a\u017e 385\u00a0kW, a\u00a0poprv\u00e9 pou\u017eila syst\u00e9m Steer-by-wire. Kola tak nejsou s\u00a0volantem mechanicky propojena, d\u00edky \u010demu\u017e bylo mo\u017en\u00e9 volant nahradit futuristicky tvarovan\u00fdm kniplem, jen\u017e se ot\u00e1\u010d\u00ed v\u00a0men\u0161\u00edm rozsahu. Mercedes syst\u00e9m pou\u017eil jako prvn\u00ed n\u011bmeck\u00e1 automobilka.<\/p>\n<p class=\"c_bz\">Novinkou je tak\u00e9 vylep\u0161en\u00fd vzduchov\u00fd podvozek Airmatic, kter\u00fd pou\u017e\u00edv\u00e1 data z\u00a0cloudu a\u00a0je schopen se p\u0159edem p\u0159ipravit na tlumen\u00ed r\u016fzn\u00fdch nerovnost\u00ed. Tento syst\u00e9m u\u017e nab\u00edz\u00ed i\u00a0modely GLC \u010di nov\u00e1 t\u0159\u00edda S.<\/p>\n<p><img height=\"2344\"   width=\"4096\" src=\"https:\/\/www.europesays.com\/cz\/wp-content\/uploads\/2026\/04\/mercedes-mercedes-benz-eqs-limuzina-elektromobil.jpeg\" loading=\"eager\" decoding=\"sync\" class=\"c_t c_r\"\/>Foto: Mercedes-Benz<\/p>\n<p class=\"c_bz\">Vedle technick\u00fdch vylep\u0161en\u00ed ale do\u0161lo tak\u00e9 k\u00a0technologick\u00fdm vylep\u0161en\u00edm. V\u016fz nab\u00edz\u00ed schopnost automatick\u00e9ho parkov\u00e1n\u00ed ve st\u00edsn\u011bn\u00e9m prost\u0159ed\u00ed, m\u00e1 nov\u00e1 sv\u011btla s\u00a0o 40\u00a0% vy\u0161\u0161\u00edm v\u00fdkonem (a dosvitem a\u017e 600\u00a0metr\u016f) a\u00a0tak\u00e9 upravenou masku, kter\u00e1 m\u016f\u017ee b\u00fdt osv\u011btlena.<\/p>\n<p class=\"c_bz\">V kabin\u011b je novinkou vyh\u0159\u00edv\u00e1n\u00ed bezpe\u010dnostn\u00edch p\u00e1s\u016f, standardem je palubn\u00ed deska MBUX Hyperscreen s\u00a0\u00fahlop\u0159\u00ed\u010dkou 55\u00a0palc\u016f a\u00a0nechyb\u00ed ani vylep\u0161en\u00fd opera\u010dn\u00ed syst\u00e9m MB.OS s\u00a0hlasov\u00fdm ovl\u00e1d\u00e1n\u00edm a\u00a0podporou um\u011bl\u00e9 inteligence. Zadn\u00ed cestuj\u00edc\u00ed maj\u00ed k\u00a0dispozici dva 13,1palcov\u00e9 displeje a\u00a0novinkou je i\u00a0vylep\u0161en\u00fd filtra\u010dn\u00ed syst\u00e9m vzduchu s\u00a0HEPA filtry.<\/p>\n<p class=\"c_bz\">Modernizovan\u00fd Mercedes-Benz EQS na trhy doraz\u00ed z\u0159ejm\u011b v\u00a0druh\u00e9 polovin\u011b roku. Ceny zat\u00edm nezn\u00e1me.<\/p>\n<p><a data-dot=\"atm-link\" target=\"_self\" href=\"https:\/\/www.novinky.cz\/clanek\/auto-hvezdy-maji-snad-vsude-nejvetsi-suv-od-mercedesu-dostala-facelift-40570965\" class=\"c_N\" rel=\"nofollow noopener\"><img height=\"2304\" width=\"4096\" src=\"https:\/\/www.europesays.com\/cz\/wp-content\/uploads\/2026\/04\/1776166751_30_mercedes-benz.jpeg\" loading=\"eager\" decoding=\"sync\" class=\"c_t c_r\"\/><\/a><a data-dot=\"atm-link\" target=\"_self\" href=\"https:\/\/www.novinky.cz\/clanek\/auto-taxikar-najel-se-svym-mercedesem-46-milionu-kilometru-automobilka-mu-ho-vymenila-za-novy-40572336\" class=\"c_N\" rel=\"nofollow noopener\"><img height=\"1973\" width=\"3508\" src=\"https:\/\/www.europesays.com\/cz\/wp-content\/uploads\/2026\/04\/1776166751_399_mercedes-benz-w115-240d-taxi-gregorios-sachinidis-sachinidis.jpeg\" loading=\"eager\" decoding=\"sync\" class=\"c_t c_r\"\/><\/a><\/p>\n","protected":false},"excerpt":{"rendered":"Modernizace elektrick\u00e9 limuz\u00edny Mercedes-Benz EQS se zam\u011b\u0159ila p\u0159edev\u0161\u00edm na techniku. V\u016fz tak pou\u017e\u00edv\u00e1 800V architekturu, nov\u00e9 elektrick\u00e9 motory&hellip;\n","protected":false},"author":2,"featured_media":54541,"comment_status":"","ping_status":"","sticky":false,"template":"","format":"standard","meta":{"footnotes":"","_share_on_mastodon":"0"},"categories":[12],"tags":[67,68,133,7829,19605,3539,1215],"class_list":["post-54540","post","type-post","status-publish","format-standard","has-post-thumbnail","category-byznys","tag-business","tag-byznys","tag-elektromobily-ev","tag-limuzina","tag-mercedes-eqs","tag-mercedes-benz","tag-sedan"],"share_on_mastodon":{"url":"https:\/\/pubeurope.com\/@cz\/116402871657331232","error":""},"_links":{"self":[{"href":"https:\/\/www.europesays.com\/cz\/wp-json\/wp\/v2\/posts\/54540","targetHints":{"allow":["GET"]}}],"collection":[{"href":"https:\/\/www.europesays.com\/cz\/wp-json\/wp\/v2\/posts"}],"about":[{"href":"https:\/\/www.europesays.com\/cz\/wp-json\/wp\/v2\/types\/post"}],"author":[{"embeddable":true,"href":"https:\/\/www.europesays.com\/cz\/wp-json\/wp\/v2\/users\/2"}],"replies":[{"embeddable":true,"href":"https:\/\/www.europesays.com\/cz\/wp-json\/wp\/v2\/comments?post=54540"}],"version-history":[{"count":0,"href":"https:\/\/www.europesays.com\/cz\/wp-json\/wp\/v2\/posts\/54540\/revisions"}],"wp:featuredmedia":[{"embeddable":true,"href":"https:\/\/www.europesays.com\/cz\/wp-json\/wp\/v2\/media\/54541"}],"wp:attachment":[{"href":"https:\/\/www.europesays.com\/cz\/wp-json\/wp\/v2\/media?parent=54540"}],"wp:term":[{"taxonomy":"category","embeddable":true,"href":"https:\/\/www.europesays.com\/cz\/wp-json\/wp\/v2\/categories?post=54540"},{"taxonomy":"post_tag","embeddable":true,"href":"https:\/\/www.europesays.com\/cz\/wp-json\/wp\/v2\/tags?post=54540"}],"curies":[{"name":"wp","href":"https:\/\/api.w.org\/{rel}","templated":true}]}}