{"id":55662,"date":"2026-04-15T12:59:14","date_gmt":"2026-04-15T12:59:14","guid":{"rendered":"https:\/\/www.europesays.com\/cz\/55662\/"},"modified":"2026-04-15T12:59:14","modified_gmt":"2026-04-15T12:59:14","slug":"vladni-skrty-dopadly-i-na-prestizni-nemocnici","status":"publish","type":"post","link":"https:\/\/www.europesays.com\/cz\/55662\/","title":{"rendered":"Vl\u00e1dn\u00ed \u0161krty dopadly i\u00a0na presti\u017en\u00ed nemocnici"},"content":{"rendered":"<p class=\"e_bW\">Ministerstvo obrany m\u00e1 letos v\u00a0rozpo\u010dtu o\u00a021\u00a0miliard korun m\u00e9n\u011b, ne\u017e kolik sl\u00edbila p\u0159edchoz\u00ed vl\u00e1da. Jej\u00ed n\u00e1vrh p\u0159es nov\u00fd kabinet Andreje Babi\u0161e (ANO) ale nepro\u0161el, a\u00a0tak arm\u00e1da, ale i\u00a0dal\u0161\u00ed slo\u017eky resortu, musely p\u0159epracovat sv\u00e9 pl\u00e1ny pro rok 2026, aby se p\u0159izp\u016fsobily nov\u00fdm podm\u00ednk\u00e1m.<\/p>\n<p class=\"e_bW\">Poc\u00edtily to i\u00a0t\u0159i vojensk\u00e9 nemocnice, kter\u00e9 jsou p\u0159\u00edsp\u011bvkov\u00fdmi organizacemi Ministerstva obrany. Ta nejv\u011bt\u0161\u00ed z\u00a0nich, \u00dast\u0159edn\u00ed vojensk\u00e1 nemocnice v\u00a0Praze (\u00daVN), tak dostala letos od resortu obrany v\u00fdrazn\u011b ni\u017e\u0161\u00ed p\u0159\u00edsp\u011bvek na investice, ne\u017e byl p\u016fvodn\u00ed pl\u00e1n &#8211; 90\u00a0milion\u016f korun m\u00edsto slibovan\u00fdch 500\u00a0milion\u016f. Vypl\u00fdv\u00e1 to z\u00a0\u010d\u00edsel poskytnut\u00fdch ministerstvem.<\/p>\n<p class=\"e_bW\">Tyto pen\u00edze m\u011bly slou\u017eit k\u00a0pos\u00edlen\u00ed kybernetick\u00e9 bezpe\u010dnosti nemocnice, k\u00a0oprav\u011b kotelny nebo na rekonstrukci jednoho z \u201eenergocenter\u201c, kter\u00e9 \u00daVN dod\u00e1vaj\u00ed elekt\u0159inu. Letos se s\u00a0nimi ale neza\u010dne.<\/p>\n<p class=\"e_bW\">\u201eResort m\u00e1 sice letos sn\u00ed\u017een\u00fd rozpo\u010dtov\u00fd r\u00e1mec, ale u\u00a0prob\u00edhaj\u00edc\u00edch investic se nic nem\u011bn\u00ed. Pouze investice, u\u00a0kter\u00fdch je\u0161t\u011b neb\u011b\u017eelo v\u00fdb\u011brov\u00e9 \u0159\u00edzen\u00ed, se posouvaj\u00ed v\u00a0\u010dase. Nic v\u0161ak nebr\u00e1n\u00ed tomu, aby se na n\u011b p\u0159ipravovaly sout\u011b\u017ee ji\u017e nyn\u00ed, jejich financov\u00e1n\u00ed pot\u00e9 bude zah\u00e1jeno v\u00a0roce 2027, p\u0159\u00edpadn\u011b 2028,\u201c uv\u00e1d\u00ed vrchn\u00ed \u0159editelka Marta Kopeck\u00e1, kter\u00e1 m\u00e1 na Ministerstvu obrany pod sebou pr\u00e1v\u011b i\u00a0p\u0159\u00edsp\u011bvkov\u00e9 organizace resortu.<\/p>\n<p class=\"e_bW\">O tom nejsou zcela p\u0159esv\u011bd\u010deni n\u00e1m\u011bstci \u0159editele \u00daVN, kte\u0159\u00ed na za\u010d\u00e1tku b\u0159ezna sv\u00e9mu \u0161\u00e9fovi V\u00e1clavu Masopustovi napsali dopis, kde ho \u017e\u00e1daj\u00ed o\u00a0stanovisko, co maj\u00ed vzhledem k\u00a0nedostatku financ\u00ed na pot\u0159ebn\u00e9 investice d\u011blat. Kopii listu m\u00e1 redakce k\u00a0dispozici. Podepsalo se pod n\u011bj p\u011bt ze \u0161esti tehdej\u0161\u00edch n\u00e1m\u011bstk\u016f. <\/p>\n<p>V havarijn\u00edm stavu<\/p>\n<p class=\"e_bW\">Nejde p\u0159itom jen o\u00a0velk\u00e9 projekty, jako jsou zmi\u0148ovan\u00e9 rekonstrukce, ale tak\u00e9 o\u00a0obm\u011bnu zdravotn\u00edch p\u0159\u00edstroj\u016f. Na hran\u011b funk\u010dnosti je podle ned\u00e1vno odvolan\u00e9ho ekonomick\u00e9ho n\u00e1m\u011bstka \u00daVN Tom\u00e1\u0161e Perutky vybaven\u00ed za skoro 70\u00a0milion\u016f korun.<\/p>\n<p class=\"e_bW\">\u201eTyto p\u0159\u00edstroje jsou v\u00a0havarijn\u00edm stavu, tedy nezp\u016fsobil\u00e9 k\u00a0provozov\u00e1n\u00ed. Kdy\u017e je nenahrad\u00edme, vystavujeme do budoucna nemocnici riziku, \u017ee nebude schopna udr\u017eet st\u00e1vaj\u00edc\u00ed \u00farove\u0148 poskytnut\u00ed l\u00e9ka\u0159sk\u00e9 p\u00e9\u010de,\u201c popsal redakci Perutka. <\/p>\n<p class=\"e_bW\">Pr\u00e1v\u011b Perutka upozor\u0148oval na \u00fadajn\u00e9 podfinancov\u00e1n\u00ed nemocnice i\u00a0Martu Kopeckou z\u00a0Ministerstva obrany. <\/p>\n<p class=\"e_bW\">\u201eU\u010dinil jsem tak j\u00e1, a\u010d jsem o\u010dek\u00e1val, \u017ee tak v\u00a0prvn\u00ed \u0159ad\u011b u\u010din\u00ed \u0159editel (V\u00e1clav Masopust). Domn\u00edv\u00e1m se, \u017ee jsem postupoval opr\u00e1vn\u011bn\u011b, \u017ee jako\u017eto spr\u00e1vce rozpo\u010dtu snad m\u00e1m pr\u00e1vo takovou n\u00e1mitku vyj\u00e1d\u0159it,\u201c \u0159\u00edk\u00e1 Perutka s\u00a0t\u00edm, \u017ee mu \u0159editel tento postup \u00fadajn\u011b zazl\u00edval.<\/p>\n<p><a data-dot=\"mol-article-card-media\" aria-hidden=\"true\" tabindex=\"-1\" href=\"https:\/\/www.seznamzpravy.cz\/clanek\/domaci-zivot-v-cesku-armada-spocitala-co-ji-ceka-pri-usporach-utajeny-spis-vesti-hlubokou-krizi-301321\" class=\"e_n f_l-\" rel=\"nofollow noopener\" target=\"_blank\"><img fetchpriority=\"high\" height=\"538\"   width=\"956\" src=\"https:\/\/www.europesays.com\/cz\/wp-content\/uploads\/2026\/03\/1773498850_178_tank-leopard-2a8.jpeg\" loading=\"eager\" decoding=\"sync\" class=\"e_aa e_Z\"\/><\/a><\/p>\n<p class=\"e_bW\">\u201eSna\u017eila jsem se vysv\u011btlit p\u00e1n\u016fm n\u00e1m\u011bstk\u016fm, \u017ee nehospoda\u0159\u00ed pouze s\u00a0finan\u010dn\u00edmi prost\u0159edky od Ministerstva obrany,\u201c \u0159\u00edk\u00e1 k\u00a0tomu Kopeck\u00e1 s\u00a0t\u00edm, \u017ee ministerstvo p\u0159isp\u00edv\u00e1 nemocnici nejv\u00fd\u0161e 15\u00a0procent z\u00a0celkov\u00fdch n\u00e1klad\u016f, zbytek j\u00ed plyne od zdravotn\u00edch poji\u0161\u0165oven a\u00a0\u010d\u00e1st pen\u011bz si \u00daVN vyd\u011bl\u00e1 sama. Kopeck\u00e1 tak\u00e9 dod\u00e1v\u00e1, \u017ee si vy\u017e\u00e1dala informace o\u00a0aktu\u00e1ln\u00ed ekonomick\u00e9 situaci \u00daVN, ty by m\u011bl p\u0159in\u00e9st chystan\u00fd audit.<\/p>\n<p class=\"e_bW\">Krom\u011b zmi\u0148ovan\u00e9ho p\u0159\u00edsp\u011bvku na investice dost\u00e1vaj\u00ed vojensk\u00e9 nemocnice od sv\u00e9ho z\u0159izovatele i\u00a0p\u0159\u00edsp\u011bvek na provoz. \u00daVN takto loni dostala 791\u00a0milion\u016f korun, podle p\u016fvodn\u00edho n\u00e1vrhu rozpo\u010dtu j\u00ed m\u011bl resort letos poslat 674\u00a0milion\u016f, nakonec m\u00e1 od ministerstva 624\u00a0milion\u016f korun, ukazuj\u00ed \u010d\u00edsla poskytnut\u00e1 tiskov\u00fdm odd\u011blen\u00edm.<\/p>\n<p>Vyt\u00fdkac\u00ed dopis a\u00a0odm\u011bna<\/p>\n<p class=\"e_bW\">Spor mezi \u0159editelem Masopustem a\u00a0jeho n\u00e1m\u011bstkem Perutkou vy\u00fastil na konci b\u0159ezna v\u00a0Perutkovo odvol\u00e1n\u00ed. Ten to vn\u00edm\u00e1 jako odvetu jednak za to, \u017ee upozor\u0148oval na sn\u00ed\u017een\u00ed p\u0159\u00edsp\u011bvku na investice, jednak za to, \u017ee po sv\u00e9m n\u00e1stupu do funkce v\u00a0roce 2024\u00a0nechal prov\u011b\u0159it, jak nemocnice po\u0159izuje l\u00e9ky. <\/p>\n<p class=\"e_bW\">Z toho vyplynulo, \u017ee \u0159ada l\u00e9k\u016f a\u00a0l\u00e9\u010div\u00fdch p\u0159\u00edpravk\u016f se do \u00daVN nakupuje podle jeho slov mimo re\u017eim z\u00e1kona o\u00a0ve\u0159ejn\u00fdch zak\u00e1zk\u00e1ch, tedy bez sout\u011b\u017ee.<\/p>\n<p class=\"e_bW\">\u201eNebyl jsem si jist\u00fd, jestli t\u011bmito n\u00e1kupy \u00daVN neprod\u011bl\u00e1v\u00e1, tak\u017ee jsem \u0159editeli \u0159ekl, \u017ee m\u00e1m obavu z\u00a0nehospod\u00e1rnosti p\u0159i po\u0159izov\u00e1n\u00ed l\u00e9k\u016f a\u00a0l\u00e9\u010div\u00fdch p\u0159\u00edpravk\u016f t\u00edmto zp\u016fsobem. Jeho reakce m\u011b p\u0159ekvapila, proto\u017ee m\u00edsto, aby se t\u00edm zab\u00fdval, mi vy\u010detl, \u017ee jsem objednal extern\u00ed audit, kter\u00fd st\u00e1l 50\u00a0tis\u00edc korun, a\u00a0\u017ee jsem nevym\u00e1hal pen\u00e1le z\u00a0prodlen\u00ed, proto\u017ee auditorsk\u00e1 firma nedodr\u017eela term\u00edn,\u201c tvrd\u00ed Perutka.<\/p>\n<p class=\"e_bW\">Zji\u0161t\u011bn\u00ed prov\u011b\u0159uje i\u00a0Vojensk\u00e1 policie. \u201eV t\u00e9to v\u011bci prob\u00edh\u00e1 trestn\u00ed \u0159\u00edzen\u00ed, kter\u00e9 se nyn\u00ed nach\u00e1z\u00ed v\u00a0neve\u0159ejn\u00e9 f\u00e1zi. Vojensk\u00e1 policie proto nebude poskytovat bli\u017e\u0161\u00ed informace,\u201c napsala redakci mluv\u010d\u00ed vojensk\u00fdch policist\u016f Nikola Rimkevi\u010d H\u00e1jkov\u00e1.<\/p>\n<p><a data-dot=\"mol-article-card-media\" aria-hidden=\"true\" tabindex=\"-1\" href=\"https:\/\/www.seznamzpravy.cz\/clanek\/domaci-zivot-v-cesku-kontrola-v-uvn-zjistila-pochybeni-pri-dodrzovani-vnitrnich-predpisu-283910\" class=\"e_n f_l-\" rel=\"nofollow noopener\" target=\"_blank\"><img height=\"1152\"   width=\"2048\" src=\"https:\/\/www.europesays.com\/cz\/wp-content\/uploads\/2026\/04\/244720173-967180630530293-3789559327613323224-n.jpeg\" loading=\"eager\" decoding=\"sync\" class=\"e_aa e_Z\"\/><\/a><\/p>\n<p class=\"e_bW\">\u0158editel Masopust prost\u0159ednictv\u00edm sv\u00e9 mluv\u010d\u00ed Perutkovo tvrzen\u00ed odm\u00edt\u00e1, odvolal ho pr\u00fd proto, \u017ee byl s\u00a0jeho prac\u00ed dlouhodob\u011b nespokojen\u00fd.  <\/p>\n<p class=\"e_bW\">\u201ePan \u0159editel zaslal panu Perutkovi vyt\u00fdkac\u00ed dopis a\u00a0z\u00e1rove\u0148 jej opakovan\u011b p\u0159edvolal k\u00a0pracovn\u00edm pohovor\u016fm t\u00fdkaj\u00edc\u00edm se finan\u010dn\u00edho \u0159\u00edzen\u00ed nemocnice. D\u016fvodem byla skute\u010dnost, \u017ee informace poskytovan\u00e9 panem n\u00e1m\u011bstkem byly dlouhodob\u011b nekonzistentn\u00ed a\u00a0neumo\u017e\u0148ovaly \u0159\u00e1dn\u00e9 \u0159\u00edzen\u00ed rozpo\u010dtu nemocnice,\u201c uvedla k\u00a0tomu mluv\u010d\u00ed \u00daVN Andrea \u0160torchov\u00e1.<\/p>\n<p class=\"e_bW\">\u201eKdy\u017e byl dlouhodob\u011b nespokojen\u00fd, pro\u010d mi dal v\u00a0prosinci 2025\u00a0finan\u010dn\u00ed odm\u011bnu?\u201c podivuje se Perutka. <\/p>\n<p class=\"e_bW\">Na jeho m\u00edsto, ale i\u00a0na post n\u00e1m\u011bstka \u0159editele pro logistiku a\u00a0na n\u00e1m\u011bstka pro nel\u00e9ka\u0159sk\u00e9 zdravotnick\u00e9 profese je te\u010f vypsan\u00e9 v\u00fdb\u011brov\u00e9 \u0159\u00edzen\u00ed.<\/p>\n<p class=\"e_bW\">Nejde o\u00a0prvn\u00ed p\u0159\u00edpad, kdy se presti\u017en\u00ed vojensk\u00e9 nemocnici dost\u00e1v\u00e1 pozornosti m\u00e9di\u00ed. <a data-dot=\"atm-link\" target=\"_blank\" rel=\"noopener nofollow\" href=\"https:\/\/www.irozhlas.cz\/zpravy-domov\/uvn-nemocnice-armada-lekar-vojak-nabor_2510240500_gut\" class=\"e_n\">\u010cesk\u00fd rozhlas<\/a> na podzim upozornil na spory v\u00a0p\u0159ezkumn\u00e9 komisi, kter\u00e1 schvaluje do slu\u017eby v\u00edc ne\u017e polovinu v\u0161ech nov\u00fdch voj\u00e1k\u016f. Uvedl tak\u00e9, \u017ee nemocnici opou\u0161t\u011bj\u00ed zku\u0161en\u00ed vojen\u0161t\u00ed l\u00e9ka\u0159i. \u00daVN to odm\u00edt\u00e1, komise podle n\u00ed funguje bezprobl\u00e9mov\u011b.<\/p>\n<p class=\"e_bW\">Server <a data-dot=\"atm-link\" target=\"_blank\" rel=\"noopener nofollow\" href=\"https:\/\/www.odkryto.cz\/ministerstvo-podalo-trestni-oznameni-kvuli-falesnemu-lustracnimu-osvedceni-v-uvn\/\" class=\"e_n\">Odkryto<\/a> pak popsal kauzu b\u00fdval\u00e9ho n\u00e1m\u011bstka Zde\u0148ka Brabce, kter\u00fd se podle zji\u0161t\u011bn\u00ed serveru prokazoval zfal\u0161ovan\u00fdm lustra\u010dn\u00edm osv\u011bd\u010den\u00edm, jak zjistil <a data-dot=\"atm-link\" target=\"_blank\" rel=\"noopener nofollow\" href=\"https:\/\/www.irozhlas.cz\/zpravy-domov\/policie-obvinila-byvaleho-namestka-ustredni-vojenske-nemocnice-mel-si-zfalsovat_2603181041_hrk?utm_source=chatgpt.com\" class=\"e_n\">iROZHLAS.cz<\/a>, letos v\u00a0b\u0159eznu ho kv\u016fli tomu obvinila Vojensk\u00e1 policie.<\/p>\n","protected":false},"excerpt":{"rendered":"Ministerstvo obrany m\u00e1 letos v\u00a0rozpo\u010dtu o\u00a021\u00a0miliard korun m\u00e9n\u011b, ne\u017e kolik sl\u00edbila p\u0159edchoz\u00ed vl\u00e1da. Jej\u00ed n\u00e1vrh p\u0159es nov\u00fd kabinet&hellip;\n","protected":false},"author":2,"featured_media":55663,"comment_status":"","ping_status":"","sticky":false,"template":"","format":"standard","meta":{"footnotes":"","_share_on_mastodon":"0"},"categories":[7],"tags":[43,42,41,40,9134,16150,562],"class_list":["post-55662","post","type-post","status-publish","format-standard","has-post-thumbnail","category-cesko","tag-ceska-republika","tag-cesko","tag-czech-republic","tag-czechia","tag-skrty","tag-ustredni-vojenska-nemocnice-uvn","tag-vlada-andreje-babise"],"share_on_mastodon":{"url":"https:\/\/pubeurope.com\/@cz\/116408848404078797","error":""},"_links":{"self":[{"href":"https:\/\/www.europesays.com\/cz\/wp-json\/wp\/v2\/posts\/55662","targetHints":{"allow":["GET"]}}],"collection":[{"href":"https:\/\/www.europesays.com\/cz\/wp-json\/wp\/v2\/posts"}],"about":[{"href":"https:\/\/www.europesays.com\/cz\/wp-json\/wp\/v2\/types\/post"}],"author":[{"embeddable":true,"href":"https:\/\/www.europesays.com\/cz\/wp-json\/wp\/v2\/users\/2"}],"replies":[{"embeddable":true,"href":"https:\/\/www.europesays.com\/cz\/wp-json\/wp\/v2\/comments?post=55662"}],"version-history":[{"count":0,"href":"https:\/\/www.europesays.com\/cz\/wp-json\/wp\/v2\/posts\/55662\/revisions"}],"wp:featuredmedia":[{"embeddable":true,"href":"https:\/\/www.europesays.com\/cz\/wp-json\/wp\/v2\/media\/55663"}],"wp:attachment":[{"href":"https:\/\/www.europesays.com\/cz\/wp-json\/wp\/v2\/media?parent=55662"}],"wp:term":[{"taxonomy":"category","embeddable":true,"href":"https:\/\/www.europesays.com\/cz\/wp-json\/wp\/v2\/categories?post=55662"},{"taxonomy":"post_tag","embeddable":true,"href":"https:\/\/www.europesays.com\/cz\/wp-json\/wp\/v2\/tags?post=55662"}],"curies":[{"name":"wp","href":"https:\/\/api.w.org\/{rel}","templated":true}]}}