{"id":57484,"date":"2026-04-17T07:28:09","date_gmt":"2026-04-17T07:28:09","guid":{"rendered":"https:\/\/www.europesays.com\/cz\/57484\/"},"modified":"2026-04-17T07:28:09","modified_gmt":"2026-04-17T07:28:09","slug":"pozar-v-prerovskem-podniku-meopta-skoda-50-milionu","status":"publish","type":"post","link":"https:\/\/www.europesays.com\/cz\/57484\/","title":{"rendered":"Po\u017e\u00e1r v\u00a0p\u0159erovsk\u00e9m podniku Meopta: \u0161koda 50\u00a0milion\u016f"},"content":{"rendered":"<p class=\"c_bz\">\u201eV rozvodn\u011b do\u0161lo k\u00a0po\u017e\u00e1ru elektroinstalace ve dvou patrech. \u0160koda, kter\u00e1 p\u0159i n\u011bm vznikla, byla odhadnuta na 50\u00a0milion\u016f korun. Hasi\u010di to hasili pr\u00e1\u0161kem,\u201c sd\u011blil v\u00a0p\u00e1tek Novink\u00e1m mluv\u010d\u00ed hasi\u010d\u016f Petr B\u011bhal.<\/p>\n<p class=\"c_bz\">Na m\u00edst\u011b podle n\u011bj zasahovali profesion\u00e1ln\u00ed hasi\u010di z\u00a0P\u0159erova, dr\u00e1\u017en\u00ed hasi\u010di z\u00a0P\u0159erova i\u00a0dobrovoln\u00e9 jednotky z\u00a0okol\u00ed. Z\u00e1sah trval p\u0159ibli\u017en\u011b p\u011bt hodin. \u201eP\u0159\u00ed\u010dina vzniku po\u017e\u00e1ru se vy\u0161et\u0159uje,\u201c doplnil B\u011bhal.<\/p>\n<p class=\"c_bz\">Meopta zam\u011bstn\u00e1v\u00e1 zhruba 1400\u00a0lid\u00ed, 90\u00a0procent produkce exportuje. Vlastn\u00ed ji nadn\u00e1rodn\u00ed investi\u010dn\u00ed fond Carlyle Group, kter\u00fd koupil stoprocentn\u00ed pod\u00edl v\u00a0Meopt\u011b v\u00a0roce 2023\u00a0od rodiny Rausnitz\u016f. <\/p>\n<p class=\"c_bz\">Podnik podle informac\u00ed na firemn\u00edch str\u00e1nk\u00e1ch vyv\u00edj\u00ed a\u00a0vyr\u00e1b\u00ed sv\u00e9 produkty p\u0159edev\u0161\u00edm v\u00a0\u010cesk\u00e9 republice. Portfolio jeho z\u00e1kazn\u00edk\u016f zahrnuje tak\u0159ka cel\u00fd sv\u011bt, od Spojen\u00fdch st\u00e1t\u016f americk\u00fdch p\u0159es Evropu, Izrael a\u00a0\u0159adu asijsk\u00fdch zem\u00ed.<\/p>\n<p class=\"c_bz\">Vzhledem k\u00a0ned\u00e1vn\u00e9mu po\u017e\u00e1ru v\u00a0Pardubic\u00edch, policie ujistila, \u017ee do are\u00e1lu Meopty nikdo nevnikl. <\/p>\n<p><a data-dot=\"atm-link\" target=\"_self\" href=\"https:\/\/www.novinky.cz\/clanek\/ekonomika-prerovska-firma-meopta-ziskala-obri-zakazku-techniku-doda-ctyrem-evropskym-armadam-40518361\" class=\"c_N\" rel=\"nofollow noopener\"><img fetchpriority=\"high\" height=\"2304\" width=\"4096\" src=\"https:\/\/www.europesays.com\/cz\/wp-content\/uploads\/2026\/04\/meopta.jpeg\" loading=\"eager\" decoding=\"sync\" class=\"c_t c_r\"\/><\/a><\/p>\n","protected":false},"excerpt":{"rendered":"\u201eV rozvodn\u011b do\u0161lo k\u00a0po\u017e\u00e1ru elektroinstalace ve dvou patrech. \u0160koda, kter\u00e1 p\u0159i n\u011bm vznikla, byla odhadnuta na 50\u00a0milion\u016f korun.&hellip;\n","protected":false},"author":2,"featured_media":57485,"comment_status":"","ping_status":"","sticky":false,"template":"","format":"standard","meta":{"footnotes":"","_share_on_mastodon":"0"},"categories":[7],"tags":[43,42,41,40,20392,735,3534],"class_list":["post-57484","post","type-post","status-publish","format-standard","has-post-thumbnail","category-cesko","tag-ceska-republika","tag-cesko","tag-czech-republic","tag-czechia","tag-meopta","tag-pozar","tag-prerov"],"share_on_mastodon":{"url":"https:\/\/pubeurope.com\/@cz\/116418871822840028","error":""},"_links":{"self":[{"href":"https:\/\/www.europesays.com\/cz\/wp-json\/wp\/v2\/posts\/57484","targetHints":{"allow":["GET"]}}],"collection":[{"href":"https:\/\/www.europesays.com\/cz\/wp-json\/wp\/v2\/posts"}],"about":[{"href":"https:\/\/www.europesays.com\/cz\/wp-json\/wp\/v2\/types\/post"}],"author":[{"embeddable":true,"href":"https:\/\/www.europesays.com\/cz\/wp-json\/wp\/v2\/users\/2"}],"replies":[{"embeddable":true,"href":"https:\/\/www.europesays.com\/cz\/wp-json\/wp\/v2\/comments?post=57484"}],"version-history":[{"count":0,"href":"https:\/\/www.europesays.com\/cz\/wp-json\/wp\/v2\/posts\/57484\/revisions"}],"wp:featuredmedia":[{"embeddable":true,"href":"https:\/\/www.europesays.com\/cz\/wp-json\/wp\/v2\/media\/57485"}],"wp:attachment":[{"href":"https:\/\/www.europesays.com\/cz\/wp-json\/wp\/v2\/media?parent=57484"}],"wp:term":[{"taxonomy":"category","embeddable":true,"href":"https:\/\/www.europesays.com\/cz\/wp-json\/wp\/v2\/categories?post=57484"},{"taxonomy":"post_tag","embeddable":true,"href":"https:\/\/www.europesays.com\/cz\/wp-json\/wp\/v2\/tags?post=57484"}],"curies":[{"name":"wp","href":"https:\/\/api.w.org\/{rel}","templated":true}]}}