{"id":58208,"date":"2026-04-17T22:36:11","date_gmt":"2026-04-17T22:36:11","guid":{"rendered":"https:\/\/www.europesays.com\/cz\/58208\/"},"modified":"2026-04-17T22:36:11","modified_gmt":"2026-04-17T22:36:11","slug":"roman-cervenka-sbalil-mladou-krasku-kapitan-narodaku-randi-s-hereckou-michaelou-pechackovou","status":"publish","type":"post","link":"https:\/\/www.europesays.com\/cz\/58208\/","title":{"rendered":"Roman \u010cervenka sbalil mladou kr\u00e1sku. Kapit\u00e1n n\u00e1ro\u010f\u00e1ku rand\u00ed s\u00a0here\u010dkou Michaelou Pech\u00e1\u010dkovou"},"content":{"rendered":"<p class=\"e_cy\">Hokejov\u00e1 hv\u011bzda Roman \u010cervenka (40) rozhodn\u011b nelen\u00ed. Po krachu man\u017eelstv\u00ed s\u00a0Veronikou Machovou si opora extraligov\u00fdch Pardubic i\u00a0\u010desk\u00e9ho n\u00e1ro\u010f\u00e1ku nabrnkla velmi p\u016fvabnou a\u00a0nadanou here\u010dku Michaelu Pech\u00e1\u010dkovou (22). Ta se do pov\u011bdom\u00ed \u0161irok\u00e9 ve\u0159ejnosti dostala p\u0159edev\u0161\u00edm skrze roli Sid v\u00a0seri\u00e1lu ZOO a\u00a0ZOO Nov\u00e9 za\u010d\u00e1tky.<\/p>\n<p><a data-dot=\"mol-article-card__media-link\" aria-hidden=\"true\" tabindex=\"-1\" href=\"https:\/\/medium.seznam.cz\/clanek\/sarka-pekova-jiri-prochazka-se-stal-otcem-zapasnik-se-pochlubil-novorozenou-dcerou-primo-na-porodnim-sale-265139\" class=\"e_x mol-article-card__media-link\" rel=\"nofollow noopener\" target=\"_blank\"><img fetchpriority=\"high\" alt=\"\" height=\"2462\"   width=\"3282\" src=\"https:\/\/www.europesays.com\/cz\/wp-content\/uploads\/2026\/04\/1776465371_813_jiri-prochazka.jpeg\" loading=\"eager\" decoding=\"sync\" class=\"e_ah e_af\"\/><\/a>Roman \u010cervenka rand\u00ed s\u00a0Michaelou Pech\u00e1\u010dkovou<\/p>\n<p class=\"e_cy\">Jak odhalil <a data-dot=\"atm-link\" target=\"_blank\" rel=\"ugc noopener nofollow\" href=\"https:\/\/www.blesk.cz\/clanek\/celebrity-ceske-celebrity\/837515\/hokejovy-sampion-roman-cervenka-po-krachu-manzelstvi-sbalil-slavnou-herecku.html\" class=\"e_x\">online den\u00edk Blesk<\/a>, zamilovan\u00e1 dvojice si vyrazila na pozdn\u00ed ve\u010de\u0159i do vyhl\u00e1\u0161en\u00e9 restaurace se specialitami z\u00a0Latinsk\u00e9 Ameriky. Pak spolu ruku v\u00a0ruce ode\u0161li dom\u016f, kde Roman \u017eil se svou b\u00fdvalou. Po\u0159\u00edzen\u00e9 sn\u00edmky nazna\u010duj\u00ed, \u017ee se nejedn\u00e1 o\u00a0kr\u00e1tkodob\u00fd rom\u00e1nek, ale o\u00a0velkou l\u00e1sku.<\/p>\n<p class=\"e_cy\">\u201eM\u00e1m r\u00e1da j\u00eddlo, tak se toho v\u016fbec nebojte,\u201c vzkazovala u\u017e d\u0159\u00edve Pech\u00e1\u010dkov\u00e1 p\u0159\u00edpadn\u00fdm ctitel\u016fm. V\u00a0na\u0161em <a data-dot=\"atm-link\" target=\"_blank\" rel=\"ugc noopener nofollow\" href=\"https:\/\/www.instagram.com\/p\/DP_ELTeiOAA\/\" class=\"e_x\">spole\u010dn\u00e9m rozhovoru <\/a>mi M\u00ed\u0161a prozradila, \u017ee nem\u00e1 vyhran\u011bn\u00fd typ mu\u017ee, kter\u00fd by ji zaujal. \u201eHlavn\u011b mi mus\u00ed b\u00fdt s\u00a0t\u00edm chlapem dob\u0159e. Mus\u00ed m\u00edt hlavn\u011b podobn\u00fd humor,\u201c \u0159ekla mi s\u00a0\u00fasm\u011bvem p\u0159irozen\u011b kr\u00e1sn\u00e1 plavovl\u00e1ska, je\u017e se zam\u011b\u0159uje p\u0159edev\u0161\u00edm na vlastnosti prot\u011bj\u0161ka. <\/p>\n<p class=\"e_cy\">\u201eMu\u017e m\u011b zaujme, kdy\u017e je mil\u00fd, pozorn\u00fd, charismatick\u00fd, vtipn\u00fd,\u201c sd\u011blila mi M\u00ed\u0161a s\u00a0t\u00edm, \u017ee rad\u011bji preferuje osobn\u00ed sezn\u00e1men\u00ed ne\u017e hled\u00e1n\u00ed osudov\u00e9ho mu\u017ee na soci\u00e1ln\u00edch s\u00edt\u00edch. \u201eNikdy nev\u00edte, kdo se za obrazovkou skr\u00fdv\u00e1 a\u00a0jsem v\u00a0t\u011bchto v\u011bcech opatrn\u00e1,\u201cdodala Michaela Pech\u00e1\u010dkov\u00e1, kter\u00e1 podle v\u0161eho tvo\u0159\u00ed p\u00e1r s\u00a0jedn\u00edm z\u00a0nejslavn\u011bj\u0161\u00edch hokejist\u016f v\u00a0\u010cesku. <\/p>\n<p class=\"e_cy\">Ot\u00e1zkou nyn\u00ed je, zda M\u00ed\u0161a svoji drahou polovi\u010dku ofici\u00e1ln\u011b p\u0159ijede podpo\u0159it do Pardubic, kter\u00e9 budou bojovat ve fin\u00e1le play off extraligy s\u00a0T\u0159incem. Pokud ano, \u010cervenka alias \u010cervus bude m\u00edt v\u00a0hledi\u0161ti opravdu kr\u00e1sn\u00fd talisman. <\/p>\n<p class=\"e_cy\">Zdroj: <a data-dot=\"atm-link\" target=\"_blank\" rel=\"ugc noopener nofollow\" href=\"https:\/\/www.blesk.cz\/clanek\/celebrity-ceske-celebrity\/837515\/hokejovy-sampion-roman-cervenka-po-krachu-manzelstvi-sbalil-slavnou-herecku.html\" class=\"e_x\">Blesk<\/a>, vlastn\u00ed citace<\/p>\n<p><script async src=\"\/\/www.instagram.com\/embed.js\"><\/script><\/p>\n","protected":false},"excerpt":{"rendered":"Hokejov\u00e1 hv\u011bzda Roman \u010cervenka (40) rozhodn\u011b nelen\u00ed. Po krachu man\u017eelstv\u00ed s\u00a0Veronikou Machovou si opora extraligov\u00fdch Pardubic i\u00a0\u010desk\u00e9ho n\u00e1ro\u010f\u00e1ku&hellip;\n","protected":false},"author":2,"featured_media":58209,"comment_status":"","ping_status":"","sticky":false,"template":"","format":"standard","meta":{"footnotes":"","_share_on_mastodon":"0"},"categories":[14],"tags":[79,653,20577,139,2493,20578,652,80],"class_list":["post-58208","post","type-post","status-publish","format-standard","has-post-thumbnail","category-zabava","tag-entertainment","tag-laska","tag-michaela-pechackova","tag-roman-cervenka","tag-rozvod","tag-veronika-machova","tag-vztahy","tag-zabava"],"share_on_mastodon":{"url":"https:\/\/pubeurope.com\/@cz\/116422441901525349","error":""},"_links":{"self":[{"href":"https:\/\/www.europesays.com\/cz\/wp-json\/wp\/v2\/posts\/58208","targetHints":{"allow":["GET"]}}],"collection":[{"href":"https:\/\/www.europesays.com\/cz\/wp-json\/wp\/v2\/posts"}],"about":[{"href":"https:\/\/www.europesays.com\/cz\/wp-json\/wp\/v2\/types\/post"}],"author":[{"embeddable":true,"href":"https:\/\/www.europesays.com\/cz\/wp-json\/wp\/v2\/users\/2"}],"replies":[{"embeddable":true,"href":"https:\/\/www.europesays.com\/cz\/wp-json\/wp\/v2\/comments?post=58208"}],"version-history":[{"count":0,"href":"https:\/\/www.europesays.com\/cz\/wp-json\/wp\/v2\/posts\/58208\/revisions"}],"wp:featuredmedia":[{"embeddable":true,"href":"https:\/\/www.europesays.com\/cz\/wp-json\/wp\/v2\/media\/58209"}],"wp:attachment":[{"href":"https:\/\/www.europesays.com\/cz\/wp-json\/wp\/v2\/media?parent=58208"}],"wp:term":[{"taxonomy":"category","embeddable":true,"href":"https:\/\/www.europesays.com\/cz\/wp-json\/wp\/v2\/categories?post=58208"},{"taxonomy":"post_tag","embeddable":true,"href":"https:\/\/www.europesays.com\/cz\/wp-json\/wp\/v2\/tags?post=58208"}],"curies":[{"name":"wp","href":"https:\/\/api.w.org\/{rel}","templated":true}]}}