{"id":58656,"date":"2026-04-18T12:24:09","date_gmt":"2026-04-18T12:24:09","guid":{"rendered":"https:\/\/www.europesays.com\/cz\/58656\/"},"modified":"2026-04-18T12:24:09","modified_gmt":"2026-04-18T12:24:09","slug":"divadlo-dostalo-od-ministerstva-mene-penez-rusi-proto-festival","status":"publish","type":"post","link":"https:\/\/www.europesays.com\/cz\/58656\/","title":{"rendered":"Divadlo dostalo od ministerstva m\u00e9n\u011b pen\u011bz, ru\u0161\u00ed proto festival"},"content":{"rendered":"<p class=\"e_bW\">O rozhodnut\u00ed informoval za po\u0159adatele na soci\u00e1ln\u00edch s\u00edt\u00edch Karel Kr\u00e1l. \u201eP\u0159ed p\u00e1r dny zve\u0159ejnilo Ministerstvo kultury v\u00fdsledky dotac\u00ed, kter\u00e9 ud\u011bluje na z\u00e1klad\u011b grantov\u00e9ho \u0159\u00edzen\u00ed \u017eadatel\u016fm, a\u00a0podpora Divadla Alfred ve dvo\u0159e byla\u00a0\u2013 i\u00a0p\u0159es vysok\u00e9 bodov\u00e9 hodnocen\u00ed\u00a0\u2013 oproti minul\u00e9mu roku sn\u00ed\u017eena o\u00a0t\u0159etinu. Divadlo se po t\u00e9to zpr\u00e1v\u011b rozhodlo v\u00a0\u010dervnu a\u00a0z\u00e1\u0159\u00ed nehr\u00e1t. T\u00edm p\u00e1dem se 13.\u00a0ro\u010dn\u00edk festivalu, pl\u00e1novan\u00fd letos na 5.\u00a0z\u00e1\u0159\u00ed, neuskute\u010dn\u00ed,\u201c <a data-dot=\"atm-link\" target=\"_blank\" rel=\"noopener nofollow\" href=\"https:\/\/www.facebook.com\/karel.kral.39\/posts\/pfbid0UpMCi6frqfYfTuyyU5g9Dd2wBfBA1qCnXFTAsg1e8HrgR8C8SCqxxFiCH5oRNVH1l\" class=\"e_n\">napsal<\/a> Kr\u00e1l.<\/p>\n<p class=\"e_bW\">Experiment\u00e1ln\u00ed divadlo Alfred ve dvo\u0159e, kter\u00e9 roku 1997\u00a0zalo\u017eil mim a\u00a0re\u017eis\u00e9r Ctibor Turba, s\u00eddl\u00ed v\u00a0hole\u0161ovick\u00e9 ulici Franti\u0161ka K\u0159\u00ed\u017eka. V\u00a0grantov\u00e9 \u017e\u00e1dosti uvedlo, \u017ee letos pl\u00e1nuje hospoda\u0159it se zhruba 10,3\u00a0miliony korun ro\u010dn\u011b. Od ministerstva obdr\u017e\u00ed p\u0159\u00edsp\u011bvek ve v\u00fd\u0161i dvou milion\u016f korun, vloni to byly t\u0159i miliony.<\/p>\n<p class=\"e_bW\">P\u0159ehl\u00eddka Ohromn\u00e9 mali\u010dkosti uv\u00e1d\u011bla sc\u00e9nick\u00e9 miniatury r\u016fzn\u00fdch \u017e\u00e1nr\u016f pro d\u011bti i\u00a0dosp\u011bl\u00e9. N\u011bkter\u00e9 produkce byly ur\u010deny des\u00edtk\u00e1m div\u00e1k\u016f, jin\u00e9 jen n\u011bkolika lidem. <\/p>\n<p class=\"e_bW\">N\u00e1zev festivalu odkazoval k\u00a0bezm\u00e1la sto let star\u00e9 knize kr\u00e1tk\u00fdch pr\u00f3z Gilberta Keithe Chestertona. Jeho d\u00edlo m\u00e1 za hlavn\u00ed t\u00e9ma paradox myln\u00e9ho vid\u011bn\u00ed: V\u011bci nemus\u00ed b\u00fdt takov\u00e9, jak \u010dlov\u011bku napov\u00eddaj\u00ed jeho o\u010di \u010di p\u0159edsudky. To, co se zd\u00e1 b\u00fdt mal\u00e9, m\u016f\u017ee b\u00fdt ve skute\u010dnosti ohromn\u00e9.<\/p>\n<p><img fetchpriority=\"high\" height=\"1199\"   width=\"1800\" src=\"https:\/\/www.europesays.com\/cz\/wp-content\/uploads\/2026\/04\/divadlo-alfred-ve-dvore.jpeg\" loading=\"eager\" decoding=\"sync\" class=\"e_aa e_Z\"\/>Foto: Profimedia.cz<\/p>\n<p class=\"e_bW\">Divadlo Alfred ve dvo\u0159e s\u00eddl\u00ed v\u00a0pra\u017esk\u00fdch Hole\u0161ovic\u00edch od roku 1997.<\/p>\n<p class=\"e_bW\">Leto\u0161n\u00ed st\u00e1tn\u00ed rozpo\u010det pro kulturu po\u010d\u00edt\u00e1 s\u00a0\u010d\u00e1stkou 17,6\u00a0miliardy korun, loni to bylo 21,52\u00a0miliardy. Ministerstvo kultury proto ozn\u00e1milo, \u017ee v\u00a0dota\u010dn\u00edch \u0159\u00edzen\u00edch na takzvanou \u017eivou kulturu, co\u017e zahrnuje divadla, koncerty \u010di liter\u00e1rn\u00ed akce, rozd\u011bl\u00ed 810\u00a0milion\u016f korun. To v\u00a0b\u0159eznu vyvolalo kritiku odborn\u00edk\u016f a\u00a0<a data-dot=\"atm-link\" target=\"_blank\" href=\"https:\/\/www.seznamzpravy.cz\/clanek\/kultura-klempir-ministerstvo-kultury-skrty-protest-301287\" class=\"e_n\" rel=\"nofollow noopener\">protesty<\/a> student\u016f vysok\u00fdch um\u011bleck\u00fdch \u0161kol, kte\u0159\u00ed po ministrovi Otovi Klemp\u00ed\u0159ovi ze strany Motorist\u00e9 sob\u011b \u017e\u00e1dali, aby \u017eiv\u00e9 kultu\u0159e p\u0159idal zhruba 300\u00a0milion\u016f korun chyb\u011bj\u00edc\u00edch oproti roku 2025.<\/p>\n<p class=\"e_bW\">Ministr v\u00a0reakci sl\u00edbil, \u017ee pen\u00edze najde. \u201eP\u0159edstavte si, \u017ee jsme byli fakt \u00fasp\u011b\u0161n\u00ed,\u201c \u0159ekl po protestech na dotaz Seznam Zpr\u00e1v, zda chyb\u011bj\u00edc\u00edch 300\u00a0milion\u016f na\u0161el. \u201eM\u00e1me u\u017e velkou \u010d\u00e1st a\u00a0ten zbytek je n\u00e1m p\u0159isl\u00edben\u00fd. Do m\u011bs\u00edce bych m\u011bl v\u011bd\u011bt, jak jsme na tom. Nepovol\u00edm, dokud ty pen\u00edze nebudu m\u00edt,\u201c <a data-dot=\"atm-link\" target=\"_blank\" href=\"https:\/\/www.seznamzpravy.cz\/clanek\/kultura-klempir-narodni-galerie-zive-umeni-302615\" class=\"e_n\" rel=\"nofollow noopener\">sl\u00edbil<\/a> Klemp\u00ed\u0159. <\/p>\n<p class=\"e_bW\">Nakonec ale m\u00edsto 300\u00a0milion\u016f sehnal jen 125\u00a0milion\u016f. Fin\u00e1ln\u00ed \u010d\u00e1stka v\u00a0oboru \u017eiv\u00e1 kultura pro rok 2026\u00a0tedy zn\u00ed 935\u00a0milion\u016f korun.<\/p>\n<p class=\"e_bW\">Podle Klemp\u00ed\u0159e tyto pen\u00edze nav\u00edc p\u0159isl\u00edbila ministryn\u011b financ\u00ed Alena Schillerov\u00e1 z\u00a0hnut\u00ed ANO. \u201eI p\u0159es obt\u00ed\u017enou rozpo\u010dtovou situaci jsme nav\u00fd\u0161ili finance na kulturn\u00ed aktivity na 935\u00a0milion\u016f korun. V\u00edm, \u017ee to jsou jin\u00e1 \u010d\u00edsla, ne\u017e kter\u00e1 si z\u00e1stupci kultury p\u0159edstavuj\u00ed, ale d\u011bl\u00e1me, co m\u016f\u017eeme,\u201c vysv\u011btlil ministr, podle n\u011bj\u017e vzhledem k\u00a0deficitu st\u00e1tn\u00edho rozpo\u010dtu mus\u00ed \u0161et\u0159it v\u0161echny resorty a\u00a0tak\u00e9 um\u011blci by se m\u011bli uskromnit.<\/p>\n<p class=\"e_bW\">Dal\u0161\u00ed pen\u00edze ministerstvo po\u0161le na program pro divadla a\u00a0profesion\u00e1ln\u00ed orchestry. Podle n\u00e1vrhu ze za\u010d\u00e1tku roku m\u011blo j\u00edt o\u00a0300\u00a0milion\u016f korun, divadla a\u00a0orchestry v\u0161ak \u017e\u00e1daly 400\u00a0milion\u016f, kter\u00e9 dostaly i\u00a0vloni. Nakonec jim ministerstvo letos poskytne 350\u00a0milion\u016f.<\/p>\n","protected":false},"excerpt":{"rendered":"O rozhodnut\u00ed informoval za po\u0159adatele na soci\u00e1ln\u00edch s\u00edt\u00edch Karel Kr\u00e1l. \u201eP\u0159ed p\u00e1r dny zve\u0159ejnilo Ministerstvo kultury v\u00fdsledky dotac\u00ed,&hellip;\n","protected":false},"author":2,"featured_media":58657,"comment_status":"","ping_status":"","sticky":false,"template":"","format":"standard","meta":{"footnotes":"","_share_on_mastodon":"0"},"categories":[7],"tags":[20674,43,42,41,40,20675,1172,3920,9134,19411],"class_list":["post-58656","post","type-post","status-publish","format-standard","has-post-thumbnail","category-cesko","tag-alfred-ve-dvore","tag-ceska-republika","tag-cesko","tag-czech-republic","tag-czechia","tag-divadelni-festivaly","tag-divadelni-predstaveni","tag-ministerstvo-kultury-mkcr","tag-skrty","tag-zruseni"],"share_on_mastodon":{"url":"https:\/\/pubeurope.com\/@cz\/116425698024788240","error":""},"_links":{"self":[{"href":"https:\/\/www.europesays.com\/cz\/wp-json\/wp\/v2\/posts\/58656","targetHints":{"allow":["GET"]}}],"collection":[{"href":"https:\/\/www.europesays.com\/cz\/wp-json\/wp\/v2\/posts"}],"about":[{"href":"https:\/\/www.europesays.com\/cz\/wp-json\/wp\/v2\/types\/post"}],"author":[{"embeddable":true,"href":"https:\/\/www.europesays.com\/cz\/wp-json\/wp\/v2\/users\/2"}],"replies":[{"embeddable":true,"href":"https:\/\/www.europesays.com\/cz\/wp-json\/wp\/v2\/comments?post=58656"}],"version-history":[{"count":0,"href":"https:\/\/www.europesays.com\/cz\/wp-json\/wp\/v2\/posts\/58656\/revisions"}],"wp:featuredmedia":[{"embeddable":true,"href":"https:\/\/www.europesays.com\/cz\/wp-json\/wp\/v2\/media\/58657"}],"wp:attachment":[{"href":"https:\/\/www.europesays.com\/cz\/wp-json\/wp\/v2\/media?parent=58656"}],"wp:term":[{"taxonomy":"category","embeddable":true,"href":"https:\/\/www.europesays.com\/cz\/wp-json\/wp\/v2\/categories?post=58656"},{"taxonomy":"post_tag","embeddable":true,"href":"https:\/\/www.europesays.com\/cz\/wp-json\/wp\/v2\/tags?post=58656"}],"curies":[{"name":"wp","href":"https:\/\/api.w.org\/{rel}","templated":true}]}}