{"id":58760,"date":"2026-04-18T14:24:10","date_gmt":"2026-04-18T14:24:10","guid":{"rendered":"https:\/\/www.europesays.com\/cz\/58760\/"},"modified":"2026-04-18T14:24:10","modified_gmt":"2026-04-18T14:24:10","slug":"v-prerovske-meopte-kvuli-technicke-zavade-horela-rozvodna-skoda-je-50-mil-kc","status":"publish","type":"post","link":"https:\/\/www.europesays.com\/cz\/58760\/","title":{"rendered":"V p\u0159erovsk\u00e9 Meopt\u011b kv\u016fli technick\u00e9 z\u00e1vad\u011b ho\u0159ela rozvodna, \u0161koda je 50 mil. K\u010d"},"content":{"rendered":"<p>&#13;<br \/>\n  Komer\u010dn\u00ed prezentace Aktual.: 17.04.2026 09:34&#13;<br \/>\n  Vyd\u00e1no: 17.04.2026, 08:06&#13;\n<\/p>\n<p class=\"big\" itemprop=\"description\">    P\u0159erov &#8211; V p\u0159erovsk\u00e9m podniku Meopta ve \u010dtvrtek ho\u0159ela rozvodna, po\u017e\u00e1r zp\u016fsobil \u0161kodu 50 milion\u016f korun. Hasi\u010di ohe\u0148 ve firm\u011b, kter\u00e1 vyr\u00e1b\u00ed produkty pro pr\u016fmyslov\u00e9, vojensk\u00e9 a spot\u0159ebn\u00ed pou\u017eit\u00ed, likvidovali a\u017e do ve\u010dera, z\u00e1sah trval p\u011bt hodin. Nikdo nebyl zran\u011bn a nebyla nutn\u00e1 evakuace, \u0159ekl dnes \u010cTK mluv\u010d\u00ed hasi\u010d\u016f Petr B\u011bhal. Podle p\u0159erovsk\u00e9 policejn\u00ed mluv\u010d\u00ed Milu\u0161e Zaj\u00edcov\u00e9 byla p\u0159\u00ed\u010dinou po\u017e\u00e1ru technick\u00e1 z\u00e1vada na elektroinstalaci. Do are\u00e1lu nikdo nevnikl, \u0159ekla \u010cTK mluv\u010d\u00ed. Tak\u00e9 podle veden\u00ed Meopty je vylou\u010deno ciz\u00ed zavin\u011bn\u00ed po\u017e\u00e1ru.<\/p>\n<p>\u0160lo o po\u017e\u00e1r trafostanice z\u00e1sobuj\u00edc\u00ed podnik elekt\u0159inou. Meopta po po\u017e\u00e1ru omezila v\u00fdrobu. Podnik dnes za\u010dne produkci postupn\u011b obnovovat, v pond\u011bl\u00ed m\u00e1 b\u00fdt na obvykl\u00e9 \u00farovni.<\/p>\n<p>O zabezpe\u010den\u00ed firem, kter\u00e9 vyr\u00e1b\u011bj\u00ed i materi\u00e1l pro vojensk\u00e9 vyu\u017eit\u00ed, se za\u010dalo v\u00edce hovo\u0159it po b\u0159eznov\u00e9m po\u017e\u00e1ru v pardubick\u00e9 zbrojovce LPP Holding, k n\u011bmu\u017e se p\u0159ihl\u00e1sila \u00fadajn\u00e1 protiizraelsk\u00e1 skupina. Policist\u00e9 u\u017e zadr\u017eeli n\u011bkolik lid\u00ed, vin\u00ed je z teroristick\u00e9ho \u00fatoku a \u00fa\u010dasti na teroristick\u00e9 skupin\u011b. Ohe\u0148 v LPP Holding, kter\u00e1 vyr\u00e1b\u00ed mj. drony pro Ukrajinu, nap\u00e1chal \u0161kody za stamiliony korun.<\/p>\n<p>V are\u00e1lu Meopty podle policie ho\u0159ela hlavn\u00ed rozvodna. &#8222;Na m\u00edst\u011b bylo zji\u0161t\u011bno, \u017ee budova byla \u0159\u00e1dn\u011b zabezpe\u010dena, bez zn\u00e1mek n\u00e1siln\u00e9ho vniknut\u00ed a bylo vylou\u010deno, \u017ee by se v are\u00e1lu pohybovaly ciz\u00ed osoby,&#8220; uvedla policejn\u00ed mluv\u010d\u00ed. Podle mluv\u010d\u00edho hasi\u010d\u016f Petra B\u011bhala hasi\u010di po\u017e\u00e1r v p\u0159erovsk\u00e9m podniku ve \u010dtvrtek likvidovali a\u017e do ve\u010dern\u00edch hodin. &#8222;Z\u00e1sah prob\u00edhal ve velmi n\u00e1ro\u010dn\u00fdch podm\u00ednk\u00e1ch, zejm\u00e9na kv\u016fli siln\u00e9mu zakou\u0159en\u00ed a vysok\u00fdm teplot\u00e1m uvnit\u0159 objektu. Ty v\u00fdrazn\u011b komplikovaly pohyb i samotn\u00fd pobyt zasahuj\u00edc\u00edch hasi\u010d\u016f. Jednotky provedly pr\u016fzkum objektu, lokalizaci po\u017e\u00e1ru a jeho n\u00e1slednou likvidaci,&#8220; uvedl B\u011bhal.<\/p>\n<p>Tak\u00e9 podle veden\u00ed Meopty je vylou\u010deno ciz\u00ed zavin\u011bn\u00ed po\u017e\u00e1ru rozvodny. &#8222;Ud\u00e1lost zp\u016fsobila v\u00fdpadek elektrick\u00e9ho proudu v \u010d\u00e1sti are\u00e1lu a vedla k do\u010dasn\u00e9mu omezen\u00ed v\u00fdroby. Postupn\u00e9 obnoven\u00ed v\u00fdroby se o\u010dek\u00e1v\u00e1 je\u0161t\u011b v pr\u016fb\u011bhu dne\u0161n\u00edho dne a pln\u00fd n\u00e1b\u011bh v pond\u011bl\u00ed dopoledne. Spole\u010dnost Meopta p\u0159ijala okam\u017eit\u00e1 opat\u0159en\u00ed k minimalizaci dopad\u016f a zaji\u0161t\u011bn\u00ed bezpe\u010dnosti zam\u011bstnanc\u016f,&#8220; sd\u011blila \u010cTK mluv\u010d\u00ed Meopty Jana Kafkov\u00e1.<\/p>\n<p>Meopta zam\u011bstn\u00e1v\u00e1 zhruba 1400 lid\u00ed, 90 procent produkce exportuje. Vlastn\u00ed ji nadn\u00e1rodn\u00ed investi\u010dn\u00ed fond Carlyle Group, kter\u00fd koupil stoprocentn\u00ed pod\u00edl v Meopt\u011b v roce 2023 od rodiny Rausnitz\u016f. Portfolio jeho z\u00e1kazn\u00edk\u016f zahrnuje tak\u0159ka cel\u00fd sv\u011bt od Spojen\u00fdch st\u00e1t\u016f americk\u00fdch p\u0159es Evropu, Izrael a \u0159adu asijsk\u00fdch zem\u00ed. Loni na ja\u0159e spole\u010dnost zah\u00e1jila v\u00fdrobu zam\u011b\u0159ovac\u00edch technologi\u00ed pro bojov\u00e1 vozidla p\u011bchoty CV90, kter\u00e9 britsk\u00e1 skupina BAE Systems dod\u00e1 arm\u00e1d\u00e1m \u010cesk\u00e9 republiky, \u0160v\u00e9dska, D\u00e1nska a Slovenska. Meopta m\u00e1 do roku 2030 vyrobit 500 zam\u011b\u0159ovac\u00edch syst\u00e9m\u016f pro obrn\u011bnce CV90 a ro\u010dn\u011b d\u00edky t\u00e9to zak\u00e1zce z\u00edsk\u00e1 stovky milion\u016f korun.<\/p>\n<p>Velkou \u0161kodu 20. b\u0159ezna zp\u016fsobil po\u017e\u00e1r ve firm\u011b LPP Holding v pardubick\u00e9m pr\u016fmyslov\u00e9m are\u00e1lu, p\u0159ihl\u00e1sila se k n\u011bmu \u00fadajn\u00e1 protiizraelsk\u00e1 skupina. Podle dostupn\u00fdch informac\u00ed p\u011bt podez\u0159el\u00fdch policist\u00e9 zadr\u017eeli v \u010cesku, jednoho \u010dlov\u011bka na Slovensku, t\u0159i zadr\u017een\u00ed jsou v Polsku a jeden \u010dlov\u011bk v Bulharsku. Policist\u00e9 z N\u00e1rodn\u00ed centr\u00e1ly proti terorismu, extremismu a kybernetick\u00e9 kriminalit\u011b (NCTEKK) vin\u00ed zadr\u017een\u00e9 z teroristick\u00e9ho \u00fatoku a \u00fa\u010dasti na teroristick\u00e9 skupin\u011b. Za to hroz\u00ed a\u017e 20 let v\u011bzen\u00ed nebo i v\u00fdjime\u010dn\u00fd trest. Po\u017e\u00e1r zni\u010dil halu a v\u00e1\u017en\u011b po\u0161kodil vedlej\u0161\u00ed administrativn\u00ed budovu firmy LPP Holding vyr\u00e1b\u011bj\u00edc\u00ed mimo jin\u00e9 drony pro Ukrajinu. \u0160koda se odhaduje na n\u011bkolik set milion\u016f K\u010d.<\/p>\n<p>Firma LPP Holding p\u0159ed n\u011bkolika lety ozn\u00e1mila, \u017ee chce v Pardubic\u00edch spole\u010dn\u011b s izraelskou firmou Elbit Systems vyr\u00e1b\u011bt a vyv\u00edjet drony. Spolupr\u00e1ce ale podle LPP Holding nikdy neza\u010dala. Bezpe\u010dnostn\u00ed slo\u017eky podle m\u00e9di\u00ed pracuj\u00ed i s variantou, \u017ee v Pardubic\u00edch \u0161lo o takzvanou operaci pod fale\u0161nou vlajkou, tedy \u017ee \u00fadajn\u00e1 skupina ve skute\u010dnosti p\u0159edstavuje kryt\u00ed pro jin\u00fd subjekt nebo st\u00e1tn\u00edho akt\u00e9ra.<\/p>\n<p class=\"tags\">&#13;<br \/>\n<a href=\"https:\/\/www.ceskenoviny.cz\/tema\/cr\/1\" class=\"tag blue\" itemprop=\"about\" rel=\"tag nofollow noopener\" target=\"_blank\">\u010cR<\/a>&#13;<br \/>\n&#13;<br \/>\n&#13;<br \/>\n&#13;<br \/>\n<a href=\"https:\/\/www.ceskenoviny.cz\/tema\/pozar\/324\" class=\"tag blue\" itemprop=\"about\" rel=\"tag nofollow noopener\" target=\"_blank\">po\u017e\u00e1r<\/a>&#13;<br \/>\n&#13;<br \/>\n&#13;<br \/>\n&#13;<br \/>\n<a href=\"https:\/\/www.ceskenoviny.cz\/tema\/prerov\/754\" class=\"tag blue\" itemprop=\"about\" rel=\"tag nofollow noopener\" target=\"_blank\">P\u0159erov<\/a>&#13;<br \/>\n&#13;<br \/>\n&#13;<br \/>\n&#13;<br \/>\n<a href=\"https:\/\/www.ceskenoviny.cz\/tema\/fles\/1719\" class=\"tag blue\" itemprop=\"about\" rel=\"tag nofollow noopener\" target=\"_blank\">FLE\u0160<\/a>&#13;<br \/>\n&#13;<br \/>\n&#13;<br \/>\n&#13;<br \/>\n &#13;<\/p>\n","protected":false},"excerpt":{"rendered":"&#13; Komer\u010dn\u00ed prezentace Aktual.: 17.04.2026 09:34&#13; Vyd\u00e1no: 17.04.2026, 08:06&#13; P\u0159erov &#8211; V p\u0159erovsk\u00e9m podniku Meopta ve \u010dtvrtek ho\u0159ela&hellip;\n","protected":false},"author":2,"featured_media":58761,"comment_status":"","ping_status":"","sticky":false,"template":"","format":"standard","meta":{"footnotes":"","_share_on_mastodon":"0"},"categories":[7],"tags":[43,302,42,304,305,298,303,41,40,1428,735,3534],"class_list":["post-58760","post","type-post","status-publish","format-standard","has-post-thumbnail","category-cesko","tag-ceska-republika","tag-ceskenoviny-cz","tag-cesko","tag-cn","tag-cn-cz","tag-cr","tag-ctk","tag-czech-republic","tag-czechia","tag-fles","tag-pozar","tag-prerov"],"share_on_mastodon":{"url":"https:\/\/pubeurope.com\/@cz\/116426169534617391","error":""},"_links":{"self":[{"href":"https:\/\/www.europesays.com\/cz\/wp-json\/wp\/v2\/posts\/58760","targetHints":{"allow":["GET"]}}],"collection":[{"href":"https:\/\/www.europesays.com\/cz\/wp-json\/wp\/v2\/posts"}],"about":[{"href":"https:\/\/www.europesays.com\/cz\/wp-json\/wp\/v2\/types\/post"}],"author":[{"embeddable":true,"href":"https:\/\/www.europesays.com\/cz\/wp-json\/wp\/v2\/users\/2"}],"replies":[{"embeddable":true,"href":"https:\/\/www.europesays.com\/cz\/wp-json\/wp\/v2\/comments?post=58760"}],"version-history":[{"count":0,"href":"https:\/\/www.europesays.com\/cz\/wp-json\/wp\/v2\/posts\/58760\/revisions"}],"wp:featuredmedia":[{"embeddable":true,"href":"https:\/\/www.europesays.com\/cz\/wp-json\/wp\/v2\/media\/58761"}],"wp:attachment":[{"href":"https:\/\/www.europesays.com\/cz\/wp-json\/wp\/v2\/media?parent=58760"}],"wp:term":[{"taxonomy":"category","embeddable":true,"href":"https:\/\/www.europesays.com\/cz\/wp-json\/wp\/v2\/categories?post=58760"},{"taxonomy":"post_tag","embeddable":true,"href":"https:\/\/www.europesays.com\/cz\/wp-json\/wp\/v2\/tags?post=58760"}],"curies":[{"name":"wp","href":"https:\/\/api.w.org\/{rel}","templated":true}]}}