{"id":58843,"date":"2026-04-18T16:18:11","date_gmt":"2026-04-18T16:18:11","guid":{"rendered":"https:\/\/www.europesays.com\/cz\/58843\/"},"modified":"2026-04-18T16:18:11","modified_gmt":"2026-04-18T16:18:11","slug":"nova-laska-romana-cervenky-je-kopii-jeho-exmanzelky-pechackova-s-veronikou-jako-by-si-z-oka-vypadly","status":"publish","type":"post","link":"https:\/\/www.europesays.com\/cz\/58843\/","title":{"rendered":"Nov\u00e1 l\u00e1ska Romana \u010cervenky je kopi\u00ed jeho exman\u017eelky. Pech\u00e1\u010dkov\u00e1 s\u00a0Veronikou jako by si z\u00a0oka vypadly"},"content":{"rendered":"<p class=\"e_cy\">Nen\u00ed p\u0159itom pochyb, \u017ee m\u00e1 Roman \u010cervenka, \u010desk\u00fd hokejov\u00fd \u00fato\u010dn\u00edk a\u00a0kapit\u00e1n \u010desk\u00e9ho reprezenta\u010dn\u00edho t\u00fdmu, jednotn\u00fd vkus. Kdy\u017e by toti\u017e n\u011bkdo srovnal p\u016fvabnou here\u010dku Michaelu Pech\u00e1\u010dkovou a\u00a0Veroniku Machovou, jsou to skoro kopie.<\/p>\n<p class=\"e_cy\">Pech\u00e1\u010dkov\u00e1 se d\u0159\u00edv dostala do \u0159e\u010d\u00ed, \u017ee rand\u00ed se sv\u00fdm seri\u00e1lov\u00fdm kolegou \u0160imonem Bilinou, to ale oba dva vyvr\u00e1tili a\u00a0\u0159ekli, \u017ee jsou jen p\u0159\u00e1tel\u00e9. Na televizn\u00edch obrazovk\u00e1ch se objevuje u\u017e od d\u011btstv\u00ed, poprv\u00e9 ve sn\u00edmku Vratn\u00e9 lahve. Pozd\u011bji si zahr\u00e1la v\u00a0Ordinaci v\u00a0r\u016f\u017eov\u00e9 zahrad\u011b, je tak\u00e9 hv\u011bzdou mnoha muzik\u00e1l\u016f v\u00a0Divadle na Broadwayi. Veronika ale z\u00a0hereck\u00e9 bran\u017ee nebyla. <\/p>\n<p><a data-dot=\"mol-article-card__media-link\" aria-hidden=\"true\" tabindex=\"-1\" href=\"https:\/\/medium.seznam.cz\/clanek\/talkie-asia-express-dostal-se-tym-chicas-do-finale-nevinne-datum-na-instagramu-prozradilo-vic-nez-melo-264698\" class=\"e_x mol-article-card__media-link\" rel=\"nofollow noopener\" target=\"_blank\"><img fetchpriority=\"high\" alt=\"\" height=\"2136\"   width=\"2848\" src=\"https:\/\/www.europesays.com\/cz\/wp-content\/uploads\/2026\/04\/chicas-asia-express.jpeg\" loading=\"eager\" decoding=\"sync\" class=\"e_ah e_af\"\/><\/a>S k\u00fdm \u017eil \u010cervenka<\/p>\n<p class=\"e_cy\">Jejich l\u00e1ska s\u00a0Veronikou za\u010dala u\u017e v\u00a0roce 2011, tehdy hr\u00e1l \u010cervenka za rusk\u00fd Omsk. Machov\u00e9 bylo tehdy dvacet a\u00a0m\u011bla za sebou \u00fasp\u011bch v\u00a0\u010cesk\u00e9 Miss. Krom\u011b toho se v\u011bnovala moderov\u00e1n\u00ed na Frekvenci 1.\u00a0Rok od sezn\u00e1men\u00ed se jim narodil syn Denis, za dal\u0161\u00ed t\u0159i roky byla kr\u00e1sn\u00e1 svatba.<\/p>\n<p class=\"e_cy\">Rodina se tehdy usadila ve \u0160v\u00fdcarsku, Veronika pov\u011bsila modeling na h\u0159eb\u00edk a\u00a0v\u011bnovala se p\u0159edev\u0161\u00edm p\u00e9\u010di o\u00a0rodinu. <\/p>\n<p class=\"e_cy\">Dnes se \u017eiv\u00ed jako fashion consultant a\u00a0m\u00e1 vlastn\u00ed obchod. Je tak\u00e9 jednou z\u00a0nejlep\u0161\u00edch kamar\u00e1dek moder\u00e1torky show Bachelor a\u00a0Love Island Zorky Hejdov\u00e9, \u010dasto s\u00a0n\u00ed vtipn\u011b glosuje jednotliv\u00e9 epizody. O\u00a0rozvodu s\u00a0\u010cervenkou v\u00a0m\u00e9di\u00edch mluvila v\u017edy velmi opatrn\u011b. \u201eNe\u017eijeme spolu, \u017eiju pouze se synem. K\u00a0na\u0161emu rozvodu se vyjad\u0159ovat nebudu, je to na\u0161e soukrom\u00e1 v\u011bc. Mo\u017en\u00e1 bych mohla, kdyby vedle m\u011b st\u00e1l ten druh\u00fd \u010dlov\u011bk, ale je to nef\u00e9r se k\u00a0tomu vyjad\u0159ovat sama,\u201c <a data-dot=\"atm-link\" target=\"_blank\" rel=\"ugc noopener nofollow\" href=\"https:\/\/www.extra.cz\/prvni-slova-manzelky-hokejisty-cervenky-o-rozvodu-veronika-prozradila-s-kym-ted-zije-5e3fd\" class=\"e_x\">potvrdila<\/a>, \u017ee rodina se rozpadla. Od t\u00e9 doby se kolem \u010cervenky rozhostilo ticho, ale te\u010f je jasn\u00e9, \u017ee si vybral l\u00e1sku o\u00a0mnoho let mlad\u0161\u00ed. Zat\u00edmco Veronice je 35\u00a0let, Michaela ned\u00e1vno oslavila 22.\u00a0narozeniny. Dokonce na sv\u00fdch soci\u00e1ln\u00edch s\u00edt\u00edch letos uk\u00e1zala, \u017ee b\u011bhem olympi\u00e1dy byla skute\u010dn\u011b v\u00a0Mil\u00e1n\u011b, a\u00a0velmi pravd\u011bpodobn\u011b tak byla sv\u00e9 nov\u00e9 l\u00e1sce nabl\u00edzku. Tehdy si je ale je\u0161t\u011b spole\u010dn\u011b nikdo nespojil.<\/p>\n<p><img height=\"4096\"   width=\"2731\" src=\"https:\/\/www.europesays.com\/cz\/wp-content\/uploads\/2026\/04\/1776529090_979_michaela-pechackova.jpeg\" loading=\"eager\" decoding=\"sync\" class=\"e_ah e_af\"\/>Foto: Nextfoto \/ placen\u00e1 licence<\/p>\n<p class=\"e_cy\">Michaela Pech\u00e1\u010dkov\u00e1 byla hv\u011bzdou seri\u00e1lu ZOO Nov\u00e9 za\u010d\u00e1tky<\/p>\n<p>Roky bez partnera<\/p>\n<p class=\"e_cy\">Pech\u00e1\u010dkov\u00e1 pat\u0159\u00ed k\u00a0nejv\u011bt\u0161\u00edm hv\u011bzd\u00e1m sv\u00e9 generace. Ned\u00e1vno se ale v\u00a0jednom z\u00a0rozhovor\u016f sv\u011b\u0159ila, \u017ee po n\u00e1hl\u00e9m konci seri\u00e1lu ZOO Nov\u00e9 za\u010d\u00e1tky j\u00ed z\u016fstalo p\u0159edev\u0161\u00edm divadlo a\u00a0na nov\u00e9 hereck\u00e9 nab\u00eddky teprve \u010dek\u00e1. Ot\u00e1zkou tak je, zda nakonec nepov\u011bs\u00ed kari\u00e9ru na h\u0159eb\u00edk a\u00a0nebude i\u00a0z n\u00ed \u201ehokejov\u00e1 man\u017eelka\u201c. Je\u0161t\u011b si ale nesplnila velk\u00fd sen &#8211; zahr\u00e1t si princeznu v\u00a0poh\u00e1dce.<\/p>\n<p class=\"e_cy\">\u201eNebudu lh\u00e1t, \u017ee bych si n\u011bco takov\u00e9ho nep\u0159\u00e1la. L\u00e1k\u00e1 m\u011b zahr\u00e1t si i\u00a0filmovou princeznu. Z\u00e1rove\u0148 zrovna ta \u0161t\u011bdrove\u010dern\u00ed poh\u00e1dka je trochu stres, proto\u017ee je to p\u0159ece jen jeden z\u00a0nejsledovan\u011bj\u0161\u00edch film\u016f roku a\u00a0v\u0161ichni od n\u011bj maj\u00ed velk\u00e1 o\u010dek\u00e1v\u00e1n\u00ed\u2026 Ale co si budeme pov\u00eddat, r\u00e1da bych to zkusila i\u00a0tak,\u201c <a data-dot=\"atm-link\" target=\"_blank\" rel=\"ugc noopener nofollow\" href=\"https:\/\/www.idnes.cz\/kultura\/film-televize\/michaela-pechackova-herecka-rozhovor-lotrando-a-zubejda-zoo-serial-podcast-interview.A250210_120205_filmvideo_kiz\" class=\"e_x\">\u0159ekla<\/a> ned\u00e1vno. Pokud na ni ale re\u017eis\u00e9\u0159i s\u00a0koncem denn\u00edho seri\u00e1lu snad zapomn\u011bli, te\u010f se jim p\u0159ipomn\u011bla ve velk\u00e9m. O\u00a0l\u00e1sce s\u00a0hokejistou se mluv\u00ed v\u0161ude. A\u00a0nen\u00ed divu. <\/p>\n<p><img height=\"1400\"   width=\"1270\" src=\"https:\/\/www.europesays.com\/cz\/wp-content\/uploads\/2026\/04\/veronika-machova-roman-cervenka.jpeg\" loading=\"eager\" decoding=\"sync\" class=\"e_ah e_af\"\/>Foto: Kredit: GWUZD PAVEL \/ \u010cesk\u00e1 editori\u00e1ln\u00ed fotografie \/ Profimedia \/ placen\u00e1 licence<\/p>\n<p class=\"e_cy\">Veronika Machov\u00e1 a\u00a0Roman \u010cervenka v\u00a0roce 2012<\/p>\n<p class=\"e_cy\">\u017d\u00e1dn\u00e9 velk\u00e9 st\u011bhov\u00e1n\u00ed ji ale ne\u010dek\u00e1. Roky, kdy hr\u00e1l \u010cervenka v\u00a0zahrani\u010d\u00ed, u\u017e jsou pry\u010d. Dnes je sou\u010d\u00e1st\u00ed hokejov\u00e9ho t\u00fdmu HC Dynamo Pardubice, ale jeho hokejov\u00fdch \u00fasp\u011bch\u016f si v\u0161imli i\u00a0v nejvy\u0161\u0161\u00edch kruz\u00edch. V\u00a0roce 2024\u00a0toti\u017e obdr\u017eel od prezidenta Petra Pavla mediali Za z\u00e1sluhy 1.\u00a0stupn\u011b v\u00a0oblasti sportu. <\/p>\n<p class=\"e_cy\">Asi v\u00e1s zaj\u00edm\u00e1, jestli jsme s\u00a0Romanem spolu. Tak ano,\u201c <a data-dot=\"atm-link\" target=\"_blank\" rel=\"ugc noopener nofollow\" href=\"https:\/\/www.super.cz\/clanek\/celebrity-konec-spekulacim-herecka-michaela-pechackova-potvrdila-vztah-s-kapitanem-hokejove-reprezentace-cervenkou-1523903\" class=\"e_x\">potvrdila<\/a> Michaela novin\u00e1\u0159\u016fm. Jej\u00ed sd\u00edlnost p\u0159ekvapila, obvykle sv\u00e9 soukrom\u00ed dr\u017eela striktn\u011b pod pokli\u010dkou. Na soci\u00e1ln\u00edch s\u00edt\u00edch m\u011bla sice v\u017edy tis\u00edce obdivovatel\u016f, \u017e\u00e1dn\u00fd ale nedostal \u0161anci. Zd\u00e1 se v\u0161ak, \u017ee s\u00a0t\u00edmhle vztahem se tajit rozhodn\u011b nebude a\u00a0je n\u00e1le\u017eit\u011b py\u0161n\u00e1, jak\u00e9ho mu\u017ee po sv\u00e9m boku m\u00e1.<\/p>\n","protected":false},"excerpt":{"rendered":"Nen\u00ed p\u0159itom pochyb, \u017ee m\u00e1 Roman \u010cervenka, \u010desk\u00fd hokejov\u00fd \u00fato\u010dn\u00edk a\u00a0kapit\u00e1n \u010desk\u00e9ho reprezenta\u010dn\u00edho t\u00fdmu, jednotn\u00fd vkus. Kdy\u017e by&hellip;\n","protected":false},"author":2,"featured_media":58844,"comment_status":"","ping_status":"","sticky":false,"template":"","format":"standard","meta":{"footnotes":"","_share_on_mastodon":"0"},"categories":[14],"tags":[79,20577,139,192,649,80],"class_list":["post-58843","post","type-post","status-publish","format-standard","has-post-thumbnail","category-zabava","tag-entertainment","tag-michaela-pechackova","tag-roman-cervenka","tag-showbyznys","tag-spolecnost","tag-zabava"],"share_on_mastodon":{"url":"https:\/\/pubeurope.com\/@cz\/116426617965663043","error":""},"_links":{"self":[{"href":"https:\/\/www.europesays.com\/cz\/wp-json\/wp\/v2\/posts\/58843","targetHints":{"allow":["GET"]}}],"collection":[{"href":"https:\/\/www.europesays.com\/cz\/wp-json\/wp\/v2\/posts"}],"about":[{"href":"https:\/\/www.europesays.com\/cz\/wp-json\/wp\/v2\/types\/post"}],"author":[{"embeddable":true,"href":"https:\/\/www.europesays.com\/cz\/wp-json\/wp\/v2\/users\/2"}],"replies":[{"embeddable":true,"href":"https:\/\/www.europesays.com\/cz\/wp-json\/wp\/v2\/comments?post=58843"}],"version-history":[{"count":0,"href":"https:\/\/www.europesays.com\/cz\/wp-json\/wp\/v2\/posts\/58843\/revisions"}],"wp:featuredmedia":[{"embeddable":true,"href":"https:\/\/www.europesays.com\/cz\/wp-json\/wp\/v2\/media\/58844"}],"wp:attachment":[{"href":"https:\/\/www.europesays.com\/cz\/wp-json\/wp\/v2\/media?parent=58843"}],"wp:term":[{"taxonomy":"category","embeddable":true,"href":"https:\/\/www.europesays.com\/cz\/wp-json\/wp\/v2\/categories?post=58843"},{"taxonomy":"post_tag","embeddable":true,"href":"https:\/\/www.europesays.com\/cz\/wp-json\/wp\/v2\/tags?post=58843"}],"curies":[{"name":"wp","href":"https:\/\/api.w.org\/{rel}","templated":true}]}}