{"id":58976,"date":"2026-04-18T19:33:06","date_gmt":"2026-04-18T19:33:06","guid":{"rendered":"https:\/\/www.europesays.com\/cz\/58976\/"},"modified":"2026-04-18T19:33:06","modified_gmt":"2026-04-18T19:33:06","slug":"vlada-podle-babise-neposkytne-vystrcilovi-letoun-k-ceste-na-tchaj-wan","status":"publish","type":"post","link":"https:\/\/www.europesays.com\/cz\/58976\/","title":{"rendered":"Vl\u00e1da podle Babi\u0161e neposkytne Vystr\u010dilovi letoun k\u00a0cest\u011b na Tchaj-wan"},"content":{"rendered":"<p class=\"e_bW\">Vl\u00e1da podle premi\u00e9ra Andreje Babi\u0161e (ANO) odm\u00edtla poskytnout p\u0159edsedovi Sen\u00e1tu Milo\u0161i Vystr\u010dilovi (ODS) letoun pro cestu na Tchaj-wan. Babi\u0161 to \u0159ekl v\u00a0debat\u011b k\u00a0dev\u00e1t\u00e9mu v\u00fdro\u010d\u00ed internetov\u00e9 televize XTV, uvedl v\u00a0sobotu <a data-dot=\"atm-link\" target=\"_blank\" rel=\"noopener nofollow\" href=\"https:\/\/www.blesk.cz\/clanek\/zpravy-politika\/837642\/vlada-zatrhla-vystrcilovi-let-na-tchaj-wan-muze-cestovat-linkou-vzkazal-babis.html\" class=\"e_n\">server<\/a> Blesk.cz. Premi\u00e9r podle n\u011bj nesouhlas zd\u016fvodnil odli\u0161nou vl\u00e1dn\u00ed zahrani\u010dn\u00ed politikou ve vztahu k\u00a0\u010c\u00edn\u011b.<\/p>\n<p class=\"e_bW\">\u201eZahrani\u010dn\u00ed politiku d\u011bl\u00e1 vl\u00e1da a\u00a0my zkr\u00e1tka m\u00e1me jinou zahrani\u010dn\u00ed politiku ne\u017e Sen\u00e1t. A\u00a0pan p\u0159edseda Sen\u00e1tu te\u010f p\u0159edlo\u017eil po\u017eadavek na arm\u00e1dn\u00ed letadlo, o\u00a0tom rozhoduje vl\u00e1da. Let\u00ed, cht\u011bl let\u011bt na Tchaj-wan. A\u00a0my jsme rozhodli, \u017ee to letadlo neschv\u00e1l\u00edme, proto\u017ee t\u00edm p\u00e1dem bychom tomu dali vl\u00e1dn\u00ed punc, a\u00a0to my nechceme,\u201c \u0159ekl podle Blesku Babi\u0161.<\/p>\n<p class=\"e_bW\">\u201ePolet\u00ed norm\u00e1ln\u011b linkou,\u201c doplnil p\u0159edseda vl\u00e1dy.<\/p>\n<p class=\"e_bW\">P\u0159edseda horn\u00ed parlamentn\u00ed komory, kter\u00fd m\u00e1 Tchaj-wan nav\u0161t\u00edvit s\u00a0podnikatelskou delegac\u00ed na p\u0159elomu kv\u011btna a\u00a0\u010dervna, m\u016f\u017ee podle ministersk\u00e9ho p\u0159edsedy cestovat komer\u010dn\u00ed linkou. Vystr\u010dilovu reakci \u010cTK zji\u0161\u0165uje.<\/p>\n","protected":false},"excerpt":{"rendered":"Vl\u00e1da podle premi\u00e9ra Andreje Babi\u0161e (ANO) odm\u00edtla poskytnout p\u0159edsedovi Sen\u00e1tu Milo\u0161i Vystr\u010dilovi (ODS) letoun pro cestu na Tchaj-wan.&hellip;\n","protected":false},"author":2,"featured_media":58977,"comment_status":"","ping_status":"","sticky":false,"template":"","format":"standard","meta":{"footnotes":"","_share_on_mastodon":"0"},"categories":[7],"tags":[266,43,42,202,41,40,5529,5019],"class_list":["post-58976","post","type-post","status-publish","format-standard","has-post-thumbnail","category-cesko","tag-andrej-babis","tag-ceska-republika","tag-cesko","tag-cina","tag-czech-republic","tag-czechia","tag-milos-vystrcil","tag-tchaj-wan"],"share_on_mastodon":{"url":"https:\/\/pubeurope.com\/@cz\/116427384763138974","error":""},"_links":{"self":[{"href":"https:\/\/www.europesays.com\/cz\/wp-json\/wp\/v2\/posts\/58976","targetHints":{"allow":["GET"]}}],"collection":[{"href":"https:\/\/www.europesays.com\/cz\/wp-json\/wp\/v2\/posts"}],"about":[{"href":"https:\/\/www.europesays.com\/cz\/wp-json\/wp\/v2\/types\/post"}],"author":[{"embeddable":true,"href":"https:\/\/www.europesays.com\/cz\/wp-json\/wp\/v2\/users\/2"}],"replies":[{"embeddable":true,"href":"https:\/\/www.europesays.com\/cz\/wp-json\/wp\/v2\/comments?post=58976"}],"version-history":[{"count":0,"href":"https:\/\/www.europesays.com\/cz\/wp-json\/wp\/v2\/posts\/58976\/revisions"}],"wp:featuredmedia":[{"embeddable":true,"href":"https:\/\/www.europesays.com\/cz\/wp-json\/wp\/v2\/media\/58977"}],"wp:attachment":[{"href":"https:\/\/www.europesays.com\/cz\/wp-json\/wp\/v2\/media?parent=58976"}],"wp:term":[{"taxonomy":"category","embeddable":true,"href":"https:\/\/www.europesays.com\/cz\/wp-json\/wp\/v2\/categories?post=58976"},{"taxonomy":"post_tag","embeddable":true,"href":"https:\/\/www.europesays.com\/cz\/wp-json\/wp\/v2\/tags?post=58976"}],"curies":[{"name":"wp","href":"https:\/\/api.w.org\/{rel}","templated":true}]}}