{"id":58987,"date":"2026-04-18T19:52:10","date_gmt":"2026-04-18T19:52:10","guid":{"rendered":"https:\/\/www.europesays.com\/cz\/58987\/"},"modified":"2026-04-18T19:52:10","modified_gmt":"2026-04-18T19:52:10","slug":"vystrcil-chtel-na-tchaj-wan-letet-armadnim-letounem-babis-to-zakazal","status":"publish","type":"post","link":"https:\/\/www.europesays.com\/cz\/58987\/","title":{"rendered":"Vystr\u010dil cht\u011bl na Tchaj-wan let\u011bt arm\u00e1dn\u00edm letounem, Babi\u0161 to zak\u00e1zal"},"content":{"rendered":"<p class=\"c_bz\">Informace p\u0159inesl v\u00a0sobotu ve\u010der den\u00edk <a data-dot=\"atm-link\" target=\"_blank\" rel=\"noopener nofollow\" href=\"https:\/\/www.blesk.cz\/clanek\/zpravy-politika\/837642\/vlada-zatrhla-vystrcilovi-let-na-tchaj-wan-muze-cestovat-linkou-vzkazal-babis.html\" class=\"c_N\">Blesk<\/a>. Babi\u0161 v\u00a0debat\u011b XTV v\u00a0Praze uvedl, \u017ee Vystr\u010dil p\u0159edlo\u017eil po\u017eadavek na arm\u00e1dn\u00ed letadlo, o\u00a0\u010dem\u017e v\u017edy rozhoduje vl\u00e1da. \u201eMy jsme rozhodli, \u017ee to letadlo neschv\u00e1l\u00edme, proto\u017ee t\u00edm p\u00e1dem bychom tomu dali vl\u00e1dn\u00ed punc, a\u00a0to my nechceme,\u201c uvedl premi\u00e9r.<\/p>\n<p class=\"c_bz\">Na Tchaj-wan m\u016f\u017ee podle n\u011bj cestovat b\u011b\u017enou komer\u010dn\u00ed linkou.<\/p>\n<p class=\"c_bz\">Dodal, \u017ee zahrani\u010dn\u00ed politiku d\u011bl\u00e1 vl\u00e1da. \u201eMy zkr\u00e1tka m\u00e1me jinou zahrani\u010dn\u00ed politiku ne\u017e Sen\u00e1t,\u201c doplnil.<\/p>\n<p class=\"c_bz\">P\u0159edseda horn\u00ed parlamentn\u00ed komory m\u00e1 Tchaj-wan nav\u0161t\u00edvit s\u00a0podnikatelskou delegac\u00ed na p\u0159elomu kv\u011btna a\u00a0\u010dervna. Vystr\u010dilovu reakci \u010cTK zji\u0161\u0165uje.<\/p>\n<p class=\"c_bz\">Babi\u0161 byl v\u00a0sobotu ve\u010der hostem narozeninov\u00e9 akce internetov\u00e9 televize XTV, jej\u00ed\u017e hlavn\u00ed tv\u00e1\u0159\u00ed je radn\u00ed \u010cesk\u00e9 televize Lubo\u0161 Xaver Vesel\u00fd. O\u00a0tom, \u017ee p\u0159edsedovi Sen\u00e1tu neschv\u00e1lil vl\u00e1dn\u00ed letoun, \u0159ekl b\u011bhem rozhovoru s\u00a0Alex Myn\u00e1\u0159ovou, man\u017eelkou b\u00fdval\u00e9ho hradn\u00edho kancl\u00e9\u0159e Vratislava Myn\u00e1\u0159e. Na akci byl p\u0159\u00edtomen tak\u00e9 ministr zahrani\u010dn\u00edch v\u011bc\u00ed Petr Macinka, Filip Turek, b\u00fdval\u00ed prezidenti V\u00e1clav Klaus a\u00a0Milo\u0161 Zeman, poslanci SPD, Motorist\u016f a\u00a0vl\u00e1dn\u00ed koalice. <\/p>\n<p><a data-dot=\"atm-link\" target=\"_self\" href=\"https:\/\/www.novinky.cz\/clanek\/domaci-babis-muze-prezidentovi-a-sefum-komor-zatrhnout-letani-schvalila-vlada-40567150\" class=\"c_N\" rel=\"nofollow noopener\"><img height=\"1080\" width=\"1920\" src=\"https:\/\/www.europesays.com\/cz\/wp-content\/uploads\/2026\/04\/andrej-babis-politika-politik-tk.jpeg\" loading=\"lazy\" decoding=\"async\" class=\"c_t c_r c_l\"\/><\/a><\/p>\n","protected":false},"excerpt":{"rendered":"Informace p\u0159inesl v\u00a0sobotu ve\u010der den\u00edk Blesk. Babi\u0161 v\u00a0debat\u011b XTV v\u00a0Praze uvedl, \u017ee Vystr\u010dil p\u0159edlo\u017eil po\u017eadavek na arm\u00e1dn\u00ed letadlo,&hellip;\n","protected":false},"author":2,"featured_media":58988,"comment_status":"","ping_status":"","sticky":false,"template":"","format":"standard","meta":{"footnotes":"","_share_on_mastodon":"0"},"categories":[10],"tags":[266,17,21,5529,16,5019,18,19,22,964,20],"class_list":["post-58987","post","type-post","status-publish","format-standard","has-post-thumbnail","category-zpravy","tag-andrej-babis","tag-headlines","tag-hlavni-udalosti","tag-milos-vystrcil","tag-news","tag-tchaj-wan","tag-top-news","tag-top-stories","tag-udalosti-dne","tag-vlada","tag-zpravy"],"share_on_mastodon":{"url":"https:\/\/pubeurope.com\/@cz\/116427459375632574","error":""},"_links":{"self":[{"href":"https:\/\/www.europesays.com\/cz\/wp-json\/wp\/v2\/posts\/58987","targetHints":{"allow":["GET"]}}],"collection":[{"href":"https:\/\/www.europesays.com\/cz\/wp-json\/wp\/v2\/posts"}],"about":[{"href":"https:\/\/www.europesays.com\/cz\/wp-json\/wp\/v2\/types\/post"}],"author":[{"embeddable":true,"href":"https:\/\/www.europesays.com\/cz\/wp-json\/wp\/v2\/users\/2"}],"replies":[{"embeddable":true,"href":"https:\/\/www.europesays.com\/cz\/wp-json\/wp\/v2\/comments?post=58987"}],"version-history":[{"count":0,"href":"https:\/\/www.europesays.com\/cz\/wp-json\/wp\/v2\/posts\/58987\/revisions"}],"wp:featuredmedia":[{"embeddable":true,"href":"https:\/\/www.europesays.com\/cz\/wp-json\/wp\/v2\/media\/58988"}],"wp:attachment":[{"href":"https:\/\/www.europesays.com\/cz\/wp-json\/wp\/v2\/media?parent=58987"}],"wp:term":[{"taxonomy":"category","embeddable":true,"href":"https:\/\/www.europesays.com\/cz\/wp-json\/wp\/v2\/categories?post=58987"},{"taxonomy":"post_tag","embeddable":true,"href":"https:\/\/www.europesays.com\/cz\/wp-json\/wp\/v2\/tags?post=58987"}],"curies":[{"name":"wp","href":"https:\/\/api.w.org\/{rel}","templated":true}]}}