{"id":59322,"date":"2026-04-19T08:15:22","date_gmt":"2026-04-19T08:15:22","guid":{"rendered":"https:\/\/www.europesays.com\/cz\/59322\/"},"modified":"2026-04-19T08:15:22","modified_gmt":"2026-04-19T08:15:22","slug":"jachym-kraus-prekvapil-slavu-zahodil-a-zije-zivot-ktery-rodice-nechapou","status":"publish","type":"post","link":"https:\/\/www.europesays.com\/cz\/59322\/","title":{"rendered":"J\u00e1chym Kraus p\u0159ekvapil. Sl\u00e1vu zahodil a\u00a0\u017eije \u017eivot, kter\u00fd rodi\u010de nech\u00e1pou"},"content":{"rendered":"<p>D\u011btstv\u00ed mezi slavn\u00fdmi a\u00a0popularita, kter\u00e1 p\u0159i\u0161la p\u0159\u00edli\u0161 brzy<\/p>\n<p class=\"e_cy\">J\u00e1chym Kraus vyr\u016fstal v\u00a0rodin\u011b, kde byl showbyznys ka\u017edodenn\u00ed realitou. Jeho otec Jan Kraus pat\u0159\u00ed mezi nejzn\u00e1m\u011bj\u0161\u00ed \u010desk\u00e9 moder\u00e1tory a\u00a0herce, maminka Ivana Ch\u00fdlkov\u00e1 je v\u00fdrazn\u00e1 here\u010dka s\u00a0dlouhou kari\u00e9rou.<\/p>\n<p class=\"e_cy\">Na prvn\u00ed pohled by se mohlo zd\u00e1t, \u017ee m\u011bl cestu vy\u0161lapanou. A\u00a0vlastn\u011b ji i\u00a0m\u011bl. U\u017e jako teenager se objevil v\u00a0seri\u00e1lu Gympl s (r)u\u010den\u00edm omezen\u00fdm, kde ztv\u00e1rnil roli Patrika H\u00e1jka. A\u00a0to byl okam\u017eik, kter\u00fd mu zm\u011bnil \u017eivot.<\/p>\n<p class=\"e_cy\">Najednou ho znaly tis\u00edce lid\u00ed. Fanynky na n\u011bj \u010dekaly p\u0159ed domem, pron\u00e1sledovaly ho po n\u00e1kupn\u00edch centrech a\u00a0cht\u011bly se fotit. Jeho vlastn\u00ed rodi\u010de pr\u00fd st\u00e1li opod\u00e1l, zat\u00edmco se kolem n\u011bj to\u010dil dav d\u00edvek.<\/p>\n<p class=\"e_cy\">Jen\u017ee pr\u00e1v\u011b tahle extr\u00e9mn\u00ed popularita m\u011bla i\u00a0odvr\u00e1cenou stranu. P\u0159i\u0161la p\u0159\u00edli\u0161 brzy a\u00a0nebyla \u00fapln\u011b to, co by si jako mlad\u00fd kluk dok\u00e1zal u\u017e\u00edt.<\/p>\n<p>Zlom: herectv\u00ed ho p\u0159estalo bavit a\u00a0zmizel do zahrani\u010d\u00ed<\/p>\n<p class=\"e_cy\">I kdy\u017e m\u011bl dob\u0159e na\u0161l\u00e1pnuto, rozhodl se ud\u011blat krok, kter\u00fd m\u00e1lokdo \u010dekal. Herectv\u00ed jednodu\u0161e utnul. \u0158ekl si, \u017ee to nen\u00ed cesta, kterou chce j\u00edt.<\/p>\n<p class=\"e_cy\">Odst\u011bhoval se do zahrani\u010d\u00ed a\u00a0za\u010dal \u00fapln\u011b jin\u00fd \u017eivot. Studoval mimo \u010cesko a\u00a0postupn\u011b se dostal do sv\u011bta technologi\u00ed a\u00a0marketingu.<\/p>\n<p class=\"e_cy\">Dnes pracuje v\u00a0oblasti digit\u00e1ln\u00edho marketingu, konkr\u00e9tn\u011b kolem kryptom\u011bn a\u00a0modern\u00edch technologi\u00ed. M\u00e1 vlastn\u00ed projekty a\u00a0pr\u00e1ci, kterou m\u016f\u017ee d\u011blat odkudkoliv na sv\u011bt\u011b.<\/p>\n<p class=\"e_cy\">A p\u0159esn\u011b to tak\u00e9 d\u011bl\u00e1. Cestuje, st\u0159\u00edd\u00e1 zem\u011b a\u00a0\u017eije zp\u016fsobem, kter\u00fd m\u00e1 ke klasick\u00e9mu \u017eivotu \u010desk\u00fdch celebrit hodn\u011b daleko. Do \u010ceska se vrac\u00ed sp\u00ed\u0161 v\u00fdjime\u010dn\u011b, v\u011bt\u0161inou kv\u016fli rodin\u011b.<\/p>\n<p><img fetchpriority=\"high\" height=\"4096\"   width=\"2480\" src=\"https:\/\/www.europesays.com\/cz\/wp-content\/uploads\/2026\/04\/spolecnost-jachym-kraus.jpeg\" loading=\"eager\" decoding=\"sync\" class=\"e_ah e_af\"\/>Foto: NextFoto.cz (placen\u00e1 licence)<\/p>\n<p class=\"e_cy\">J\u00e1chym Kraus d\u0159\u00edve<\/p>\n<p>Vztah s\u00a0rodi\u010di a\u00a0\u017eivot, kter\u00fd si dr\u017e\u00ed pod kontrolou<\/p>\n<p class=\"e_cy\">Zaj\u00edmav\u00e9 je, \u017ee i\u00a0kdy\u017e poch\u00e1z\u00ed z\u00a0jedn\u00e9 z\u00a0nejzn\u00e1m\u011bj\u0161\u00edch rodin v\u00a0\u010cesku, sna\u017e\u00ed se z\u016fstat mimo pozornost. A\u00a0podle v\u0161eho mu to vyhovuje.<\/p>\n<p class=\"e_cy\">Jeho maminka Ivana Ch\u00fdlkov\u00e1 sama s\u00a0nads\u00e1zkou p\u0159iznala, \u017ee vlastn\u011b \u00fapln\u011b p\u0159esn\u011b nev\u00ed, co jej\u00ed syn d\u011bl\u00e1. V\u00ed jen, \u017ee pracuje v\u00a0oboru, kter\u00fd j\u00ed nen\u00ed \u00fapln\u011b bl\u00edzk\u00fd, a\u00a0\u017ee m\u016f\u017ee pracovat odkudkoliv.<\/p>\n<p class=\"e_cy\">J\u00e1chym m\u00e1 nav\u00edc partnerku ze zahrani\u010d\u00ed a\u00a0velkou \u010d\u00e1st roku tr\u00e1v\u00ed mimo Evropu. \u017divot si za\u0159\u00eddil po sv\u00e9m a\u00a0zd\u00e1 se, \u017ee mu to vyhovuje v\u00edc ne\u017e reflektory a\u00a0pozornost, kterou kdysi za\u017eil.<\/p>\n<p class=\"e_cy\">A mo\u017en\u00e1 pr\u00e1v\u011b to je na jeho p\u0159\u00edb\u011bhu nejzaj\u00edmav\u011bj\u0161\u00ed. M\u011bl v\u0161echno p\u0159ipraven\u00e9 k\u00a0tomu, aby se stal hv\u011bzdou. M\u00edsto toho ale zmizel a\u00a0za\u010dal \u00fapln\u011b od za\u010d\u00e1tku.<\/p>\n<p>Blesk.cz &#8211; https:\/\/www.blesk.cz\/clanek\/celebrity-ceske-celebrity\/833263\/jediny-syn-chylkove-a-krause-jachym-27-utekl-do-zahranici-mama-poradne-nevi-co-dela.htmlKafe.cz &#8211; https:\/\/www.kafe.cz\/celebrity\/jachym-kraus-co-dnes-dela\/?utm_sourceExtra.cz &#8211; https:\/\/www.extra.cz\/zoufala-ivana-chylkova-syn-jachym-prchl-do-zahranici-nevi-co-dela-07dc5<\/p>\n","protected":false},"excerpt":{"rendered":"D\u011btstv\u00ed mezi slavn\u00fdmi a\u00a0popularita, kter\u00e1 p\u0159i\u0161la p\u0159\u00edli\u0161 brzy J\u00e1chym Kraus vyr\u016fstal v\u00a0rodin\u011b, kde byl showbyznys ka\u017edodenn\u00ed realitou. Jeho&hellip;\n","protected":false},"author":2,"featured_media":59323,"comment_status":"","ping_status":"","sticky":false,"template":"","format":"standard","meta":{"footnotes":"","_share_on_mastodon":"0"},"categories":[14],"tags":[79,1574,3294,649,80],"class_list":["post-59322","post","type-post","status-publish","format-standard","has-post-thumbnail","category-zabava","tag-entertainment","tag-ivana-chylkova","tag-jan-kraus","tag-spolecnost","tag-zabava"],"share_on_mastodon":{"url":"https:\/\/pubeurope.com\/@cz\/116430380894244713","error":""},"_links":{"self":[{"href":"https:\/\/www.europesays.com\/cz\/wp-json\/wp\/v2\/posts\/59322","targetHints":{"allow":["GET"]}}],"collection":[{"href":"https:\/\/www.europesays.com\/cz\/wp-json\/wp\/v2\/posts"}],"about":[{"href":"https:\/\/www.europesays.com\/cz\/wp-json\/wp\/v2\/types\/post"}],"author":[{"embeddable":true,"href":"https:\/\/www.europesays.com\/cz\/wp-json\/wp\/v2\/users\/2"}],"replies":[{"embeddable":true,"href":"https:\/\/www.europesays.com\/cz\/wp-json\/wp\/v2\/comments?post=59322"}],"version-history":[{"count":0,"href":"https:\/\/www.europesays.com\/cz\/wp-json\/wp\/v2\/posts\/59322\/revisions"}],"wp:featuredmedia":[{"embeddable":true,"href":"https:\/\/www.europesays.com\/cz\/wp-json\/wp\/v2\/media\/59323"}],"wp:attachment":[{"href":"https:\/\/www.europesays.com\/cz\/wp-json\/wp\/v2\/media?parent=59322"}],"wp:term":[{"taxonomy":"category","embeddable":true,"href":"https:\/\/www.europesays.com\/cz\/wp-json\/wp\/v2\/categories?post=59322"},{"taxonomy":"post_tag","embeddable":true,"href":"https:\/\/www.europesays.com\/cz\/wp-json\/wp\/v2\/tags?post=59322"}],"curies":[{"name":"wp","href":"https:\/\/api.w.org\/{rel}","templated":true}]}}