{"id":59344,"date":"2026-04-19T08:43:08","date_gmt":"2026-04-19T08:43:08","guid":{"rendered":"https:\/\/www.europesays.com\/cz\/59344\/"},"modified":"2026-04-19T08:43:08","modified_gmt":"2026-04-19T08:43:08","slug":"vedeme-teorie-ktery-z-nas-je-povedeny-model-rikaji-bratri-jan-a-ivan-krausovi-idnes-cz","status":"publish","type":"post","link":"https:\/\/www.europesays.com\/cz\/59344\/","title":{"rendered":"Vedeme teorie, kter\u00fd z n\u00e1s je poveden\u00fd model, \u0159\u00edkaj\u00ed brat\u0159i Jan a Ivan Krausovi &#8211; iDNES.cz"},"content":{"rendered":"<p><a href=\"https:\/\/news.google.com\/rss\/articles\/CBMitgFBVV95cUxOYUdMcGpGVGZ6V3JzLWMxUHpPNV9sRUFnRjM1eGxSMTA5eGtmY24tYzVVY0NQUkFpLUtRUTNWU3FRd0dJYVR3eVVod0Z6T0kwYWxfczVRMC1OVGNDcXBpYkxEdkQyRXF4ZUpOcW1ndE1GeUM2REFBUmtYLWduMzQ5RmZNNjhDY1FvT1JjU1BzNk14R0wxQ01pOFNEaVotZDk3Ql9ma041WXRkR1JUaDczUFQtckNVZw?oc=5\" target=\"_blank\" rel=\"nofollow noopener\">Vedeme teorie, kter\u00fd z n\u00e1s je poveden\u00fd model, \u0159\u00edkaj\u00ed brat\u0159i Jan a Ivan Krausovi<\/a>&nbsp;&nbsp;iDNES.cz<a href=\"https:\/\/news.google.com\/rss\/articles\/CBMi3wFBVV95cUxQYTB1MGl3ckJwZW5aQ0pGT3lGLVR1dlBCTzFObkxsV2hENWNwTEFKc0VwNm1DV2l1R08ySzc3ZEY3a2ZqOWROczR5SjV2alZ4dWZJWDhQYzdJRDFqZjg5VFZSREpuUEJEVWJ1b1NEaVpSYWNGeGV0cUl4Ukx2cGNPaXZ2U3FMQWIyQ0FDb3NkTko4S2JHUExWRnRSU0ZIWDZRaXQ0Ymh0WlNOcUxDWlZQOEtPdU5IcmdER0EybGg1WDZ4R1dmNVZXdkF1T3BGZzdjMk5ZXy1LbnRXR0pmeXNJ?oc=5\" target=\"_blank\" rel=\"nofollow noopener\">U n\u00e1s v rodin\u011b byly nep\u0159\u00edjemn\u00e9 p\u0159est\u00e1vky zp\u016fsoben\u00e9 sv\u011btov\u00fdm d\u011bn\u00edm, \u0159\u00edkaj\u00ed brat\u0159i Krausovi<\/a>&nbsp;&nbsp;iDNES.tv<a href=\"https:\/\/news.google.com\/rss\/articles\/CBMizAFBVV95cUxPZmh0RzBCd1pEY29tMURlUy1nemd1UXQ2bE9UTS00dF9YWVlHcHZGaER4TDE1bmdSbnpZTDhXbGxOU3paR29tbjd2VDFhWDNiUW1JSmRlamFxZkI1LXpqUkRqcEJjVFNOZnMzMjMtOUhQTWkzNlltTTZZMGtqaktQYmNYMzVUTmZlUU14Z0lSTmZxaF9OeUVBRHVqNkVPNGhidEc1VmNtNkZIQ0NOOFVPQWNaYXFxSjhDb3J4YmlueWhnMlJSaGpGU2sxTE8?oc=5\" target=\"_blank\" rel=\"nofollow noopener\">Ivan Kraus na v\u00fdslechu u bratra Jana: Jak Munzarovi ukradl man\u017eelku!<\/a>&nbsp;&nbsp;Blesk<a href=\"https:\/\/news.google.com\/rss\/articles\/CBMi6AFBVV95cUxQcUc5XzlTRkw1dEVwR3JfMlEtOGlMNGMxZ2otQ2pWZS1OYk5QZ1pSMWhvRjBJaWZQWUVyYktsNEtZTkdfQ2pSdUtVYWR1Z2VxekVOWUlXZzVqdEQ4aWNEcUMxQ1prMTQ0SlpWdldlWjBwVHBwczViSmRBYXEtZ09JN2FEcGREV1VNTUFvV2lIODU3d1pscjdSbTB5TlIxcjJ2UURrWkxtc1pqRlg3WUVZa09Wc3lyR2FFSUcyU1RsXzdjQmllazhQSlJLMGVzaEtUM3Y1ZThuRVJKUUFGdWJxWXB1emgwSGJV?oc=5\" target=\"_blank\" rel=\"nofollow noopener\">Bratr Jana Krause se po del\u0161\u00ed dob\u011b uk\u00e1zal na ve\u0159ejnosti: Fanou\u0161ci ho t\u00e9m\u011b\u0159 nepozn\u00e1vaj\u00ed. Zavzpom\u00ednal na temnou minulost<\/a>&nbsp;&nbsp;Centrum.cz<a href=\"https:\/\/news.google.com\/rss\/articles\/CBMickFVX3lxTFBLYkxaSWlBV3VFeXNiV09mellJaVV0VzNjUEMxaFZxSHRQOW9TRk92RmJVTkxDVFZoQjliVGJKaF84V0Q0YkhHYUpjbWVxektlT3I2ekZsU0hDdHpWU1FTM0VUM0dVTlVYa2hrRnZ4ZVc4UQ?oc=5\" target=\"_blank\" rel=\"nofollow noopener\">Brat\u0159i Krausovi o dvan\u00e1cti letech, kdy se nevid\u011bli: V\u00e1\u017e\u00edme si sebe nepom\u011brn\u011b v\u00edc<\/a>&nbsp;&nbsp;Prima \u017deny<\/p>\n","protected":false},"excerpt":{"rendered":"Vedeme teorie, kter\u00fd z n\u00e1s je poveden\u00fd model, \u0159\u00edkaj\u00ed brat\u0159i Jan a Ivan Krausovi&nbsp;&nbsp;iDNES.czU n\u00e1s v rodin\u011b byly&hellip;\n","protected":false},"author":2,"featured_media":59345,"comment_status":"","ping_status":"","sticky":false,"template":"","format":"standard","meta":{"footnotes":"","_share_on_mastodon":"0"},"categories":[14],"tags":[79,19742,3294,651,80],"class_list":["post-59344","post","type-post","status-publish","format-standard","has-post-thumbnail","category-zabava","tag-entertainment","tag-ivan-kraus","tag-jan-kraus","tag-rodina","tag-zabava"],"share_on_mastodon":{"url":"https:\/\/pubeurope.com\/@cz\/116430490997659715","error":""},"_links":{"self":[{"href":"https:\/\/www.europesays.com\/cz\/wp-json\/wp\/v2\/posts\/59344","targetHints":{"allow":["GET"]}}],"collection":[{"href":"https:\/\/www.europesays.com\/cz\/wp-json\/wp\/v2\/posts"}],"about":[{"href":"https:\/\/www.europesays.com\/cz\/wp-json\/wp\/v2\/types\/post"}],"author":[{"embeddable":true,"href":"https:\/\/www.europesays.com\/cz\/wp-json\/wp\/v2\/users\/2"}],"replies":[{"embeddable":true,"href":"https:\/\/www.europesays.com\/cz\/wp-json\/wp\/v2\/comments?post=59344"}],"version-history":[{"count":0,"href":"https:\/\/www.europesays.com\/cz\/wp-json\/wp\/v2\/posts\/59344\/revisions"}],"wp:featuredmedia":[{"embeddable":true,"href":"https:\/\/www.europesays.com\/cz\/wp-json\/wp\/v2\/media\/59345"}],"wp:attachment":[{"href":"https:\/\/www.europesays.com\/cz\/wp-json\/wp\/v2\/media?parent=59344"}],"wp:term":[{"taxonomy":"category","embeddable":true,"href":"https:\/\/www.europesays.com\/cz\/wp-json\/wp\/v2\/categories?post=59344"},{"taxonomy":"post_tag","embeddable":true,"href":"https:\/\/www.europesays.com\/cz\/wp-json\/wp\/v2\/tags?post=59344"}],"curies":[{"name":"wp","href":"https:\/\/api.w.org\/{rel}","templated":true}]}}