{"id":59364,"date":"2026-04-19T09:05:08","date_gmt":"2026-04-19T09:05:08","guid":{"rendered":"https:\/\/www.europesays.com\/cz\/59364\/"},"modified":"2026-04-19T09:05:08","modified_gmt":"2026-04-19T09:05:08","slug":"babis-odmitl-hodnotovou-politiku-v-zahranici-chce-razit-pragmatismus","status":"publish","type":"post","link":"https:\/\/www.europesays.com\/cz\/59364\/","title":{"rendered":"Babi\u0161 odm\u00edtl hodnotovou politiku, v\u00a0zahrani\u010d\u00ed chce razit pragmatismus"},"content":{"rendered":"<p class=\"c_bz\"><a data-dot=\"atm-link\" target=\"_blank\" href=\"https:\/\/www.novinky.cz\/clanek\/domaci-tiskova-konference-po-jednani-sefa-nato-rutteho-s-babisem-40573721#utm_content=ribbonnews&amp;utm_term=rutte&amp;utm_medium=hint&amp;utm_source=search.seznam.cz\" class=\"c_N\" rel=\"nofollow noopener\">O jedn\u00e1n\u00ed s\u00a0Ruttem<\/a>, jeho\u017e ozna\u010dil za sv\u00e9ho p\u0159\u00edtele, Babi\u0161 \u0159ekl, \u017ee se domluvili na tom, aby se \u201et\u00fdmy pod\u00edvaly na \u010d\u00edsla a\u00a0procenta\u201c, kter\u00e1 se \u010cR zav\u00e1zala vyd\u00e1vat na obranu, a\u00a0kter\u00e1 re\u00e1ln\u011b vyd\u00e1v\u00e1. <\/p>\n<p class=\"c_bz\">Babi\u0161 p\u0159ipomn\u011bl, \u017ee mand\u00e1t na \u010dervencov\u00fd summit NATO v\u00a0Anka\u0159e bude vl\u00e1da formulovat a\u00a0schvalovat a\u017e v\u00a0\u010dervnu. \u201eJ\u00e1 u\u017e jsem tam byl, u\u017e jsem s (Donaldem) Trumpem mluvil v\u00a0\u017eivot\u011b p\u011btkr\u00e1t. Budu tam vystupovat jako hrd\u00fd p\u0159edseda \u010desk\u00e9 vl\u00e1dy, jsme samostatn\u00e1 zem\u011b, nejsme kolonie nikoho,\u201c dodal k\u00a0jedn\u00e1n\u00ed, na n\u011bm\u017e by se mohlo \u0159e\u0161it dodr\u017eov\u00e1n\u00ed spojeneck\u00fdch z\u00e1vazk\u016f skrze zvy\u0161ov\u00e1n\u00ed obrann\u00fdch v\u00fddaj\u016f.<\/p>\n<p class=\"c_bz\">Babi\u0161 se vr\u00e1til i\u00a0k rozhodnut\u00ed vl\u00e1dy neposkytnout arm\u00e1dn\u00ed speci\u00e1l pro cestu \u0161\u00e9fa Sen\u00e1tu, kter\u00fd se s\u00a0podnikatelskou delegac\u00ed chyst\u00e1 na Tchaj-wan.<\/p>\n<p><a data-dot=\"atm-link\" target=\"_self\" href=\"https:\/\/www.novinky.cz\/clanek\/domaci-vystrcil-chtel-na-tchaj-wan-letet-armadnim-letounem-babis-to-zakazal-40574184\" class=\"c_N\" rel=\"nofollow noopener\"><img fetchpriority=\"high\" height=\"2304\" width=\"4096\" src=\"https:\/\/www.europesays.com\/cz\/wp-content\/uploads\/2026\/04\/1776589508_245_4243.jpeg\" loading=\"eager\" decoding=\"sync\" class=\"c_t c_r\"\/><\/a><\/p>\n<p class=\"c_bz\">Cestu druh\u00e9ho nejvy\u0161\u0161\u00edho \u00fastavn\u00edho \u010dinitele ozna\u010dil za \u201ev\u00fdlet\u201c. \u201eNebudeme d\u011blat stejnou politiku jako (Mark\u00e9ta) Pekarov\u00e1 (Adamov\u00e1) a\u00a0Vystr\u010dil, kter\u00e1 zni\u010dila byznys na\u0161ich firem v\u00a0\u010c\u00edn\u011b,\u201c uvedl Babi\u0161.<\/p>\n<p class=\"c_bz\">\u201eBudeme d\u011blat pragmatickou zahrani\u010dn\u00ed politiku,\u201c dodal s\u00a0t\u00edm, \u017ee se chyst\u00e1 do Kazachst\u00e1nu, Uzbekist\u00e1nu a\u00a0\u00c1zerb\u00e1jd\u017e\u00e1nu. \u201eNe tu hodnotovou, kter\u00e1 v\u00edcem\u00e9n\u011b nic nep\u0159inesla, jenom po\u0161kodila na\u0161e firmy,\u201c dodal na vysv\u011btlenou k\u00a0letit\u00e9mu d\u016frazu \u010desk\u00e9 diplomacie na hodnoty a\u00a0lidsk\u00e1 pr\u00e1va. <\/p>\n<p class=\"c_bz\">V r\u00e1mci souhrnu slib\u016f a\u00a0dobr\u00fdch zpr\u00e1v se premi\u00e9r pochlubil i\u00a0sn\u00ed\u017een\u00edm \u00fav\u011brov\u00e9ho ratingu Belgie. \u201eDal\u0161\u00ed dobr\u00e1 zpr\u00e1va je, \u017ee Belgie m\u00e1 poprv\u00e9 v\u00a0historii hor\u0161\u00ed rating ne\u017e \u010cR,\u201c sd\u011blil v\u00a0reakci na p\u00e1te\u010dn\u00ed zpr\u00e1vu agentury Moody&#8217;s Ratings, kter\u00e1 sn\u00ed\u017eila hlavn\u00ed rating Belgie na zn\u00e1mku A1\u00a0z\u00a0dosavadn\u00edho stupn\u011b Aa3.\u00a0Rating \u010cR je Aa3.<\/p>\n<p class=\"c_bz\">\u201eV\u011b\u0159te mi, \u017ee bude z\u00e1sadn\u011b l\u00edp, ale mus\u00edte n\u00e1m d\u00e1t tro\u0161ku \u010dasu,\u201c <a data-dot=\"atm-link\" target=\"_blank\" rel=\"noopener nofollow\" href=\"https:\/\/www.novinky.cz\/clanek\/facebook.com\/reel\/1299398955481614\/\" class=\"c_N\">uzav\u0159el Babi\u0161<\/a>.<\/p>\n<p><a data-dot=\"atm-link\" target=\"_self\" href=\"https:\/\/www.novinky.cz\/clanek\/domaci-ty-valky-a-emise-k-tomu-babis-ve-videu-hovoril-o-odzbrojeni-40572758\" class=\"c_N\" rel=\"nofollow noopener\"><img height=\"1577\" width=\"2804\" src=\"https:\/\/www.europesays.com\/cz\/wp-content\/uploads\/2026\/04\/c0ad.jpeg\" loading=\"eager\" decoding=\"sync\" class=\"c_t c_r\"\/><\/a><\/p>\n","protected":false},"excerpt":{"rendered":"O jedn\u00e1n\u00ed s\u00a0Ruttem, jeho\u017e ozna\u010dil za sv\u00e9ho p\u0159\u00edtele, Babi\u0161 \u0159ekl, \u017ee se domluvili na tom, aby se \u201et\u00fdmy&hellip;\n","protected":false},"author":2,"featured_media":59365,"comment_status":"","ping_status":"","sticky":false,"template":"","format":"standard","meta":{"footnotes":"","_share_on_mastodon":"0"},"categories":[7],"tags":[266,43,42,41,40,1001,5529,168,1015],"class_list":["post-59364","post","type-post","status-publish","format-standard","has-post-thumbnail","category-cesko","tag-andrej-babis","tag-ceska-republika","tag-cesko","tag-czech-republic","tag-czechia","tag-mark-rutte","tag-milos-vystrcil","tag-severoatlanticka-aliance-nato","tag-zahranicni-politika"],"share_on_mastodon":{"url":"https:\/\/pubeurope.com\/@cz\/116430577674066949","error":""},"_links":{"self":[{"href":"https:\/\/www.europesays.com\/cz\/wp-json\/wp\/v2\/posts\/59364","targetHints":{"allow":["GET"]}}],"collection":[{"href":"https:\/\/www.europesays.com\/cz\/wp-json\/wp\/v2\/posts"}],"about":[{"href":"https:\/\/www.europesays.com\/cz\/wp-json\/wp\/v2\/types\/post"}],"author":[{"embeddable":true,"href":"https:\/\/www.europesays.com\/cz\/wp-json\/wp\/v2\/users\/2"}],"replies":[{"embeddable":true,"href":"https:\/\/www.europesays.com\/cz\/wp-json\/wp\/v2\/comments?post=59364"}],"version-history":[{"count":0,"href":"https:\/\/www.europesays.com\/cz\/wp-json\/wp\/v2\/posts\/59364\/revisions"}],"wp:featuredmedia":[{"embeddable":true,"href":"https:\/\/www.europesays.com\/cz\/wp-json\/wp\/v2\/media\/59365"}],"wp:attachment":[{"href":"https:\/\/www.europesays.com\/cz\/wp-json\/wp\/v2\/media?parent=59364"}],"wp:term":[{"taxonomy":"category","embeddable":true,"href":"https:\/\/www.europesays.com\/cz\/wp-json\/wp\/v2\/categories?post=59364"},{"taxonomy":"post_tag","embeddable":true,"href":"https:\/\/www.europesays.com\/cz\/wp-json\/wp\/v2\/tags?post=59364"}],"curies":[{"name":"wp","href":"https:\/\/api.w.org\/{rel}","templated":true}]}}