{"id":59518,"date":"2026-04-19T11:53:13","date_gmt":"2026-04-19T11:53:13","guid":{"rendered":"https:\/\/www.europesays.com\/cz\/59518\/"},"modified":"2026-04-19T11:53:13","modified_gmt":"2026-04-19T11:53:13","slug":"babis-chce-pragmatickou-zahranicni-politiku-fiala-reagoval-varovanim","status":"publish","type":"post","link":"https:\/\/www.europesays.com\/cz\/59518\/","title":{"rendered":"Babi\u0161 chce pragmatickou zahrani\u010dn\u00ed politiku. Fiala reagoval varov\u00e1n\u00edm"},"content":{"rendered":"<p class=\"e_bW\">Vl\u00e1da bude d\u011blat pragmatickou zahrani\u010dn\u00ed politiku, ne hodnotovou, kter\u00e1 v\u00edcem\u00e9n\u011b nic nep\u0159inesla, \u0159ekl v\u00a0ned\u011bli premi\u00e9r Andrej Babi\u0161 (ANO). Uvedl to na soci\u00e1ln\u00ed <a data-dot=\"atm-link\" target=\"_blank\" rel=\"noopener nofollow\" href=\"https:\/\/x.com\/AndrejBabis\/status\/2045769429300969749\" class=\"e_n\">s\u00edti<\/a> k\u00a0rozhodnut\u00ed kabinetu neposkytnout p\u0159edsedovi Sen\u00e1tu Milo\u0161i Vystr\u010dilovi (ODS) vl\u00e1dn\u00ed letoun k\u00a0cest\u011b s\u00a0podnikateli na Tchaj-wan. Babi\u0161e za toto odm\u00edtnut\u00ed kritizovali z\u00e1stupci opozi\u010dn\u00edch stran, Vystr\u010dil p\u0159isl\u00edbil vyj\u00e1d\u0159en\u00ed p\u0159\u00ed\u0161t\u00ed t\u00fdden.<\/p>\n<p lang=\"cs\" dir=\"ltr\">Kr\u00e1snou ned\u011bli v\u00e1m v\u0161em \ud83d\ude4b\ud83c\udffb\u200d\u2642\ufe0f Dnes m\u00e1m pro v\u00e1s sam\u00e9 skv\u011bl\u00e9 zpr\u00e1vy \ud83d\ude0a Pus\u0165te si video, m\u00e1 17 minut, ale dozv\u00edte se v n\u011bm v\u0161echno d\u016fle\u017eit\u00e9. Mluv\u00edm v n\u011bm o na\u0161\u00ed arm\u00e1d\u011b, o tom velmi diskutovan\u00e9m summitu NATO \ud83d\ude48, ale taky o kultu\u0159e , \u010cesk\u00e9 televizi, kauze bitcoin nebo o tom, jak jsme\u2026 <a href=\"https:\/\/t.co\/oQYKTHzYsF\" rel=\"nofollow\">pic.twitter.com\/oQYKTHzYsF<\/a><\/p>\n<p>\u2014 Andrej Babi\u0161 (@AndrejBabis) <a href=\"https:\/\/twitter.com\/AndrejBabis\/status\/2045769429300969749?ref_src=twsrc%5Etfw\" rel=\"nofollow noopener\" target=\"_blank\">April 19, 2026<\/a><\/p>\n<p class=\"e_bW\">\u201eMy budeme d\u011blat pragmatickou zahrani\u010dn\u00ed politiku &#8211; j\u00e1 nav\u0161t\u00edv\u00edm \u00c1zerb\u00e1jd\u017e\u00e1n, Kazachst\u00e1n, Uzbekist\u00e1n &#8211; pro na\u0161e firmy, aby d\u011blaly byznys, ne tu hodnotovou, kter\u00e1 v\u00edcem\u00e9n\u011b nic nep\u0159inesla, jenom po\u0161kodila na\u0161e firmy,\u201c \u0159ekl Babi\u0161.<\/p>\n<p class=\"e_bW\">P\u0159edseda horn\u00ed parlamentn\u00ed komory m\u00e1 Tchaj-wan nav\u0161t\u00edvit s\u00a0podnikatelskou delegac\u00ed na p\u0159elomu kv\u011btna a\u00a0\u010dervna. Babi\u0161 tuto misi ozna\u010dil za v\u00fdlet za miliony korun a\u00a0Vystr\u010dilovi doporu\u010dil cestovat komer\u010dn\u00ed linkou. \u010c\u00edna pova\u017euje Tchaj-wan za svou od\u0161t\u011bpeneckou provincii, sen\u00e1tn\u00ed aktivity ve prosp\u011bch Tchaj-wanu v\u00a0minulosti opakovan\u011b kritizovala.<\/p>\n<p class=\"e_bW\">\u201eTak jsem jenom \u0159ekl, \u017ee jsme panu Vystr\u010dilovi neschv\u00e1lili ofici\u00e1ln\u00ed vl\u00e1dn\u00ed arm\u00e1dn\u00ed letadlo na ten v\u00fdlet na Tchaj-wan. My nebudeme d\u011blat stejnou politiku jak (b\u00fdval\u00e1 p\u0159edsedkyn\u011b Sn\u011bmovny Mark\u00e9ta) Pekarov\u00e1 (Adamov\u00e1 z\u00a0TOP 09) a\u00a0Vystr\u010dil, kter\u00e1 zni\u010dila byznys na\u0161ich firem v\u00a0\u010c\u00edn\u011b,\u201c uvedl Babi\u0161. Podle Babi\u0161e se tyto aktivity odrazily ve zru\u0161en\u00ed \u010d\u00ednsk\u00fdch investic a\u00a0turistiky v\u00a0\u010cesku. \u201e\u010c\u00edn\u0161t\u00ed turist\u00e9 nechod\u00ed, investice nejsou \u017e\u00e1dn\u00e9,\u201c \u0159ekl.<\/p>\n<p><a data-dot=\"mol-article-card-media\" aria-hidden=\"true\" tabindex=\"-1\" href=\"https:\/\/www.seznamzpravy.cz\/clanek\/domaci-politika-vlada-podle-babise-neposkytne-vystrcilovi-letoun-k-ceste-na-tchaj-wan-304357\" class=\"e_n f_l-\" rel=\"nofollow noopener\" target=\"_blank\"><img fetchpriority=\"high\" height=\"2304\"   width=\"4096\" src=\"https:\/\/www.europesays.com\/cz\/wp-content\/uploads\/2026\/04\/1776599593_478_fa27.jpeg\" loading=\"eager\" decoding=\"sync\" class=\"e_aa e_Z\"\/><\/a><\/p>\n<p class=\"e_bW\">Z\u00e1stupci b\u00fdval\u00e9 vl\u00e1dy kritizuj\u00ed Babi\u0161e za jeho politiku dom\u00e1c\u00ed i\u00a0na venek.<\/p>\n<p class=\"e_bW\">\u201eU\u017e i\u00a0premi\u00e9r ukazuje trapnou malost v\u00a0chov\u00e1n\u00ed k\u00a0nejvy\u0161\u0161\u00edm \u00fastavn\u00edm \u010dinitel\u016fm, kte\u0159\u00ed nejsou z\u00a0vl\u00e1dn\u00ed koalice. Nebo je za t\u00edm n\u011bco v\u00edc? Nechce t\u00edm Andrej Babi\u0161 t\u0159eba vyj\u00edt vst\u0159\u00edc \u010c\u00ednsk\u00e9 lidov\u00e9 republice,\u201c <a data-dot=\"atm-link\" target=\"_blank\" rel=\"noopener nofollow\" href=\"https:\/\/x.com\/P_Fiala\/status\/2045577749981524270\" class=\"e_n\">komentoval <\/a>rozhodnut\u00ed b\u00fdval\u00fd premi\u00e9r a\u00a0exp\u0159edseda ODS Petr Fiala s\u00a0t\u00edm, \u017ee i\u00a0on nav\u0161t\u00edvil ve sv\u00e9 premi\u00e9rsk\u00e9 \u00e9\u0159e Kazachst\u00e1n \u010di Uzbekist\u00e1n.<\/p>\n<p class=\"e_bW\">\u201eNa rozd\u00edl od v\u00e1s jsme nem\u011bli ve vl\u00e1d\u011b extremisty, kte\u0159\u00ed miluj\u00ed Moskvu, a\u00a0ned\u011blali z\u00a0\u010cesk\u00e9 republiky periferii Evropy. (\u2026) A\u00a0pokud, pane premi\u00e9re, pojedete do \u010c\u00ednsk\u00e9 lidov\u00e9 republiky, jsem v\u00e1\u017en\u011b zv\u011bdav\u00fd, co tam dojedn\u00e1te. V\u00e1\u0161 velk\u00fd p\u0159\u00edtel Milo\u0161 Zeman m\u011bl kdysi pln\u00e1 \u00fasta toho, jak zde \u010c\u00edna bude masivn\u011b investovat. Nic takov\u00e9ho se nikdy nestalo,\u2069\u201c dodal Fiala v\u00a0dal\u0161\u00edm p\u0159\u00edsp\u011bvku na soci\u00e1ln\u00ed s\u00edti.<\/p>\n<p class=\"e_bW\">Podle Fialova n\u00e1stupce v\u00a0\u010dele strany Martina Kupky se premi\u00e9r projevil jako \u201egeopolitick\u00fd chaot\u201c a\u00a0odm\u00edtnut\u00ed letounu je \u201eomezenost\u201c. Kupka se tak\u00e9 <a data-dot=\"atm-link\" target=\"_blank\" rel=\"noopener nofollow\" href=\"https:\/\/x.com\/makupka\" class=\"e_n\">pozastavil<\/a> nad t\u00edm, \u017ee vl\u00e1da chce regulovat i\u00a0cesty \u00fastavn\u00edch \u010dinitel\u016f. Ministr pro sport za Motoristy Boris \u0160tastn\u00fd k\u00a0tomu uvedl, \u017ee vl\u00e1da rozhodla jednomysln\u011b. \u201eNa to, aby (Vystr\u010dil) po\u0161kozoval obchodn\u00ed z\u00e1jmy \u010cesk\u00e9 republiky, lze dolet\u011bt i\u00a0linkou,\u201c napsal.<\/p>\n<p class=\"e_bW\">Ministr pr\u016fmyslu a\u00a0obchodu a\u00a0vicepremi\u00e9r Karel Havl\u00ed\u010dek (ANO) v\u00a0televizi Prima vl\u00e1dn\u00ed krok h\u00e1jil s\u00a0t\u00edm, \u017ee kabinet se chov\u00e1 stejn\u011b jako ostatn\u00ed evropsk\u00e9 st\u00e1ty. \u201eZa posledn\u00ed des\u00edtky let nebyl nikdo z\u00a0hlavn\u00edch \u00fastavn\u00edch \u010dinitel\u016f velk\u00fdch evropsk\u00fdch zem\u00ed na Tchaj-wanu,\u201c \u0159ekl ministr. N\u011bkter\u00e9 p\u0159edchoz\u00ed n\u00e1v\u0161t\u011bvy \u010desk\u00fdch \u00fastavn\u00edch \u010dinitel\u016f podle n\u011bj st\u00e1ly \u010cesko des\u00edtky miliard korun kv\u016fli zhor\u0161en\u00ed vztah\u016f s\u00a0\u010c\u00ednou. \u201eVztahy s\u00a0\u010c\u00ednou ale i\u00a0Tchaj-wanem jsou pro n\u00e1s d\u016fle\u017eit\u00e9. T\u00edmto bychom si ale zav\u00edrali cestu k\u00a0\u010c\u00edn\u011b,\u201c dodal Havl\u00ed\u010dek.<\/p>\n<p class=\"e_bW\">Babi\u0161 podle sen\u00e1torky ODS a\u00a0n\u011bkdej\u0161\u00ed p\u0159edsedkyn\u011b Sn\u011bmovny Miroslavy N\u011bmcov\u00e9 \u201eh\u00e1z\u00ed klacky pod nohy byznysu a\u00a0urychluje vyv\u00e1d\u011bn\u00ed \u010cR ze sv\u011bta demokracie a\u00a0svobody\u201c. \u201eJsme ve v\u00e1\u017en\u00e9 krizi, mus\u00edme se vzbou\u0159it,\u201c <a data-dot=\"atm-link\" target=\"_blank\" rel=\"noopener nofollow\" href=\"https:\/\/x.com\/Nemcova_Mirka\/status\/2045592886419308559\" class=\"e_n\">dodala<\/a> bez konkretizace formu vzpoury. P\u0159edseda KDU-\u010cSL Marek V\u00fdborn\u00fd <a data-dot=\"atm-link\" target=\"_blank\" rel=\"noopener nofollow\" href=\"https:\/\/x.com\/MarekVyborny\/status\/2045732760124371228\" class=\"e_n\">ozna\u010dil<\/a> odm\u00edtnut\u00ed za uboh\u00e9. \u201eNejde jen o\u00a0n\u00e1\u0161 vztah k\u00a0Tchaj-wanu, ale i\u00a0o velkou podnikatelskou delegaci k\u00a0na\u0161emu v\u00fdznamn\u00e9mu obchodn\u00edmu partnerovi,\u201c napsal V\u00fdborn\u00fd. Podle n\u011bj Babi\u0161 uk\u00e1zal v\u00a0praxi svou ekonomickou diplomacii. Za neuv\u011b\u0159iteln\u00e9 ozna\u010dila rozhodnut\u00ed vl\u00e1dy st\u0159edo\u010desk\u00e1 hejtmanka za STAN Petra Peckov\u00e1.<\/p>\n<p><a data-dot=\"mol-article-card-media\" aria-hidden=\"true\" tabindex=\"-1\" href=\"https:\/\/www.seznamzpravy.cz\/clanek\/domaci-politika-nikdo-jiny-ho-nema-pro-hormuzsky-pruliv-nabidneme-pasivni-radar-rekl-babis-304287\" class=\"e_n f_l-\" rel=\"nofollow noopener\" target=\"_blank\"><img height=\"2304\"   width=\"4096\" src=\"https:\/\/www.europesays.com\/cz\/wp-content\/uploads\/2026\/04\/1776599593_952_c650.jpeg\" loading=\"eager\" decoding=\"sync\" class=\"e_aa e_Z\"\/><\/a><\/p>\n<p class=\"e_bW\">\u010c\u00edna sen\u00e1tn\u00ed aktivity ve prosp\u011bch Tchaj-wanu opakovan\u011b kritizovala. Jej\u00ed velvyslanectv\u00ed v\u00a0Praze se v\u00a0minulosti proti r\u016fzn\u00fdm sen\u00e1tn\u00ed usnesen\u00edm ohrazovalo, ozna\u010dovalo je za vm\u011b\u0161ov\u00e1n\u00ed se do vnit\u0159n\u00edch z\u00e1le\u017eitost\u00ed nebo za nerespektov\u00e1n\u00ed principu jedn\u00e9 \u010c\u00edny. Vystr\u010dil poprv\u00e9 nav\u0161t\u00edvil Tchaj-wan v\u00a0z\u00e1\u0159\u00ed 2020\u00a0v\u00a0doprovodu z\u00e1stupc\u016f 36\u00a0\u010desk\u00fdch firem, kter\u00e9 jsou zam\u011b\u0159en\u00e9 p\u0159edev\u0161\u00edm na modern\u00ed a\u00a0pokro\u010dil\u00e9 technologie. I\u00a0kdy\u017e byl tehdy v\u00a0\u010dele sv\u00e9 prvn\u00ed koali\u010dn\u00ed vl\u00e1dy rovn\u011b\u017e Babi\u0161, sen\u00e1to\u0159i a\u00a0podnikatel\u00e9 cestovali vl\u00e1dn\u00edm speci\u00e1lem.<\/p>\n<p class=\"e_bW\">K nelibosti tehdej\u0161\u00edho prezidenta Milo\u0161e Zemana a\u00a0navzdory varov\u00e1n\u00ed \u010d\u00ednsk\u00e9ho re\u017eimu tak Vystr\u010dil uskute\u010dnil cestu, kterou pl\u00e1noval u\u017e jeho zesnul\u00fd p\u0159edch\u016fdce v\u00a0\u010dele Sen\u00e1tu Jaroslav Kubera (ODS). K\u00a0cest\u011b podle Vystr\u010dila vedla pot\u0159eba d\u00e1t v\u00a0souladu s\u00a0polistopadov\u00fdm v\u00fdvojem p\u0159ednost hodnot\u00e1m a\u00a0princip\u016fm, na nich\u017e je \u010cR zalo\u017eena, p\u0159ed kr\u00e1tkodob\u00fdmi ekonomick\u00fdmi z\u00e1jmy. \u201eBu\u010f budeme dr\u017eet sv\u00e9 principy a\u00a0sv\u00e9 hodnoty, anebo budeme po\u010d\u00edtat gro\u0161e,\u201c uvedl tehdy. Zeman n\u00e1sledn\u011b p\u0159estal zv\u00e1t Vystr\u010dila na sch\u016fzky \u00fastavn\u00edch \u010dinitel\u016f k\u00a0zahrani\u010dn\u00ed politice.<\/p>\n<p><script async src=\"https:\/\/platform.twitter.com\/widgets.js\" charset=\"utf-8\"><\/script><\/p>\n","protected":false},"excerpt":{"rendered":"Vl\u00e1da bude d\u011blat pragmatickou zahrani\u010dn\u00ed politiku, ne hodnotovou, kter\u00e1 v\u00edcem\u00e9n\u011b nic nep\u0159inesla, \u0159ekl v\u00a0ned\u011bli premi\u00e9r Andrej Babi\u0161 (ANO).&hellip;\n","protected":false},"author":2,"featured_media":57841,"comment_status":"","ping_status":"","sticky":false,"template":"","format":"standard","meta":{"footnotes":"","_share_on_mastodon":"0"},"categories":[10],"tags":[266,17,21,5529,16,960,5019,18,19,22,562,1015,20],"class_list":["post-59518","post","type-post","status-publish","format-standard","has-post-thumbnail","category-zpravy","tag-andrej-babis","tag-headlines","tag-hlavni-udalosti","tag-milos-vystrcil","tag-news","tag-senat","tag-tchaj-wan","tag-top-news","tag-top-stories","tag-udalosti-dne","tag-vlada-andreje-babise","tag-zahranicni-politika","tag-zpravy"],"share_on_mastodon":{"url":"https:\/\/pubeurope.com\/@cz\/116431238179692938","error":""},"_links":{"self":[{"href":"https:\/\/www.europesays.com\/cz\/wp-json\/wp\/v2\/posts\/59518","targetHints":{"allow":["GET"]}}],"collection":[{"href":"https:\/\/www.europesays.com\/cz\/wp-json\/wp\/v2\/posts"}],"about":[{"href":"https:\/\/www.europesays.com\/cz\/wp-json\/wp\/v2\/types\/post"}],"author":[{"embeddable":true,"href":"https:\/\/www.europesays.com\/cz\/wp-json\/wp\/v2\/users\/2"}],"replies":[{"embeddable":true,"href":"https:\/\/www.europesays.com\/cz\/wp-json\/wp\/v2\/comments?post=59518"}],"version-history":[{"count":0,"href":"https:\/\/www.europesays.com\/cz\/wp-json\/wp\/v2\/posts\/59518\/revisions"}],"wp:featuredmedia":[{"embeddable":true,"href":"https:\/\/www.europesays.com\/cz\/wp-json\/wp\/v2\/media\/57841"}],"wp:attachment":[{"href":"https:\/\/www.europesays.com\/cz\/wp-json\/wp\/v2\/media?parent=59518"}],"wp:term":[{"taxonomy":"category","embeddable":true,"href":"https:\/\/www.europesays.com\/cz\/wp-json\/wp\/v2\/categories?post=59518"},{"taxonomy":"post_tag","embeddable":true,"href":"https:\/\/www.europesays.com\/cz\/wp-json\/wp\/v2\/tags?post=59518"}],"curies":[{"name":"wp","href":"https:\/\/api.w.org\/{rel}","templated":true}]}}